{"id":15528,"date":"2025-07-10T16:43:09","date_gmt":"2025-07-10T14:43:09","guid":{"rendered":"https:\/\/elcafedepipa.com\/?p=15528"},"modified":"2025-07-10T16:43:10","modified_gmt":"2025-07-10T14:43:10","slug":"lajuntament-de-la-vall-duixo-contracta-102-persones-aturades-aquest-estiu-per-adequar-camins-rurals","status":"publish","type":"post","link":"https:\/\/elcafedepipa.com\/index.php\/2025\/07\/10\/lajuntament-de-la-vall-duixo-contracta-102-persones-aturades-aquest-estiu-per-adequar-camins-rurals\/","title":{"rendered":"L&#8217;Ajuntament de la Vall d&#8217;Uix\u00f3 contracta 102 persones aturades aquest estiu per adequar camins rurals"},"content":{"rendered":"\n<p><strong>La subvenci\u00f3 de 191.000 euros permet realitzar bacheo i formigonat de vials, neteja de marges i reparaci\u00f3 de murets<\/strong><\/p>\n\n\n\n<p>L&#8217;Ajuntament de la Vall d&#8217;Uix\u00f3 ha contractat 102 persones per fer treballs de manteniment i adequaci\u00f3 del terme municipal aquest estiu. Les mem\u00f2ries de l&#8217;atur agrari estan subvencionades amb 191.000 euros pel Govern d&#8217;Espanya, als quals se suma una aportaci\u00f3 municipal de 42.000 euros per a materials.<\/p>\n\n\n\n<p>Durant els mesos de juliol, agost i setembre, 102 persones en situaci\u00f3 d&#8217;atur milloraran un total de 40 camins rurals, en els quals en 15 es fa sotrac i en 5 formigonat. A m\u00e9s s&#8217;arreglen murets i es netegen i esbrossen els marges de les vies r\u00fastiques per facilitar tant la visibilitat a les cru\u00eflles com el pas dels vehicles.<\/p>\n\n\n\n<p>La Regidoria d&#8217;Ocupaci\u00f3 gestiona aquesta subvenci\u00f3 que executa la Regidoria de Medi Ambient i Agricultura. Aquesta col\u00b7laboraci\u00f3 entre \u00e0rees permet tenir els camins rurals en bon estat i preparar-los per a la campanya citr\u00edcola, especialment els m\u00e9s transitats i els m\u00e9s afectats per les pluges de primavera.<\/p>\n\n\n\n<p>El regidor de Medi Ambient i Agricultura, Marc Seguer, i el regidor d&#8217;Ocupaci\u00f3, Jorge Garc\u00eda, han visitat aquest mat\u00ed les actuacions que es realitzen amb aquest programa, que t\u00e9 un doble objectiu: \u201cque les vies que es fan servir per anar a les finques agr\u00edcoles estiguin en condicions\u201d i \u201cdonar feina a l&#8217;estiu a les persones que treballen al sector agrari i que pateixen la temporal\u201d.<\/p>\n\n\n\n<p>Aix\u00ed, les mem\u00f2ries de l&#8217;atur agrari tenen &#8220;un impacte social i mediambiental&#8221; i suposen &#8220;un refor\u00e7 als mesos d&#8217;estiu per arribar a m\u00e9s punts, ja que el terme municipal de la Vall \u00e9s molt gran i t\u00e9 molta extensi\u00f3&#8221;, han assenyalat. A m\u00e9s, amb la reorganitzaci\u00f3 de les quadrilles de treball i de la planificaci\u00f3 \u201cestem aconseguint bons resultats i un millor funcionament d&#8217;aquest programa\u201d.<br><\/p>\n","protected":false},"excerpt":{"rendered":"<p>La subvenci\u00f3 de 191.000 euros permet realitzar bacheo i formigonat de vials, neteja de marges i reparaci\u00f3 de murets L&#8217;Ajuntament de la Vall d&#8217;Uix\u00f3 ha contractat 102 persones per fer treballs de manteniment i adequaci\u00f3 del terme municipal aquest estiu. Les mem\u00f2ries de l&#8217;atur agrari estan subvencionades amb 191.000 euros pel Govern d&#8217;Espanya, als quals &#8230; <a title=\"L&#8217;Ajuntament de la Vall d&#8217;Uix\u00f3 contracta 102 persones aturades aquest estiu per adequar camins rurals\" class=\"read-more\" href=\"https:\/\/elcafedepipa.com\/index.php\/2025\/07\/10\/lajuntament-de-la-vall-duixo-contracta-102-persones-aturades-aquest-estiu-per-adequar-camins-rurals\/\" aria-label=\"M\u00e9s informaci\u00f3 sobre L&#8217;Ajuntament de la Vall d&#8217;Uix\u00f3 contracta 102 persones aturades aquest estiu per adequar camins rurals\">Read more<\/a><\/p>\n","protected":false},"author":2,"featured_media":15529,"comment_status":"closed","ping_status":"closed","sticky":false,"template":"","format":"standard","meta":{"om_disable_all_campaigns":false,"_monsterinsights_skip_tracking":false,"_monsterinsights_sitenote_active":false,"_monsterinsights_sitenote_note":"","_monsterinsights_sitenote_category":0,"_uf_show_specific_survey":0,"_uf_disable_surveys":false,"footnotes":""},"categories":[1],"tags":[],"class_list":["post-15528","post","type-post","status-publish","format-standard","has-post-thumbnail","hentry","category-non-classe"],"_links":{"self":[{"href":"https:\/\/elcafedepipa.com\/index.php\/wp-json\/wp\/v2\/posts\/15528","targetHints":{"allow":["GET"]}}],"collection":[{"href":"https:\/\/elcafedepipa.com\/index.php\/wp-json\/wp\/v2\/posts"}],"about":[{"href":"https:\/\/elcafedepipa.com\/index.php\/wp-json\/wp\/v2\/types\/post"}],"author":[{"embeddable":true,"href":"https:\/\/elcafedepipa.com\/index.php\/wp-json\/wp\/v2\/users\/2"}],"replies":[{"embeddable":true,"href":"https:\/\/elcafedepipa.com\/index.php\/wp-json\/wp\/v2\/comments?post=15528"}],"version-history":[{"count":1,"href":"https:\/\/elcafedepipa.com\/index.php\/wp-json\/wp\/v2\/posts\/15528\/revisions"}],"predecessor-version":[{"id":15530,"href":"https:\/\/elcafedepipa.com\/index.php\/wp-json\/wp\/v2\/posts\/15528\/revisions\/15530"}],"wp:featuredmedia":[{"embeddable":true,"href":"https:\/\/elcafedepipa.com\/index.php\/wp-json\/wp\/v2\/media\/15529"}],"wp:attachment":[{"href":"https:\/\/elcafedepipa.com\/index.php\/wp-json\/wp\/v2\/media?parent=15528"}],"wp:term":[{"taxonomy":"category","embeddable":true,"href":"https:\/\/elcafedepipa.com\/index.php\/wp-json\/wp\/v2\/categories?post=15528"},{"taxonomy":"post_tag","embeddable":true,"href":"https:\/\/elcafedepipa.com\/index.php\/wp-json\/wp\/v2\/tags?post=15528"}],"curies":[{"name":"wp","href":"https:\/\/api.w.org\/{rel}","templated":true}]}}