{"id":15505,"date":"2025-07-09T15:16:55","date_gmt":"2025-07-09T13:16:55","guid":{"rendered":"https:\/\/elcafedepipa.com\/?p=15505"},"modified":"2025-07-09T15:16:56","modified_gmt":"2025-07-09T13:16:56","slug":"nules-convoca-un-corcurs-de-disseny-del-cartell-anunciador-de-la-seua-fira-agricola","status":"publish","type":"post","link":"https:\/\/elcafedepipa.com\/index.php\/2025\/07\/09\/nules-convoca-un-corcurs-de-disseny-del-cartell-anunciador-de-la-seua-fira-agricola\/","title":{"rendered":"Nules convoca un corcurs de disseny del cartell anunciador de la seua fira agr\u00edcola"},"content":{"rendered":"\n<p><strong>El termini per a presentar treballs finalitza el 14 de juliol i la persona guanyadora rebr\u00e0 un premi de 300 euros<\/strong><\/p>\n\n\n\n<p>Nules convoca un concurs de disseny del cartell anunciador de la LXXVIII Fira de Ramaderia i Maquin\u00e0ria Agr\u00edcola que tindr\u00e0 lloc els dies del 18 al 21 de setembre, de manera que des de la regidoria d\u2019Agricultura es vol aix\u00ed donar visibilitat a aquesta fira que l\u2019any 2021 va ser declarada per la Generalitat Valenciana &nbsp;Festa d\u2019Inter\u00e9s Tur\u00edstic Auton\u00f2mic.<\/p>\n\n\n\n<p>En aquest sentit, s\u2019atorgar\u00e0 un \u00fanic premi de 300 euros, i les persones interessades poden presentar treballs fins el dia 14 de juliol, presencialment pel registre d\u2019entrada de l\u2019Ajuntament de Nules fins a les 14.00 hores o per la seu electr\u00f2nica <a href=\"http:\/\/www.nules.org\">www.nules.org<\/a> fins a les 23.59 hores.<\/p>\n\n\n\n<p>Aix\u00ed doncs, el cartell haur\u00e0 d\u2019adoptar la forma vertical amb un format d\u2019A3 en el qual figure de forma llegible i rellevant LXXVIII <em>Fira de Ramaderia i Maquin\u00e0ria Agr\u00edcola de Nules del 18 al 21 de setembre de 2025 La Fira de Nules des de 1347 Festa d\u2019Inter\u00e9s Tur\u00edstic Auton\u00f2mic<\/em>. A m\u00e9s, el disseny gr\u00e0fic dels treballs haur\u00e0 de contemplar aspectes relacionats amb la tem\u00e0tica de la fira com ara l\u2019agricultura, la ramaderia i la maquin\u00e0ria agr\u00edcola.<\/p>\n\n\n\n<p>Al respecte, el regidor d\u2019Agricultura, C\u00e9sar Esta\u00f1ol, explica que \u201camb aquest concurs els membres de la comissi\u00f3 de la fira volen posar en valor la traject\u00f2ria de la fira agr\u00edcola tan arrelada a la nostra poblaci\u00f3, aix\u00ed el jurat tindr\u00e0 en compte no sols la qualitat art\u00edstica tamb\u00e9 l\u2019originalitat, el valor patrimonial, i en especial, la representativitat i la posada en valor de la fira de Nules, concedida al nostre municipi l\u2019any 1347\u201d.<\/p>\n\n\n\n<p>Igual que en edicions anteriors, la fira comptar\u00e0 amb un ampli programa d\u2019activitats i d\u2019actes que inclour\u00e0 l\u2019exposici\u00f3 al p\u00fablic dels cartells originals presentats i admesos en aquest concurs. Cal assenyalar que, les bases es troben publicades al web de l\u2019Ajuntament de Nules <a href=\"http:\/\/www.nules.org\">www.nules.org<\/a> i al tauler d\u2019anuncis a la seu electr\u00f2nica <a href=\"https:\/\/nules.sedelectronica.es\">https:\/\/nules.sedelectronica.es<\/a>&nbsp;<\/p>\n","protected":false},"excerpt":{"rendered":"<p>El termini per a presentar treballs finalitza el 14 de juliol i la persona guanyadora rebr\u00e0 un premi de 300 euros Nules convoca un concurs de disseny del cartell anunciador de la LXXVIII Fira de Ramaderia i Maquin\u00e0ria Agr\u00edcola que tindr\u00e0 lloc els dies del 18 al 21 de setembre, de manera que des de &#8230; <a title=\"Nules convoca un corcurs de disseny del cartell anunciador de la seua fira agr\u00edcola\" class=\"read-more\" href=\"https:\/\/elcafedepipa.com\/index.php\/2025\/07\/09\/nules-convoca-un-corcurs-de-disseny-del-cartell-anunciador-de-la-seua-fira-agricola\/\" aria-label=\"M\u00e9s informaci\u00f3 sobre Nules convoca un corcurs de disseny del cartell anunciador de la seua fira agr\u00edcola\">Read more<\/a><\/p>\n","protected":false},"author":2,"featured_media":15506,"comment_status":"closed","ping_status":"closed","sticky":false,"template":"","format":"standard","meta":{"om_disable_all_campaigns":false,"_monsterinsights_skip_tracking":false,"_monsterinsights_sitenote_active":false,"_monsterinsights_sitenote_note":"","_monsterinsights_sitenote_category":0,"_uf_show_specific_survey":0,"_uf_disable_surveys":false,"footnotes":""},"categories":[3],"tags":[],"class_list":["post-15505","post","type-post","status-publish","format-standard","has-post-thumbnail","hentry","category-nules"],"_links":{"self":[{"href":"https:\/\/elcafedepipa.com\/index.php\/wp-json\/wp\/v2\/posts\/15505","targetHints":{"allow":["GET"]}}],"collection":[{"href":"https:\/\/elcafedepipa.com\/index.php\/wp-json\/wp\/v2\/posts"}],"about":[{"href":"https:\/\/elcafedepipa.com\/index.php\/wp-json\/wp\/v2\/types\/post"}],"author":[{"embeddable":true,"href":"https:\/\/elcafedepipa.com\/index.php\/wp-json\/wp\/v2\/users\/2"}],"replies":[{"embeddable":true,"href":"https:\/\/elcafedepipa.com\/index.php\/wp-json\/wp\/v2\/comments?post=15505"}],"version-history":[{"count":1,"href":"https:\/\/elcafedepipa.com\/index.php\/wp-json\/wp\/v2\/posts\/15505\/revisions"}],"predecessor-version":[{"id":15507,"href":"https:\/\/elcafedepipa.com\/index.php\/wp-json\/wp\/v2\/posts\/15505\/revisions\/15507"}],"wp:featuredmedia":[{"embeddable":true,"href":"https:\/\/elcafedepipa.com\/index.php\/wp-json\/wp\/v2\/media\/15506"}],"wp:attachment":[{"href":"https:\/\/elcafedepipa.com\/index.php\/wp-json\/wp\/v2\/media?parent=15505"}],"wp:term":[{"taxonomy":"category","embeddable":true,"href":"https:\/\/elcafedepipa.com\/index.php\/wp-json\/wp\/v2\/categories?post=15505"},{"taxonomy":"post_tag","embeddable":true,"href":"https:\/\/elcafedepipa.com\/index.php\/wp-json\/wp\/v2\/tags?post=15505"}],"curies":[{"name":"wp","href":"https:\/\/api.w.org\/{rel}","templated":true}]}}