{"id":15496,"date":"2025-07-09T14:01:29","date_gmt":"2025-07-09T12:01:29","guid":{"rendered":"https:\/\/elcafedepipa.com\/?p=15496"},"modified":"2025-07-09T14:01:29","modified_gmt":"2025-07-09T12:01:29","slug":"les-pluges-fortes-sestenen-pel-sud-de-castello-i-deixen-mes-de-80-l-m2-a-almenara-les-ultimes-quatre-hores-shan-acumulat-438-litres-a-la-llosa-332-a-xilxes-o-246-a-almassora","status":"publish","type":"post","link":"https:\/\/elcafedepipa.com\/index.php\/2025\/07\/09\/les-pluges-fortes-sestenen-pel-sud-de-castello-i-deixen-mes-de-80-l-m2-a-almenara-les-ultimes-quatre-hores-shan-acumulat-438-litres-a-la-llosa-332-a-xilxes-o-246-a-almassora\/","title":{"rendered":"Les pluges fortes s&#8217;estenen pel sud de Castell\u00f3 i deixen m\u00e9s de 80 l\/m2 a Almenara. Les \u00faltimes quatre hores, s&#8217;han acumulat 43,8 litres a La Llosa, 33,2 a Xilxes o 24,6 a Almassora"},"content":{"rendered":"\n<p>CASTELL\u00d3 (EFE). La Plana Baixa, al litoral sud de la prov\u00edncia de Castell\u00f3, ha registrat una tempesta d&#8217;intensitat forta al comen\u00e7ament d&#8217;aquest dimecres i pluges acumulades de fins a 62 litres per metre quadrat a Almenara, mentre que a la comarca valenciana del Camp de Morvedre s&#8217;han produ\u00eft pluges disperses. A la zona litoral sud de Castell\u00f3 continua plovent per\u00f2 amb menys intensitat i en forma de ruixats discontinus, i aquest nucli de tempestes es va endinsant al mar, segons ha informat l&#8217;Ag\u00e8ncia Estatal de Meteorologia (Aemet).<\/p>\n\n\n\n<p>Les precipitacions han deixat 81 l\/m2 acumulats fins ara a Almenara (Castell\u00f3) i m\u00e9s de 50 litres a Faura (Val\u00e8ncia), segons els registres d&#8217;Aemet. En les \u00faltimes quatre hores, s&#8217;han acumulat xifres superiors als 43,8 litres a La Llosa, 33,2 a Xilxes, 24,6 a Almassora, 18 a la Vall d&#8217;Uix\u00f3, 17,8 a Cabanes, 15 a Borriana i 12,8 a Moncofa, segons les dades de la Associaci\u00f3 Generalitat.<\/p>\n\n\n\n<p>Tamb\u00e9 s&#8217;han comptabilitzat 54,6 litres a Quartell, 24,8 a Segart, 13 a G\u00e1tova, 8 a Serra, 6,9 a Marines i 6,2 a Sagunt. De moment, els Consorcis de Bombers de Castell\u00f3 i Val\u00e8ncia no han rebut incid\u00e8ncies relacionades amb l&#8217;episodi de pluges i tempestes. Des d&#8217;aquests organismes aconsellen tenir precauci\u00f3 durant aquest dimecres.<\/p>\n\n\n\n<p><strong>Av\u00eds taronja<\/strong><br>Aemet ha establert avui al mat\u00ed l&#8217;av\u00eds taronja per risc important al litoral sud de Castell\u00f3 per precipitaci\u00f3 acumulada en una hora de 40 litres per metre quadrat acompanyada d&#8217;activitat el\u00e8ctrica. S&#8217;ha decretat l&#8217;av\u00eds groc per risc de pluges de fins a 30 litres en una hora amb activitat el\u00e8ctrica al litoral nord de Castell\u00f3, de fins a 20 litres a l&#8217;interior nord i sud d&#8217;aquesta prov\u00edncia que poden anar acompanyades de calamarsa i ratxes molt fortes de vent.<\/p>\n\n\n\n<p>A Rodalies Val\u00e8ncia es produeixen retards mitjans de 30 minuts a la l\u00ednia C-6 i es poden produir detencions entre les estacions d&#8217;Almenara i Monc\u00f3far despr\u00e9s d&#8217;una avaria d&#8217;infraestructura, ja solucionada, provocada per meteorologia adversa, segons fonts de Renfe. Aix\u00ed mateix, s&#8217;ha recuperat la circulaci\u00f3 per les dues vies entre Vila-real i Castell\u00f3 derivada d&#8217;aquesta avaria<\/p>\n\n\n\n<p><\/p>\n","protected":false},"excerpt":{"rendered":"<p>CASTELL\u00d3 (EFE). La Plana Baixa, al litoral sud de la prov\u00edncia de Castell\u00f3, ha registrat una tempesta d&#8217;intensitat forta al comen\u00e7ament d&#8217;aquest dimecres i pluges acumulades de fins a 62 litres per metre quadrat a Almenara, mentre que a la comarca valenciana del Camp de Morvedre s&#8217;han produ\u00eft pluges disperses. A la zona litoral sud &#8230; <a title=\"Les pluges fortes s&#8217;estenen pel sud de Castell\u00f3 i deixen m\u00e9s de 80 l\/m2 a Almenara. Les \u00faltimes quatre hores, s&#8217;han acumulat 43,8 litres a La Llosa, 33,2 a Xilxes o 24,6 a Almassora\" class=\"read-more\" href=\"https:\/\/elcafedepipa.com\/index.php\/2025\/07\/09\/les-pluges-fortes-sestenen-pel-sud-de-castello-i-deixen-mes-de-80-l-m2-a-almenara-les-ultimes-quatre-hores-shan-acumulat-438-litres-a-la-llosa-332-a-xilxes-o-246-a-almassora\/\" aria-label=\"M\u00e9s informaci\u00f3 sobre Les pluges fortes s&#8217;estenen pel sud de Castell\u00f3 i deixen m\u00e9s de 80 l\/m2 a Almenara. Les \u00faltimes quatre hores, s&#8217;han acumulat 43,8 litres a La Llosa, 33,2 a Xilxes o 24,6 a Almassora\">Read more<\/a><\/p>\n","protected":false},"author":2,"featured_media":15497,"comment_status":"closed","ping_status":"closed","sticky":false,"template":"","format":"standard","meta":{"om_disable_all_campaigns":false,"_monsterinsights_skip_tracking":false,"_monsterinsights_sitenote_active":false,"_monsterinsights_sitenote_note":"","_monsterinsights_sitenote_category":0,"_uf_show_specific_survey":0,"_uf_disable_surveys":false,"footnotes":""},"categories":[1],"tags":[],"class_list":["post-15496","post","type-post","status-publish","format-standard","has-post-thumbnail","hentry","category-non-classe"],"_links":{"self":[{"href":"https:\/\/elcafedepipa.com\/index.php\/wp-json\/wp\/v2\/posts\/15496","targetHints":{"allow":["GET"]}}],"collection":[{"href":"https:\/\/elcafedepipa.com\/index.php\/wp-json\/wp\/v2\/posts"}],"about":[{"href":"https:\/\/elcafedepipa.com\/index.php\/wp-json\/wp\/v2\/types\/post"}],"author":[{"embeddable":true,"href":"https:\/\/elcafedepipa.com\/index.php\/wp-json\/wp\/v2\/users\/2"}],"replies":[{"embeddable":true,"href":"https:\/\/elcafedepipa.com\/index.php\/wp-json\/wp\/v2\/comments?post=15496"}],"version-history":[{"count":2,"href":"https:\/\/elcafedepipa.com\/index.php\/wp-json\/wp\/v2\/posts\/15496\/revisions"}],"predecessor-version":[{"id":15500,"href":"https:\/\/elcafedepipa.com\/index.php\/wp-json\/wp\/v2\/posts\/15496\/revisions\/15500"}],"wp:featuredmedia":[{"embeddable":true,"href":"https:\/\/elcafedepipa.com\/index.php\/wp-json\/wp\/v2\/media\/15497"}],"wp:attachment":[{"href":"https:\/\/elcafedepipa.com\/index.php\/wp-json\/wp\/v2\/media?parent=15496"}],"wp:term":[{"taxonomy":"category","embeddable":true,"href":"https:\/\/elcafedepipa.com\/index.php\/wp-json\/wp\/v2\/categories?post=15496"},{"taxonomy":"post_tag","embeddable":true,"href":"https:\/\/elcafedepipa.com\/index.php\/wp-json\/wp\/v2\/tags?post=15496"}],"curies":[{"name":"wp","href":"https:\/\/api.w.org\/{rel}","templated":true}]}}