{"id":15493,"date":"2025-07-09T13:55:07","date_gmt":"2025-07-09T11:55:07","guid":{"rendered":"https:\/\/elcafedepipa.com\/?p=15493"},"modified":"2025-07-09T13:55:07","modified_gmt":"2025-07-09T11:55:07","slug":"el-pspv-psoe-reclama-mes-mitjans-per-a-fer-front-a-un-estiu-de-risc-extrem-dincendis-agreujat-per-una-generalitat-i-diputacio-que-han-deixat-castello-totalment-indefensa","status":"publish","type":"post","link":"https:\/\/elcafedepipa.com\/index.php\/2025\/07\/09\/el-pspv-psoe-reclama-mes-mitjans-per-a-fer-front-a-un-estiu-de-risc-extrem-dincendis-agreujat-per-una-generalitat-i-diputacio-que-han-deixat-castello-totalment-indefensa\/","title":{"rendered":"El PSPV-PSOE reclama m\u00e9s mitjans per a fer front a un estiu de risc extrem d\u2019incendis agreujat per una Generalitat i Diputaci\u00f3 que \u201chan deixat Castell\u00f3 totalment indefensa&#8221;."},"content":{"rendered":"\n<p><br>El PSPV-PSOE de la prov\u00edncia de Castell\u00f3 reclama m\u00e9s mitjans materials i humans per a fer front a una campanya d\u2019incendis que es preveu \u201cencara m\u00e9s t\u00f2rrida i perillosa de l\u2019habitual\u201d per les condicions clim\u00e0tiques i la pol\u00edtica de retallades en prevenci\u00f3 del govern de Maz\u00f3n \u201csegrestat per VOX\u201d. La diputada provincial Maria Jim\u00e9nez adverteix que \u201cl\u2019hivern i la primavera an\u00f2malament plujosos han fet cr\u00e9ixer de forma descontrolada el sotabosc, que \u00e9s tota la vegetaci\u00f3 baixa, i que amb la calor extrema s\u2019asseca i es converteix en combustible f\u00e0cil\u201d.<\/p>\n\n\n\n<p>Jim\u00e9nez assenyala que \u201cla Generalitat i la Diputaci\u00f3 han deixat la prov\u00edncia indefensa\u201d i insta ambdues institucions a refor\u00e7ar els equips de prevenci\u00f3 i extinci\u00f3 i a revertir les pol\u00edtiques negacionistes de VOX \u201cque han deixat els recursos per a prevenci\u00f3 en res\u201d. \u201cNo estan anant pel bon cam\u00ed. En el que portem de legislatura, lluny d\u2019intensificar les tasques de prevenci\u00f3, han amputat 18 milions d\u2019euros del pressupostos contra incendis, incloent una retallada del 40% en les ajudes de Labora per a la contractaci\u00f3 de personal que netege camins i termes municipals\u201d. \u201c\u00c9s una retallada incomprensible que ens aboca a una tempesta perfecta si combinem la pres\u00e8ncia de vegetaci\u00f3 seca, arbres morts, les altes temperatures i la inacci\u00f3 de Maz\u00f3n i el PP\u201d, alerta.<\/p>\n\n\n\n<p>\u201cQui sembra retallades, arreplega cendres, deien els bombers en les seues concentracions contra les retallades de la Generalitat i de ra\u00f3 no els en falta. Cal creure\u2019s el problema, que el canvi clim\u00e0tic \u00e9s real i que cal anticipar-se tenint en compte que el per\u00edode de perillositat ja no es limita als tres mesos d\u2019estiu, sin\u00f3 que s\u2019est\u00e9n pr\u00e0cticament de mar\u00e7 a novembre\u201d.<\/p>\n\n\n\n<p>El PSPV tamb\u00e9 retreu al PP que haja tallat recursos a la gent del camp i que haja suprimit programes per a reactivar l\u2019activitat econ\u00f2mica en l\u2019entorn natural, \u201cdeixant de costat els qui millor mantenien la muntanya\u201d. \u201cPerqu\u00e8 a\u00e7\u00f2 no \u00e9s nom\u00e9s q\u00fcesti\u00f3 d\u2019incrementar els recursos dels bombers, sin\u00f3 tamb\u00e9 d\u2019implicar la societat\u201d.<\/p>\n\n\n\n<p>Per \u00faltim, Maria Jim\u00e9nez afirma que \u201cno podem continuar amb un govern negacionista que fa com si el canvi clim\u00e0tic no existira i es limite a creuar els dits perqu\u00e8 no hi haja incendis a l\u2019estiu ni pluges torrencials a la tardor\u201d i demana \u201cque es destinen ja els recursos necessaris per a garantir la seguretat de la ciutadania i la protecci\u00f3 del patrimoni natural\u201d.<\/p>\n\n\n\n<p><\/p>\n","protected":false},"excerpt":{"rendered":"<p>El PSPV-PSOE de la prov\u00edncia de Castell\u00f3 reclama m\u00e9s mitjans materials i humans per a fer front a una campanya d\u2019incendis que es preveu \u201cencara m\u00e9s t\u00f2rrida i perillosa de l\u2019habitual\u201d per les condicions clim\u00e0tiques i la pol\u00edtica de retallades en prevenci\u00f3 del govern de Maz\u00f3n \u201csegrestat per VOX\u201d. La diputada provincial Maria Jim\u00e9nez adverteix &#8230; <a title=\"El PSPV-PSOE reclama m\u00e9s mitjans per a fer front a un estiu de risc extrem d\u2019incendis agreujat per una Generalitat i Diputaci\u00f3 que \u201chan deixat Castell\u00f3 totalment indefensa&#8221;.\" class=\"read-more\" href=\"https:\/\/elcafedepipa.com\/index.php\/2025\/07\/09\/el-pspv-psoe-reclama-mes-mitjans-per-a-fer-front-a-un-estiu-de-risc-extrem-dincendis-agreujat-per-una-generalitat-i-diputacio-que-han-deixat-castello-totalment-indefensa\/\" aria-label=\"M\u00e9s informaci\u00f3 sobre El PSPV-PSOE reclama m\u00e9s mitjans per a fer front a un estiu de risc extrem d\u2019incendis agreujat per una Generalitat i Diputaci\u00f3 que \u201chan deixat Castell\u00f3 totalment indefensa&#8221;.\">Read more<\/a><\/p>\n","protected":false},"author":2,"featured_media":15494,"comment_status":"closed","ping_status":"closed","sticky":false,"template":"","format":"standard","meta":{"om_disable_all_campaigns":false,"_monsterinsights_skip_tracking":false,"_monsterinsights_sitenote_active":false,"_monsterinsights_sitenote_note":"","_monsterinsights_sitenote_category":0,"_uf_show_specific_survey":0,"_uf_disable_surveys":false,"footnotes":""},"categories":[10],"tags":[],"class_list":["post-15493","post","type-post","status-publish","format-standard","has-post-thumbnail","hentry","category-provinciadecastello"],"_links":{"self":[{"href":"https:\/\/elcafedepipa.com\/index.php\/wp-json\/wp\/v2\/posts\/15493","targetHints":{"allow":["GET"]}}],"collection":[{"href":"https:\/\/elcafedepipa.com\/index.php\/wp-json\/wp\/v2\/posts"}],"about":[{"href":"https:\/\/elcafedepipa.com\/index.php\/wp-json\/wp\/v2\/types\/post"}],"author":[{"embeddable":true,"href":"https:\/\/elcafedepipa.com\/index.php\/wp-json\/wp\/v2\/users\/2"}],"replies":[{"embeddable":true,"href":"https:\/\/elcafedepipa.com\/index.php\/wp-json\/wp\/v2\/comments?post=15493"}],"version-history":[{"count":1,"href":"https:\/\/elcafedepipa.com\/index.php\/wp-json\/wp\/v2\/posts\/15493\/revisions"}],"predecessor-version":[{"id":15495,"href":"https:\/\/elcafedepipa.com\/index.php\/wp-json\/wp\/v2\/posts\/15493\/revisions\/15495"}],"wp:featuredmedia":[{"embeddable":true,"href":"https:\/\/elcafedepipa.com\/index.php\/wp-json\/wp\/v2\/media\/15494"}],"wp:attachment":[{"href":"https:\/\/elcafedepipa.com\/index.php\/wp-json\/wp\/v2\/media?parent=15493"}],"wp:term":[{"taxonomy":"category","embeddable":true,"href":"https:\/\/elcafedepipa.com\/index.php\/wp-json\/wp\/v2\/categories?post=15493"},{"taxonomy":"post_tag","embeddable":true,"href":"https:\/\/elcafedepipa.com\/index.php\/wp-json\/wp\/v2\/tags?post=15493"}],"curies":[{"name":"wp","href":"https:\/\/api.w.org\/{rel}","templated":true}]}}