{"id":15490,"date":"2025-07-09T13:33:36","date_gmt":"2025-07-09T11:33:36","guid":{"rendered":"https:\/\/elcafedepipa.com\/?p=15490"},"modified":"2025-07-09T13:33:37","modified_gmt":"2025-07-09T11:33:37","slug":"lude-preparada-per-a-la-nova-temporada-els-blanc-i-blaus-tenen-gairebe-tancat-el-planter-amb-13-cares-noves","status":"publish","type":"post","link":"https:\/\/elcafedepipa.com\/index.php\/2025\/07\/09\/lude-preparada-per-a-la-nova-temporada-els-blanc-i-blaus-tenen-gairebe-tancat-el-planter-amb-13-cares-noves\/","title":{"rendered":"L&#8217;UDE preparada per a la nova temporada. Els blanc-i-blaus tenen gaireb\u00e9 tancat el planter amb 13 cares noves"},"content":{"rendered":"\n<p>Despr\u00e9s de 22 temporades de periple per categoria regional, la U.D. Vall d&#8217;Ux\u00f3 va tornar l&#8217;any passat a competir a Tercera RFEF i la temporada de tornada es va saldar amb un bagatge molt positiu ja que l&#8217;objectiu marcat es va complir amb escreix.<br>Fou una molt bona temporada on la UDE va \u200b\u200bcompetir a un alt\u00edssim nivell l&#8217;any del seu &#8216;debut&#8217; a la categoria nacional. El Jos\u00e9 Mangri\u00f1\u00e1n va tornar a ser un fort\u00ed que li va nodrir de punts el caseller als blanc-i-blaus perqu\u00e8 faltant cinc jornades tingueren la perman\u00e8ncia assegurada en la categoria, arribant a l&#8217;\u00faltim parit amb possibilitats matem\u00e0tiques de poder disputar la Promoci\u00f3 d&#8217;Ascens a Segona RFEF.<\/p>\n\n\n\n<p><br>Al Pol\u00edgon de la Vernitxa saben que repetir els n\u00fameros de la temporada passada ser\u00e0 complicat, per\u00f2 ja fa temps que estan mans a l&#8217;obra planificant el curs que ve amb una important reestructuraci\u00f3 de la plantilla per tornar a il\u00b7lusionar la seua gent amb un gran any. Per tercera temporada <strong>Jos\u00e9 Manuel Descalzo<\/strong> estar\u00e0 al comandament de l&#8217;equip tant a la direcci\u00f3 t\u00e8cnica com a la planificaci\u00f3 del mateix.<\/p>\n\n\n\n<p><br>Deu s\u00f3n els jugadors que han renovat: el porter i capit\u00e0 <strong>David Mart\u00ednez <\/strong>que complir\u00e0 la seua catorzena temporada al club. Un altre dels veterans que es queda \u00e9s <strong>Amine<\/strong> que va pel seu sis\u00e8 any al club. Un dels MVP de la campanya passada,<strong> A\u00f1\u00f3<\/strong> sumar\u00e0 el seu cinqu\u00e8 curs. El m\u00edtic <strong>Ximo Forner<\/strong> afrontaran la seva quarta temporada a la UDE, mentre que <strong>Luismi, Megina, Burri <\/strong>i<strong> Pi\u00f1a<\/strong> repetiran de l&#8217;any anterior vestint per tercera temporada l&#8217;el\u00e0stica blanc-i-blava. Els joves <strong>Sergio Soler<\/strong> i <strong>Diego Casta\u00f1o<\/strong> tanquen el cap\u00edtol de renovacions confirmant la segona temporada al Club per a tots dos jugadors.<\/p>\n\n\n\n<p><br>Tretze s\u00f3n les cares noves amb qu\u00e8 compta fins hui la U.D. Vall de Ux\u00f3 per fer front a l&#8217;exigent nou curs a Tercera RFEF.<br>Els fitxatges de la UDE, s\u00f3n: l&#8217;experimentat porter <strong>Rafa Soriano<\/strong> (SD Formentera) dos experimentats centrals <strong>Ricardo Ca\u00f1ada<\/strong> (CD Soneja) i <strong>Borja Vicent<\/strong> (Atco Saguntino). Arriben dos prometedors jugadors per al carril esquerre: <strong>V\u00edctor Pacheco<\/strong> (CD L\u2019Alcora) i <strong>Hugo Monta\u00f1ana <\/strong>(Atco Saguntino). La l\u00ednia defensiva s&#8217;apuntala amb la incorporaci\u00f3 del jove lateral dret <strong>Carlos Tendero<\/strong> (CD Castell\u00f3 \u201cB\u201d).<br>Per a la l\u00ednia medul\u00b7lar s&#8217;incorporen els malabaristes del bal\u00f3 <strong>Gonzalo Gim\u00e9nez<\/strong> (CD Ceuta \u201cB\u201d), <strong>Iv\u00e1n Dom\u00ednguez <\/strong>(CD Acero) i <strong>Alejandro Fuentes <\/strong>(CD Soneja). Arriba a la UDE l&#8217;interior ambidestre <strong>Iv\u00e1n Garc\u00eda <\/strong>(Ontinyent 1931 CF) i els davanters: <strong>Ayman Rajouani<\/strong> (CD Valdepe\u00f1as), <strong>Adri\u00e1n Dom\u00ednguez<\/strong> (CD Soneja) i<strong> Fernan Vi\u00f1aspre<\/strong> (Atzeneta UE).<\/p>\n\n\n\n<p>La pretemporada comen\u00e7ar\u00e0 dimecres dia 23 de juliol i tamb\u00e9 estan tancats els partits de pretemporada, que seran 9; tres a domicili i sis a l&#8217;Estadi Jos\u00e9 Mangri\u00f1\u00e1n.<br>La UDE jugar\u00e0 les bitlles estiuenques, davant dos rivals de Segona RFEF, cinc de Tercera RFEF, dos equips de Lliga Comunitat i un Juvenil de Divisi\u00f3 d&#8217;Honor.<\/p>\n\n\n\n<p><strong>-CALENDARI DE PRETEMPORADA-<\/strong><br>Divendres 1\/08. UD Vall d&#8217;Ux\u00f3 \u2013 CD Utiel (Jos\u00e9 Mangri\u00f1\u00e1n)<br>Dimecres 6\/08. Juvenil \u201cA\u201d Alboraia &#8211; UD Vall d&#8217;Ux\u00f3 (Municipal d&#8217;Alboraia)<br>Divendres 8\/08. UD Vall d&#8217;Ux\u00f3 &#8211; CFA Quart de les Valls (Jos\u00e9 Mangri\u00f1\u00e1n)<br>Dimarts 12\/08. UD Vall d&#8217;Ux\u00f3 \u2013 UD Alzira (Jos\u00e9 Mangri\u00f1\u00e1n)<br>Dijous 14\/08. CD Acero &#8211; UD Vall d&#8217;Ux\u00f3 (El Forn\u00e0s)<br>Dimecres 20\/08. UD Vall d&#8217;Ux\u00f3 \u2013 Torrent CF (Jos\u00e9 Mangri\u00f1\u00e1n)<br>Dissabte 23\/08. UD Vall d&#8217;Ux\u00f3 \u2013 CD Castell\u00f3 \u201cB\u201d (Jos\u00e9 Mangri\u00f1\u00e1n)<br>Dimecres 27\/08. UD Vall d&#8217;Ux\u00f3 \u2013 CD Roda (Jos\u00e9 Mangri\u00f1\u00e1n)<br>Dissabte 30\/08. CD Soneja &#8211; UD Vall d&#8217;Ux\u00f3 (L&#8217;Arc)<\/p>\n\n\n\n<p>La U.D. Vall d&#8217;Ux\u00f3 comen\u00e7ar\u00e0 la nova aventura a Tercera RFEF el cap de setmana del 6 i 7 de setembre. Es respira optimisme i es palpa la il\u00b7lusi\u00f3 entre els aficionats amb vista a aquesta temporada 2025\/2026.<br>L&#8217;objectiu del club \u00e9s n\u00edtid i ben clar, 40 punts o els que es necessitin per certificar la perman\u00e8ncia matem\u00e0tica a la categoria i una vegada aquest objectiu aconseguit, a lluitar per cotes majors com ja pass\u00e9s l&#8217;any passat.<br><\/p>\n","protected":false},"excerpt":{"rendered":"<p>Despr\u00e9s de 22 temporades de periple per categoria regional, la U.D. Vall d&#8217;Ux\u00f3 va tornar l&#8217;any passat a competir a Tercera RFEF i la temporada de tornada es va saldar amb un bagatge molt positiu ja que l&#8217;objectiu marcat es va complir amb escreix.Fou una molt bona temporada on la UDE va \u200b\u200bcompetir a un &#8230; <a title=\"L&#8217;UDE preparada per a la nova temporada. Els blanc-i-blaus tenen gaireb\u00e9 tancat el planter amb 13 cares noves\" class=\"read-more\" href=\"https:\/\/elcafedepipa.com\/index.php\/2025\/07\/09\/lude-preparada-per-a-la-nova-temporada-els-blanc-i-blaus-tenen-gairebe-tancat-el-planter-amb-13-cares-noves\/\" aria-label=\"M\u00e9s informaci\u00f3 sobre L&#8217;UDE preparada per a la nova temporada. Els blanc-i-blaus tenen gaireb\u00e9 tancat el planter amb 13 cares noves\">Read more<\/a><\/p>\n","protected":false},"author":2,"featured_media":15491,"comment_status":"closed","ping_status":"closed","sticky":false,"template":"","format":"standard","meta":{"om_disable_all_campaigns":false,"_monsterinsights_skip_tracking":false,"_monsterinsights_sitenote_active":false,"_monsterinsights_sitenote_note":"","_monsterinsights_sitenote_category":0,"_uf_show_specific_survey":0,"_uf_disable_surveys":false,"footnotes":""},"categories":[1],"tags":[],"class_list":["post-15490","post","type-post","status-publish","format-standard","has-post-thumbnail","hentry","category-non-classe"],"_links":{"self":[{"href":"https:\/\/elcafedepipa.com\/index.php\/wp-json\/wp\/v2\/posts\/15490","targetHints":{"allow":["GET"]}}],"collection":[{"href":"https:\/\/elcafedepipa.com\/index.php\/wp-json\/wp\/v2\/posts"}],"about":[{"href":"https:\/\/elcafedepipa.com\/index.php\/wp-json\/wp\/v2\/types\/post"}],"author":[{"embeddable":true,"href":"https:\/\/elcafedepipa.com\/index.php\/wp-json\/wp\/v2\/users\/2"}],"replies":[{"embeddable":true,"href":"https:\/\/elcafedepipa.com\/index.php\/wp-json\/wp\/v2\/comments?post=15490"}],"version-history":[{"count":1,"href":"https:\/\/elcafedepipa.com\/index.php\/wp-json\/wp\/v2\/posts\/15490\/revisions"}],"predecessor-version":[{"id":15492,"href":"https:\/\/elcafedepipa.com\/index.php\/wp-json\/wp\/v2\/posts\/15490\/revisions\/15492"}],"wp:featuredmedia":[{"embeddable":true,"href":"https:\/\/elcafedepipa.com\/index.php\/wp-json\/wp\/v2\/media\/15491"}],"wp:attachment":[{"href":"https:\/\/elcafedepipa.com\/index.php\/wp-json\/wp\/v2\/media?parent=15490"}],"wp:term":[{"taxonomy":"category","embeddable":true,"href":"https:\/\/elcafedepipa.com\/index.php\/wp-json\/wp\/v2\/categories?post=15490"},{"taxonomy":"post_tag","embeddable":true,"href":"https:\/\/elcafedepipa.com\/index.php\/wp-json\/wp\/v2\/tags?post=15490"}],"curies":[{"name":"wp","href":"https:\/\/api.w.org\/{rel}","templated":true}]}}