{"id":15486,"date":"2025-07-09T12:52:10","date_gmt":"2025-07-09T10:52:10","guid":{"rendered":"https:\/\/elcafedepipa.com\/?p=15486"},"modified":"2025-07-09T12:52:29","modified_gmt":"2025-07-09T10:52:29","slug":"lajuntament-de-la-vall-duixo-denuncia-que-la-generalitat-ha-retallat-els-ajuts-per-millorar-poligons-un-75","status":"publish","type":"post","link":"https:\/\/elcafedepipa.com\/index.php\/2025\/07\/09\/lajuntament-de-la-vall-duixo-denuncia-que-la-generalitat-ha-retallat-els-ajuts-per-millorar-poligons-un-75\/","title":{"rendered":"L&#8217;Ajuntament de la Vall d&#8217;Uix\u00f3 denuncia que la Generalitat ha retallat les ajudes per millorar pol\u00edgons un 75%"},"content":{"rendered":"\n<p><strong>La darrera convocat\u00f2ria \u00e9s bianual i redueix la inversi\u00f3 que es realitzar\u00e0 a les \u00e0rees industrials Belcaire i Mesquita<\/strong><\/p>\n\n\n\n<p>L&#8217;Ajuntament de la Vall d&#8217;Uix\u00f3 ha aprovat per unanimitat la sol\u00b7licitud de les ajudes de l&#8217;IVACE 2025-2026 per millorar els pol\u00edgons industrials Belcaire i Mesquita, amb una inversi\u00f3 total de 940.000 euros. El regidor d&#8217;Ind\u00fastria i Economia, Jorge Garc\u00eda, ha denunciat &#8220;les retallades&#8221; de Maz\u00f3n i el PP a aquests projectes, ja que aquestes subvencions &#8220;en el cas de la nostra ciutat s&#8217;han redu\u00eft un 75% del que reb\u00edem&#8221;.<\/p>\n\n\n\n<p>Fins a aquesta convocat\u00f2ria es podia sol\u00b7licitar fins a un mili\u00f3 deuros anual per pol\u00edgon amb EGM constitu\u00efda. A la darrera edici\u00f3 el m\u00e0xim \u00e9s de 500.000 euros en dos anys; \u00e9s a dir, 250.000 euros anuals. &#8220;No entenem aquesta reducci\u00f3, ni el canvi de criteri, ni l\u00b4abandonament d\u00b4un sector que crea ocupaci\u00f3 i riquesa com \u00e9s la ind\u00fastria&#8221;, ha valorat Garc\u00eda. Per aix\u00f2, l&#8217;equip de govern presentar\u00e0 una moci\u00f3 al proper ple \u201cper reivindicar i exigir a la Generalitat Valenciana que mantingui les inversions a les \u00e0rees industrials\u201d.<\/p>\n\n\n\n<p>Tot i que amb una quantitat econ\u00f2mica redu\u00efda per la reducci\u00f3 de les ajudes, el projecte permetr\u00e0 millorar la seguretat i els sistemes de vigil\u00e0ncia, les zones verdes, la senyalitzaci\u00f3, els aparcaments i les instal\u00b7lacions esportives dels pol\u00edgons Belcaire i Mesquita. En aquest sentit, l\u00b4edil ha recordat que des del 2015 &#8220;estem fent una forta aposta per aquestes \u00e0rees, amb la inversi\u00f3 de m\u00e9s de cinc milions d\u00b4euros&#8221; que han propiciat bones dades d\u00b4ocupaci\u00f3 \u2013la taxa d\u00b4atur de la Vall \u00e9s la m\u00e9s baixa des de fa gaireb\u00e9 20 anys\u2013, l\u00b4arribada de multinacionals com Stadler o la construcci\u00f3 del pont.<\/p>\n\n\n\n<p>En concret, s&#8217;instal\u00b7laran quatre noves c\u00e0meres connectades a la seu de la Policia Local a cada pol\u00edgon i es col\u00b7locar\u00e0 una porta corredissa autom\u00e0tica als aparcaments que es van construir amb la convocat\u00f2ria de 2024. Tamb\u00e9 s&#8217;ampliaran els escocells de les zones verdes, es realitzar\u00e0 una regeneraci\u00f3 paisatg\u00edstica per millorar-ne la imatge i l&#8217;estat, se senyalitzaran les boques d&#8217;incendi.<\/p>\n\n\n\n<p>Al pol\u00edgon Belcaire s&#8217;ampliar\u00e0 l&#8217;aparcament espec\u00edfic per a vehicles pesants de 3.455 m\u00b2, duplicant aix\u00ed l&#8217;espai actual. I al pol\u00edgon Mesquita s&#8217;ampliar\u00e0 el per\u00edmetre trepitjable de les rotondes de l&#8217;avinguda central, a m\u00e9s d&#8217;augmentar el nombre de passos de vianants i crear una banda d&#8217;aparcament al vial est (al costat de la bassa).<\/p>\n\n\n\n<p>Finalment, el projecte contempla millores a les instal\u00b7lacions esportives. Aix\u00ed, a la pista de ciclisme es tancaran diversos buits d&#8217;acc\u00e9s a la parcel\u00b7la, de manera que quedi totalment tancada, i es crear\u00e0 un acc\u00e9s de vianants pavimentat des de la via p\u00fablica. I el circuit saludable i de running s&#8217;ampliar\u00e0 en 420 metres i s&#8217;hi instal\u00b7laran m\u00e0quines de condicionament f\u00edsic a l&#8217;aire lliure. Als dos espais es col\u00b7locaran tamb\u00e9 bancs, taules de p\u00edcnic i papereres.<\/p>\n","protected":false},"excerpt":{"rendered":"<p>La darrera convocat\u00f2ria \u00e9s bianual i redueix la inversi\u00f3 que es realitzar\u00e0 a les \u00e0rees industrials Belcaire i Mesquita L&#8217;Ajuntament de la Vall d&#8217;Uix\u00f3 ha aprovat per unanimitat la sol\u00b7licitud de les ajudes de l&#8217;IVACE 2025-2026 per millorar els pol\u00edgons industrials Belcaire i Mesquita, amb una inversi\u00f3 total de 940.000 euros. El regidor d&#8217;Ind\u00fastria i &#8230; <a title=\"L&#8217;Ajuntament de la Vall d&#8217;Uix\u00f3 denuncia que la Generalitat ha retallat les ajudes per millorar pol\u00edgons un 75%\" class=\"read-more\" href=\"https:\/\/elcafedepipa.com\/index.php\/2025\/07\/09\/lajuntament-de-la-vall-duixo-denuncia-que-la-generalitat-ha-retallat-els-ajuts-per-millorar-poligons-un-75\/\" aria-label=\"M\u00e9s informaci\u00f3 sobre L&#8217;Ajuntament de la Vall d&#8217;Uix\u00f3 denuncia que la Generalitat ha retallat les ajudes per millorar pol\u00edgons un 75%\">Read more<\/a><\/p>\n","protected":false},"author":2,"featured_media":15487,"comment_status":"closed","ping_status":"closed","sticky":false,"template":"","format":"standard","meta":{"om_disable_all_campaigns":false,"_monsterinsights_skip_tracking":false,"_monsterinsights_sitenote_active":false,"_monsterinsights_sitenote_note":"","_monsterinsights_sitenote_category":0,"_uf_show_specific_survey":0,"_uf_disable_surveys":false,"footnotes":""},"categories":[1],"tags":[],"class_list":["post-15486","post","type-post","status-publish","format-standard","has-post-thumbnail","hentry","category-non-classe"],"_links":{"self":[{"href":"https:\/\/elcafedepipa.com\/index.php\/wp-json\/wp\/v2\/posts\/15486","targetHints":{"allow":["GET"]}}],"collection":[{"href":"https:\/\/elcafedepipa.com\/index.php\/wp-json\/wp\/v2\/posts"}],"about":[{"href":"https:\/\/elcafedepipa.com\/index.php\/wp-json\/wp\/v2\/types\/post"}],"author":[{"embeddable":true,"href":"https:\/\/elcafedepipa.com\/index.php\/wp-json\/wp\/v2\/users\/2"}],"replies":[{"embeddable":true,"href":"https:\/\/elcafedepipa.com\/index.php\/wp-json\/wp\/v2\/comments?post=15486"}],"version-history":[{"count":2,"href":"https:\/\/elcafedepipa.com\/index.php\/wp-json\/wp\/v2\/posts\/15486\/revisions"}],"predecessor-version":[{"id":15489,"href":"https:\/\/elcafedepipa.com\/index.php\/wp-json\/wp\/v2\/posts\/15486\/revisions\/15489"}],"wp:featuredmedia":[{"embeddable":true,"href":"https:\/\/elcafedepipa.com\/index.php\/wp-json\/wp\/v2\/media\/15487"}],"wp:attachment":[{"href":"https:\/\/elcafedepipa.com\/index.php\/wp-json\/wp\/v2\/media?parent=15486"}],"wp:term":[{"taxonomy":"category","embeddable":true,"href":"https:\/\/elcafedepipa.com\/index.php\/wp-json\/wp\/v2\/categories?post=15486"},{"taxonomy":"post_tag","embeddable":true,"href":"https:\/\/elcafedepipa.com\/index.php\/wp-json\/wp\/v2\/tags?post=15486"}],"curies":[{"name":"wp","href":"https:\/\/api.w.org\/{rel}","templated":true}]}}