{"id":15462,"date":"2025-07-08T13:50:57","date_gmt":"2025-07-08T11:50:57","guid":{"rendered":"https:\/\/elcafedepipa.com\/?p=15462"},"modified":"2025-07-08T13:50:58","modified_gmt":"2025-07-08T11:50:58","slug":"el-ple-del-consorci-provincial-daigues-de-castello-celebra-la-primera-sessio-despres-de-la-constitucio","status":"publish","type":"post","link":"https:\/\/elcafedepipa.com\/index.php\/2025\/07\/08\/el-ple-del-consorci-provincial-daigues-de-castello-celebra-la-primera-sessio-despres-de-la-constitucio\/","title":{"rendered":"El ple del Consorci Provincial d&#8217;Aig\u00fces de Castell\u00f3 celebra la primera sessi\u00f3 despr\u00e9s de la constituci\u00f3"},"content":{"rendered":"\n<p>El Sal\u00f3 de Plens de la Diputaci\u00f3 Provincial de Castell\u00f3 ha acollit aquest dimarts el ple del Consorci Provincial de Castell\u00f3, i aquesta \u00e9s la primera que se celebra despr\u00e9s de la seva constituci\u00f3. El ple s&#8217;ha celebrat una setmana despr\u00e9s que s&#8217;assentessin les bases per garantir l&#8217;aigua al conjunt de la prov\u00edncia amb la constituci\u00f3 del Consorci Provincial d&#8217;Aig\u00fces. Un Consorci que ha arrencat amb els 24 municipis que, de manera inicial, formen part de la nova entitat i que, fins ara, formaven part dels anteriors consorcis. A m\u00e9s dels 24 municipis inicials, el Consorci Provincial d&#8217;Aig\u00fces tamb\u00e9 est\u00e0 integrat per la Diputaci\u00f3 Provincial de Castell\u00f3 aix\u00ed com la Generalitat Valenciana.<\/p>\n\n\n\n<p>El Consorci Provincial de l&#8217;Aigua de Castell\u00f3 neix com a entitat amb personalitat jur\u00eddica pr\u00f2pia, responsable del desplegament i gesti\u00f3 de totes les infraestructures hidr\u00e0uliques col\u00b7lectives que desenvolupa el Pla Director d&#8217;Abastaments (PDA) d&#8217;aigua potable a la prov\u00edncia de Castell\u00f3, amb representaci\u00f3 de les diferents administracions implicades en la gesti\u00f3 de l&#8217;aigua i consignacions pressupost\u00e0ries estables per a permetre la implementaci\u00f3 de les PDA. Es tracta de l&#8217;instrument m\u00e9s adequat per planificar i prioritzar la creaci\u00f3 de les infraestructures hidr\u00e0uliques que conformen la Xarxa Estrat\u00e8gica Provincial i per gestionar-les, sota criteris d&#8217;efici\u00e8ncia hidr\u00e0ulica i energ\u00e8tica, oportunitat i solidaritat provincial en l&#8217;acc\u00e9s a l&#8217;aigua i en el repartiment de costos. <\/p>\n\n\n\n<p>En aquesta primera sessi\u00f3 s\u201fha aprovat l\u201facta constitutiva del Ple del Consorci, el pressupost per al present exercici aix\u00ed com la subrogaci\u00f3 de les ordenances fiscals reguladores de la taxa per prestaci\u00f3 del servei d\u201fabastament d\u201faigua en alta.<\/p>\n\n\n\n<p><\/p>\n\n\n\n<p><\/p>\n","protected":false},"excerpt":{"rendered":"<p>El Sal\u00f3 de Plens de la Diputaci\u00f3 Provincial de Castell\u00f3 ha acollit aquest dimarts el ple del Consorci Provincial de Castell\u00f3, i aquesta \u00e9s la primera que se celebra despr\u00e9s de la seva constituci\u00f3. El ple s&#8217;ha celebrat una setmana despr\u00e9s que s&#8217;assentessin les bases per garantir l&#8217;aigua al conjunt de la prov\u00edncia amb la &#8230; <a title=\"El ple del Consorci Provincial d&#8217;Aig\u00fces de Castell\u00f3 celebra la primera sessi\u00f3 despr\u00e9s de la constituci\u00f3\" class=\"read-more\" href=\"https:\/\/elcafedepipa.com\/index.php\/2025\/07\/08\/el-ple-del-consorci-provincial-daigues-de-castello-celebra-la-primera-sessio-despres-de-la-constitucio\/\" aria-label=\"M\u00e9s informaci\u00f3 sobre El ple del Consorci Provincial d&#8217;Aig\u00fces de Castell\u00f3 celebra la primera sessi\u00f3 despr\u00e9s de la constituci\u00f3\">Read more<\/a><\/p>\n","protected":false},"author":2,"featured_media":15463,"comment_status":"closed","ping_status":"closed","sticky":false,"template":"","format":"standard","meta":{"om_disable_all_campaigns":false,"_monsterinsights_skip_tracking":false,"_monsterinsights_sitenote_active":false,"_monsterinsights_sitenote_note":"","_monsterinsights_sitenote_category":0,"_uf_show_specific_survey":0,"_uf_disable_surveys":false,"footnotes":""},"categories":[10],"tags":[],"class_list":["post-15462","post","type-post","status-publish","format-standard","has-post-thumbnail","hentry","category-provinciadecastello"],"_links":{"self":[{"href":"https:\/\/elcafedepipa.com\/index.php\/wp-json\/wp\/v2\/posts\/15462","targetHints":{"allow":["GET"]}}],"collection":[{"href":"https:\/\/elcafedepipa.com\/index.php\/wp-json\/wp\/v2\/posts"}],"about":[{"href":"https:\/\/elcafedepipa.com\/index.php\/wp-json\/wp\/v2\/types\/post"}],"author":[{"embeddable":true,"href":"https:\/\/elcafedepipa.com\/index.php\/wp-json\/wp\/v2\/users\/2"}],"replies":[{"embeddable":true,"href":"https:\/\/elcafedepipa.com\/index.php\/wp-json\/wp\/v2\/comments?post=15462"}],"version-history":[{"count":1,"href":"https:\/\/elcafedepipa.com\/index.php\/wp-json\/wp\/v2\/posts\/15462\/revisions"}],"predecessor-version":[{"id":15464,"href":"https:\/\/elcafedepipa.com\/index.php\/wp-json\/wp\/v2\/posts\/15462\/revisions\/15464"}],"wp:featuredmedia":[{"embeddable":true,"href":"https:\/\/elcafedepipa.com\/index.php\/wp-json\/wp\/v2\/media\/15463"}],"wp:attachment":[{"href":"https:\/\/elcafedepipa.com\/index.php\/wp-json\/wp\/v2\/media?parent=15462"}],"wp:term":[{"taxonomy":"category","embeddable":true,"href":"https:\/\/elcafedepipa.com\/index.php\/wp-json\/wp\/v2\/categories?post=15462"},{"taxonomy":"post_tag","embeddable":true,"href":"https:\/\/elcafedepipa.com\/index.php\/wp-json\/wp\/v2\/tags?post=15462"}],"curies":[{"name":"wp","href":"https:\/\/api.w.org\/{rel}","templated":true}]}}