{"id":15455,"date":"2025-07-08T12:13:00","date_gmt":"2025-07-08T10:13:00","guid":{"rendered":"https:\/\/elcafedepipa.com\/?p=15455"},"modified":"2025-07-08T12:13:01","modified_gmt":"2025-07-08T10:13:01","slug":"lajuntament-de-la-vall-duixo-presenta-la-desena-edicio-de-les-jornades-educatives","status":"publish","type":"post","link":"https:\/\/elcafedepipa.com\/index.php\/2025\/07\/08\/lajuntament-de-la-vall-duixo-presenta-la-desena-edicio-de-les-jornades-educatives\/","title":{"rendered":"L&#8217;Ajuntament de la Vall d&#8217;Uix\u00f3 presenta la desena edici\u00f3 de les &#8216;Jornades Educatives&#8217;"},"content":{"rendered":"\n<p><strong>Les jornades se celebraran els dies 4 i 5 de setembre i se centraran en la inclusi\u00f3 a les aules<\/strong><\/p>\n\n\n\n<p>L&#8217;Ajuntament de la Vall d&#8217;Uix\u00f3 ha presentat una nova edici\u00f3 de les &#8216;Jornades Educatives&#8217;, que aquest any celebren el des\u00e8 aniversari. La Regidoria d&#8217;Educaci\u00f3 ha apostat en aquesta ocasi\u00f3 per fer un pas m\u00e9s i centrar la tem\u00e0tica en la inclusi\u00f3 educativa sota el lema \u201cEducar en inclusi\u00f3, una escola on cap tothom\u201d. Aix\u00ed ho ha explicat el regidor d&#8217;Educaci\u00f3, Manel Agea, que ha subratllat que &#8220;complim deu edicions i volem celebrar-ho refor\u00e7ant el comprom\u00eds de dotar els nostres docents d\u02bbeines i formaci\u00f3 per atendre totes les realitats de l\u02bbalumnat&#8221;.<\/p>\n\n\n\n<p>Les jornades se celebraran els dies 4 i 5 de setembre i oferiran quatre pon\u00e8ncies i sis tallers que abordaran com treballar la inclusi\u00f3 des de diferents perspectives. Es parlar\u00e0 de com educar i atendre l&#8217;alumnat amb defici\u00e8ncies visuals, amb discapacitat auditiva, alumnat nouvingut, aix\u00ed com la diversitat afectiva, sexual i de g\u00e8nere a les aules. L&#8217;objectiu \u00e9s fer d&#8217;aquestes jornades un punt de trobada per reflexionar i aprendre sobre com construir una escola m\u00e9s oberta, diversa i que no deixe ning\u00fa enrere\u201d.<\/p>\n\n\n\n<p>Agea ha destacat que &#8220;l\u00b4educaci\u00f3 p\u00fablica ha de ser un motor de canvi social i garantir que cap nen o nena es quede fora del sistema&#8221;. En aquest sentit, ha animat tota la comunitat educativa a reservar ja les dates de les jornades, que tindran lloc just a l&#8217;inici del curs escolar. Les inscripcions encara no estan obertes, ja que estan esperant l&#8217;autoritzaci\u00f3 del CEFIRE, per\u00f2 s&#8217;anunciaran quan estiguin disponibles.<\/p>\n\n\n\n<p>&#8220;Penso que hem fet una aposta molt valenta i molt potent per tractar un tema que est\u00e0 a l&#8217;ordre del dia i moltes vegades ens falten aquestes eines per saber com tractar en aquest perfil d&#8217;alumnes&#8221;, ha afirmat el regidor, que confia que la participaci\u00f3 torne a ser un \u00e8xit en aquesta edici\u00f3.<br><\/p>\n\n\n\n<figure class=\"wp-block-image size-large\"><img fetchpriority=\"high\" decoding=\"async\" width=\"724\" height=\"1024\" src=\"https:\/\/elcafedepipa.com\/wp-content\/uploads\/2025\/07\/jornades-724x1024.jpeg\" alt=\"\" class=\"wp-image-15457\" srcset=\"https:\/\/elcafedepipa.com\/wp-content\/uploads\/2025\/07\/jornades-724x1024.jpeg 724w, https:\/\/elcafedepipa.com\/wp-content\/uploads\/2025\/07\/jornades-212x300.jpeg 212w, https:\/\/elcafedepipa.com\/wp-content\/uploads\/2025\/07\/jornades-768x1086.jpeg 768w, https:\/\/elcafedepipa.com\/wp-content\/uploads\/2025\/07\/jornades-1086x1536.jpeg 1086w, https:\/\/elcafedepipa.com\/wp-content\/uploads\/2025\/07\/jornades.jpeg 1448w\" sizes=\"(max-width: 724px) 100vw, 724px\" \/><\/figure>\n","protected":false},"excerpt":{"rendered":"<p>Les jornades se celebraran els dies 4 i 5 de setembre i se centraran en la inclusi\u00f3 a les aules L&#8217;Ajuntament de la Vall d&#8217;Uix\u00f3 ha presentat una nova edici\u00f3 de les &#8216;Jornades Educatives&#8217;, que aquest any celebren el des\u00e8 aniversari. La Regidoria d&#8217;Educaci\u00f3 ha apostat en aquesta ocasi\u00f3 per fer un pas m\u00e9s i &#8230; <a title=\"L&#8217;Ajuntament de la Vall d&#8217;Uix\u00f3 presenta la desena edici\u00f3 de les &#8216;Jornades Educatives&#8217;\" class=\"read-more\" href=\"https:\/\/elcafedepipa.com\/index.php\/2025\/07\/08\/lajuntament-de-la-vall-duixo-presenta-la-desena-edicio-de-les-jornades-educatives\/\" aria-label=\"M\u00e9s informaci\u00f3 sobre L&#8217;Ajuntament de la Vall d&#8217;Uix\u00f3 presenta la desena edici\u00f3 de les &#8216;Jornades Educatives&#8217;\">Read more<\/a><\/p>\n","protected":false},"author":2,"featured_media":15456,"comment_status":"closed","ping_status":"closed","sticky":false,"template":"","format":"standard","meta":{"om_disable_all_campaigns":false,"_monsterinsights_skip_tracking":false,"_monsterinsights_sitenote_active":false,"_monsterinsights_sitenote_note":"","_monsterinsights_sitenote_category":0,"_uf_show_specific_survey":0,"_uf_disable_surveys":false,"footnotes":""},"categories":[1],"tags":[],"class_list":["post-15455","post","type-post","status-publish","format-standard","has-post-thumbnail","hentry","category-non-classe"],"_links":{"self":[{"href":"https:\/\/elcafedepipa.com\/index.php\/wp-json\/wp\/v2\/posts\/15455","targetHints":{"allow":["GET"]}}],"collection":[{"href":"https:\/\/elcafedepipa.com\/index.php\/wp-json\/wp\/v2\/posts"}],"about":[{"href":"https:\/\/elcafedepipa.com\/index.php\/wp-json\/wp\/v2\/types\/post"}],"author":[{"embeddable":true,"href":"https:\/\/elcafedepipa.com\/index.php\/wp-json\/wp\/v2\/users\/2"}],"replies":[{"embeddable":true,"href":"https:\/\/elcafedepipa.com\/index.php\/wp-json\/wp\/v2\/comments?post=15455"}],"version-history":[{"count":1,"href":"https:\/\/elcafedepipa.com\/index.php\/wp-json\/wp\/v2\/posts\/15455\/revisions"}],"predecessor-version":[{"id":15458,"href":"https:\/\/elcafedepipa.com\/index.php\/wp-json\/wp\/v2\/posts\/15455\/revisions\/15458"}],"wp:featuredmedia":[{"embeddable":true,"href":"https:\/\/elcafedepipa.com\/index.php\/wp-json\/wp\/v2\/media\/15456"}],"wp:attachment":[{"href":"https:\/\/elcafedepipa.com\/index.php\/wp-json\/wp\/v2\/media?parent=15455"}],"wp:term":[{"taxonomy":"category","embeddable":true,"href":"https:\/\/elcafedepipa.com\/index.php\/wp-json\/wp\/v2\/categories?post=15455"},{"taxonomy":"post_tag","embeddable":true,"href":"https:\/\/elcafedepipa.com\/index.php\/wp-json\/wp\/v2\/tags?post=15455"}],"curies":[{"name":"wp","href":"https:\/\/api.w.org\/{rel}","templated":true}]}}