{"id":15403,"date":"2025-07-04T14:39:16","date_gmt":"2025-07-04T12:39:16","guid":{"rendered":"https:\/\/elcafedepipa.com\/?p=15403"},"modified":"2025-07-04T14:39:16","modified_gmt":"2025-07-04T12:39:16","slug":"nules-segueix-treballant-en-la-millora-del-cementeri-municipal","status":"publish","type":"post","link":"https:\/\/elcafedepipa.com\/index.php\/2025\/07\/04\/nules-segueix-treballant-en-la-millora-del-cementeri-municipal\/","title":{"rendered":"Nules segueix treballant en la millora del Cementeri Municipal"},"content":{"rendered":"\n<p><strong>Inverteix m\u00e9s de 47.000 euros en el canvi de paviment d\u2019una de les zones del recinte<\/strong><\/p>\n\n\n\n<p>L\u2019Ajuntament de Nules est\u00e0 portant a terme diferents actuacions de millora i condicionament del cementeri municipal amb la intenci\u00f3 de donar continu\u00eftat a les zones empedrades fetes en anys anteriors.<\/p>\n\n\n\n<p>Aix\u00ed, s\u2019est\u00e0 realitzant el canvi de paviment amb llamborda des de la zona central de l\u2019ermita fins la connexi\u00f3 amb el nou cementeri. El condicionament del paviment comporta tamb\u00e9 treballs de canalitzaci\u00f3 el\u00e8ctrica i fontaneria. En concret, les obras&nbsp; han comen\u00e7at el passat dimarts, 1 de juliol, i es preveu que finalitzen el pr\u00f2xim 31 de juliol, al respecte el regidor de Cementeris, Ram\u00f3n Lucas, assenyala que \u201cla inversi\u00f3 que el consistori va a fer en aquesta obra \u00e9s de 47.032,70 euros, de fet es tracta d\u2019una actuaci\u00f3 que se suma a altres que es fan al llarg de l\u2019any per mantenir les instal\u00b7lacions en les millors condicions\u201d.<\/p>\n\n\n\n<p>Durant els treballs que es portaran a terme al mes de juliol al cementeri, les persones usu\u00e0ries no podran accedir ni creuar per algunes zones, de manera que veuran la circulaci\u00f3 per l\u2019interior del recinte&nbsp; modificada, tot aix\u00f2 per garantir la seguretat del personal treballador.<\/p>\n\n\n\n<p>En un altre ordre de coses, l\u2019Ajuntament de Nules segueix tamb\u00e9 amb els treballs &nbsp;de construcci\u00f3 del M\u00f2dul X del Cementeri Municipal, que dotar\u00e0 al mateix de 160 nous n\u00ednxols.&nbsp; Est\u00e0 previst que per a aquest mes de juliol part del nou m\u00f2dul del cementeri estiga acabat per a aix\u00ed &nbsp;satisfer la demanda de la&nbsp; ciutadania.<\/p>\n","protected":false},"excerpt":{"rendered":"<p>Inverteix m\u00e9s de 47.000 euros en el canvi de paviment d\u2019una de les zones del recinte L\u2019Ajuntament de Nules est\u00e0 portant a terme diferents actuacions de millora i condicionament del cementeri municipal amb la intenci\u00f3 de donar continu\u00eftat a les zones empedrades fetes en anys anteriors. Aix\u00ed, s\u2019est\u00e0 realitzant el canvi de paviment amb llamborda &#8230; <a title=\"Nules segueix treballant en la millora del Cementeri Municipal\" class=\"read-more\" href=\"https:\/\/elcafedepipa.com\/index.php\/2025\/07\/04\/nules-segueix-treballant-en-la-millora-del-cementeri-municipal\/\" aria-label=\"M\u00e9s informaci\u00f3 sobre Nules segueix treballant en la millora del Cementeri Municipal\">Read more<\/a><\/p>\n","protected":false},"author":2,"featured_media":15404,"comment_status":"closed","ping_status":"closed","sticky":false,"template":"","format":"standard","meta":{"om_disable_all_campaigns":false,"_monsterinsights_skip_tracking":false,"_monsterinsights_sitenote_active":false,"_monsterinsights_sitenote_note":"","_monsterinsights_sitenote_category":0,"_uf_show_specific_survey":0,"_uf_disable_surveys":false,"footnotes":""},"categories":[3],"tags":[],"class_list":["post-15403","post","type-post","status-publish","format-standard","has-post-thumbnail","hentry","category-nules"],"_links":{"self":[{"href":"https:\/\/elcafedepipa.com\/index.php\/wp-json\/wp\/v2\/posts\/15403","targetHints":{"allow":["GET"]}}],"collection":[{"href":"https:\/\/elcafedepipa.com\/index.php\/wp-json\/wp\/v2\/posts"}],"about":[{"href":"https:\/\/elcafedepipa.com\/index.php\/wp-json\/wp\/v2\/types\/post"}],"author":[{"embeddable":true,"href":"https:\/\/elcafedepipa.com\/index.php\/wp-json\/wp\/v2\/users\/2"}],"replies":[{"embeddable":true,"href":"https:\/\/elcafedepipa.com\/index.php\/wp-json\/wp\/v2\/comments?post=15403"}],"version-history":[{"count":1,"href":"https:\/\/elcafedepipa.com\/index.php\/wp-json\/wp\/v2\/posts\/15403\/revisions"}],"predecessor-version":[{"id":15405,"href":"https:\/\/elcafedepipa.com\/index.php\/wp-json\/wp\/v2\/posts\/15403\/revisions\/15405"}],"wp:featuredmedia":[{"embeddable":true,"href":"https:\/\/elcafedepipa.com\/index.php\/wp-json\/wp\/v2\/media\/15404"}],"wp:attachment":[{"href":"https:\/\/elcafedepipa.com\/index.php\/wp-json\/wp\/v2\/media?parent=15403"}],"wp:term":[{"taxonomy":"category","embeddable":true,"href":"https:\/\/elcafedepipa.com\/index.php\/wp-json\/wp\/v2\/categories?post=15403"},{"taxonomy":"post_tag","embeddable":true,"href":"https:\/\/elcafedepipa.com\/index.php\/wp-json\/wp\/v2\/tags?post=15403"}],"curies":[{"name":"wp","href":"https:\/\/api.w.org\/{rel}","templated":true}]}}