{"id":15395,"date":"2025-07-04T14:14:46","date_gmt":"2025-07-04T12:14:46","guid":{"rendered":"https:\/\/elcafedepipa.com\/?p=15395"},"modified":"2025-07-04T14:14:47","modified_gmt":"2025-07-04T12:14:47","slug":"la-vall-duixo-uneix-les-festes-de-barri-en-un-estiu-festiu-amb-una-desena-dactivitats-obertes","status":"publish","type":"post","link":"https:\/\/elcafedepipa.com\/index.php\/2025\/07\/04\/la-vall-duixo-uneix-les-festes-de-barri-en-un-estiu-festiu-amb-una-desena-dactivitats-obertes\/","title":{"rendered":"La Vall d\u2019Uix\u00f3 uneix les festes de barri en un Estiu Festiu amb una desena d\u2019activitats obertes"},"content":{"rendered":"\n<p><strong>Les festes de Sant Ferm\u00ed i de Sant Jaume Ap\u00f2stol i el sorteig de cadafals de les Penyes a Festes protagonitzen la programaci\u00f3 del juliol<\/strong><\/p>\n\n\n\n<p>Per segon mes les festes de barri de la Vall d&#8217;Uix\u00f3 s&#8217;uneixen a la programaci\u00f3 d&#8217;Estiu Festiu. Aquesta iniciativa de la Regidoria de Festes compta amb el suport de les comissions que s&#8217;impliquen per donar m\u00e9s protagonisme a les festes de barri, obrir-les a la ciutadania i potenciar les seves activitats perqu\u00e8 arribin al nombre m\u00e9s gran de gent.<\/p>\n\n\n\n<p>Al juliol les festes de Sant Ferm\u00ed (barri Carbonaire) i de Santiago Ap\u00f2stol (barri Toledo) ofereixen una desena d&#8217;actes musicals, al que se suma el sorteig de cadafals de les Penyes a Festes. Aix\u00f2 \u201ctrenca el mite que a la Vall no hi ha res a fer o que els joves no tenen on anar\u201d, tal com ha destacat el regidor de Festes, Ximo Zorrilla.<\/p>\n\n\n\n<p>Avui mateix les festes de Sant Ferm\u00ed obren amb l\u00b4actuaci\u00f3 de Cosika de 2 i durant la setmana hi haur\u00e0 festa de l\u00b4aigua amb castells aqu\u00e0tics, DJ Talia amb festa de l\u00b4escuma, Orquestra Sense Documents i DJ Carbonell. I a les festes de Santiago Ap\u00f2stol s&#8217;ha programat Quimbala, Cosika de 2, Gusanito i la Mare del Topo i Grupo Culpables. A m\u00e9s, les Penyes a Festes fan una pr\u00e8via el 26 de juliol amb Orquestra La Flama.<\/p>\n\n\n\n<p>Tant Roc\u00edo Caudet i Naia Leiva de les festes de Sant Ferm\u00ed com Juan Jos\u00e9 Gonz\u00e1lez de les festes de Sant Jaume Ap\u00f2stol han convidat tots els vallers i valleres a participar en els actes. En aquest sentit, l&#8217;edil ha agra\u00eft \u201cla predisposici\u00f3 de les comissions a obrir les festes\u201d i ha remarcat que estan \u201cdonant passos de gegant per aconseguir-ho\u201d.<\/p>\n\n\n\n<p>En aquest sentit ha recordat que \u201chem aconseguit obrir i fer m\u00e9s participatives les festes patronals, les Penyes a Festes i les Falles i ara \u00e9s el moment de les festes de barri\u201d. I un exemple clar \u00e9s aquest Estiu Festiu, que t\u00e9 l&#8217;objectiu de consolidar-se m\u00e9s enll\u00e0 de l&#8217;estiu i donar-li continu\u00eftat fins al final de la temporada festiva a la Vall.<\/p>\n","protected":false},"excerpt":{"rendered":"<p>Les festes de Sant Ferm\u00ed i de Sant Jaume Ap\u00f2stol i el sorteig de cadafals de les Penyes a Festes protagonitzen la programaci\u00f3 del juliol Per segon mes les festes de barri de la Vall d&#8217;Uix\u00f3 s&#8217;uneixen a la programaci\u00f3 d&#8217;Estiu Festiu. Aquesta iniciativa de la Regidoria de Festes compta amb el suport de les &#8230; <a title=\"La Vall d\u2019Uix\u00f3 uneix les festes de barri en un Estiu Festiu amb una desena d\u2019activitats obertes\" class=\"read-more\" href=\"https:\/\/elcafedepipa.com\/index.php\/2025\/07\/04\/la-vall-duixo-uneix-les-festes-de-barri-en-un-estiu-festiu-amb-una-desena-dactivitats-obertes\/\" aria-label=\"M\u00e9s informaci\u00f3 sobre La Vall d\u2019Uix\u00f3 uneix les festes de barri en un Estiu Festiu amb una desena d\u2019activitats obertes\">Read more<\/a><\/p>\n","protected":false},"author":2,"featured_media":15396,"comment_status":"closed","ping_status":"closed","sticky":false,"template":"","format":"standard","meta":{"om_disable_all_campaigns":false,"_monsterinsights_skip_tracking":false,"_monsterinsights_sitenote_active":false,"_monsterinsights_sitenote_note":"","_monsterinsights_sitenote_category":0,"_uf_show_specific_survey":0,"_uf_disable_surveys":false,"footnotes":""},"categories":[1],"tags":[],"class_list":["post-15395","post","type-post","status-publish","format-standard","has-post-thumbnail","hentry","category-non-classe"],"_links":{"self":[{"href":"https:\/\/elcafedepipa.com\/index.php\/wp-json\/wp\/v2\/posts\/15395","targetHints":{"allow":["GET"]}}],"collection":[{"href":"https:\/\/elcafedepipa.com\/index.php\/wp-json\/wp\/v2\/posts"}],"about":[{"href":"https:\/\/elcafedepipa.com\/index.php\/wp-json\/wp\/v2\/types\/post"}],"author":[{"embeddable":true,"href":"https:\/\/elcafedepipa.com\/index.php\/wp-json\/wp\/v2\/users\/2"}],"replies":[{"embeddable":true,"href":"https:\/\/elcafedepipa.com\/index.php\/wp-json\/wp\/v2\/comments?post=15395"}],"version-history":[{"count":1,"href":"https:\/\/elcafedepipa.com\/index.php\/wp-json\/wp\/v2\/posts\/15395\/revisions"}],"predecessor-version":[{"id":15397,"href":"https:\/\/elcafedepipa.com\/index.php\/wp-json\/wp\/v2\/posts\/15395\/revisions\/15397"}],"wp:featuredmedia":[{"embeddable":true,"href":"https:\/\/elcafedepipa.com\/index.php\/wp-json\/wp\/v2\/media\/15396"}],"wp:attachment":[{"href":"https:\/\/elcafedepipa.com\/index.php\/wp-json\/wp\/v2\/media?parent=15395"}],"wp:term":[{"taxonomy":"category","embeddable":true,"href":"https:\/\/elcafedepipa.com\/index.php\/wp-json\/wp\/v2\/categories?post=15395"},{"taxonomy":"post_tag","embeddable":true,"href":"https:\/\/elcafedepipa.com\/index.php\/wp-json\/wp\/v2\/tags?post=15395"}],"curies":[{"name":"wp","href":"https:\/\/api.w.org\/{rel}","templated":true}]}}