{"id":15388,"date":"2025-07-04T13:00:30","date_gmt":"2025-07-04T11:00:30","guid":{"rendered":"https:\/\/elcafedepipa.com\/?p=15388"},"modified":"2025-07-04T13:00:31","modified_gmt":"2025-07-04T11:00:31","slug":"la-10k-nocturna-de-moncofa-aconsegueix-record-dinscrits-i-tanca-inscripcions-anticipades-per-primera-vegada","status":"publish","type":"post","link":"https:\/\/elcafedepipa.com\/index.php\/2025\/07\/04\/la-10k-nocturna-de-moncofa-aconsegueix-record-dinscrits-i-tanca-inscripcions-anticipades-per-primera-vegada\/","title":{"rendered":"La 10K Nocturna de Moncofa aconsegueix r\u00e8cord d\u2019inscrits i tanca inscripcions anticipades per primera vegada"},"content":{"rendered":"\n<p>La VI edici\u00f3 de la 10K Nocturna Platges de Moncofa se celebrar\u00e0 este dissabte, 5 de juliol, a les 22.00 hores, amb eixida i meta en l&#8217;avinguda Mare Nostrum, enfront de la Tourist Info de la platja. La cita, consolidada com una de les proves populars m\u00e9s destacades de l&#8217;estiu a la prov\u00edncia, compta enguany amb una participaci\u00f3 r\u00e8cord que ha obligat a tancar les inscripcions anticipades per primera vegada en la seua hist\u00f2ria.<\/p>\n\n\n\n<p>Aix\u00ed ho ha confirmat la regidora d&#8217;Esports, Arantxa Igual: \u201cEnguany, hem hagut de tancar les inscripcions anticipades, alguna cosa que mai ens havia passat, perqu\u00e8 ja comptem amb 300 participants inscrits\u201d. Per al mateix dia de la prova s&#8217;han reservat 15 dorsals, matisa, \u201cperqu\u00e8 la gent que vulga apuntar-se el mateix dia puga fer-ho all\u00ed mateix\u201d.<\/p>\n\n\n\n<p>La carrera, que forma part del Circuit de Proves Populars de Moncofa, compta amb un recorregut de 10 quil\u00f2metres \u00edntegrament per asfalt i un temps m\u00e0xim de 80 minuts per a la finalitzaci\u00f3. L&#8217;organitzaci\u00f3 ha previst un important dispositiu log\u00edstic i sanitari, amb ambul\u00e0ncia medicalitzada i diversos punts d&#8217;avituallament, amb begudes i aliments, a m\u00e9s de tres dutxes al llarg del recorregut. \u201cEsperem molta calor i volem estar preparats\u201d, puntualitza Igual.<\/p>\n\n\n\n<p>La responsable d&#8217;Esports ha volgut agrair tamb\u00e9 la col\u00b7laboraci\u00f3 de tots els col\u00b7lectius que s&#8217;han implicat perqu\u00e8 el desenvolupament de la prova disc\u00f3rrega sense problemes. \u201cComptarem amb l&#8217;ajuda de Protecci\u00f3 Civil, Policia Local, el Club Ciclista ACE de Moncofa i el Club de Petanca, sempre disposats a col\u00b7laborar en el que fa\u00e7a falta\u201d, detalla.<\/p>\n\n\n\n<p>Tots els corredors i corredores rebran una samarreta t\u00e8cnica commemorativa. Els tres primers de cada categoria i de la general, tant h\u00f2mens com dones, rebran un trofeu.<\/p>\n\n\n\n<p><\/p>\n","protected":false},"excerpt":{"rendered":"<p>La VI edici\u00f3 de la 10K Nocturna Platges de Moncofa se celebrar\u00e0 este dissabte, 5 de juliol, a les 22.00 hores, amb eixida i meta en l&#8217;avinguda Mare Nostrum, enfront de la Tourist Info de la platja. La cita, consolidada com una de les proves populars m\u00e9s destacades de l&#8217;estiu a la prov\u00edncia, compta enguany &#8230; <a title=\"La 10K Nocturna de Moncofa aconsegueix r\u00e8cord d\u2019inscrits i tanca inscripcions anticipades per primera vegada\" class=\"read-more\" href=\"https:\/\/elcafedepipa.com\/index.php\/2025\/07\/04\/la-10k-nocturna-de-moncofa-aconsegueix-record-dinscrits-i-tanca-inscripcions-anticipades-per-primera-vegada\/\" aria-label=\"M\u00e9s informaci\u00f3 sobre La 10K Nocturna de Moncofa aconsegueix r\u00e8cord d\u2019inscrits i tanca inscripcions anticipades per primera vegada\">Read more<\/a><\/p>\n","protected":false},"author":2,"featured_media":15389,"comment_status":"closed","ping_status":"closed","sticky":false,"template":"","format":"standard","meta":{"om_disable_all_campaigns":false,"_monsterinsights_skip_tracking":false,"_monsterinsights_sitenote_active":false,"_monsterinsights_sitenote_note":"","_monsterinsights_sitenote_category":0,"_uf_show_specific_survey":0,"_uf_disable_surveys":false,"footnotes":""},"categories":[4],"tags":[],"class_list":["post-15388","post","type-post","status-publish","format-standard","has-post-thumbnail","hentry","category-moncofa"],"_links":{"self":[{"href":"https:\/\/elcafedepipa.com\/index.php\/wp-json\/wp\/v2\/posts\/15388","targetHints":{"allow":["GET"]}}],"collection":[{"href":"https:\/\/elcafedepipa.com\/index.php\/wp-json\/wp\/v2\/posts"}],"about":[{"href":"https:\/\/elcafedepipa.com\/index.php\/wp-json\/wp\/v2\/types\/post"}],"author":[{"embeddable":true,"href":"https:\/\/elcafedepipa.com\/index.php\/wp-json\/wp\/v2\/users\/2"}],"replies":[{"embeddable":true,"href":"https:\/\/elcafedepipa.com\/index.php\/wp-json\/wp\/v2\/comments?post=15388"}],"version-history":[{"count":1,"href":"https:\/\/elcafedepipa.com\/index.php\/wp-json\/wp\/v2\/posts\/15388\/revisions"}],"predecessor-version":[{"id":15390,"href":"https:\/\/elcafedepipa.com\/index.php\/wp-json\/wp\/v2\/posts\/15388\/revisions\/15390"}],"wp:featuredmedia":[{"embeddable":true,"href":"https:\/\/elcafedepipa.com\/index.php\/wp-json\/wp\/v2\/media\/15389"}],"wp:attachment":[{"href":"https:\/\/elcafedepipa.com\/index.php\/wp-json\/wp\/v2\/media?parent=15388"}],"wp:term":[{"taxonomy":"category","embeddable":true,"href":"https:\/\/elcafedepipa.com\/index.php\/wp-json\/wp\/v2\/categories?post=15388"},{"taxonomy":"post_tag","embeddable":true,"href":"https:\/\/elcafedepipa.com\/index.php\/wp-json\/wp\/v2\/tags?post=15388"}],"curies":[{"name":"wp","href":"https:\/\/api.w.org\/{rel}","templated":true}]}}