{"id":15385,"date":"2025-07-04T12:36:32","date_gmt":"2025-07-04T10:36:32","guid":{"rendered":"https:\/\/elcafedepipa.com\/?p=15385"},"modified":"2025-07-04T12:36:32","modified_gmt":"2025-07-04T10:36:32","slug":"el-pspv-destaca-que-latur-a-castello-esta-en-minims-de-fa-17-anys-i-consolida-el-record-historic-dafiliacio-a-la-seguretat-social","status":"publish","type":"post","link":"https:\/\/elcafedepipa.com\/index.php\/2025\/07\/04\/el-pspv-destaca-que-latur-a-castello-esta-en-minims-de-fa-17-anys-i-consolida-el-record-historic-dafiliacio-a-la-seguretat-social\/","title":{"rendered":"El PSPV destaca que l&#8217;atur a Castell\u00f3 est\u00e0 en m\u00ednims de fa 17 anys i consolida el r\u00e8cord hist\u00f2ric d\u2019afiliaci\u00f3 a la Seguretat Social"},"content":{"rendered":"\n<p><strong>La vicesecret\u00e0ria general del PSPV provincial, Merche Gal\u00ed, destaca que la prov\u00edncia suma 14.000 persones desocupades menys que en 2018 amb el PP i 23.000 afiliacions m\u00e9s, tot aix\u00f2 mentre els salaris i la contractaci\u00f3 indefinida pugen<\/strong><br><br>El PSPV-PSOE ha destacat aquest divendres que, segons les \u00faltimes dades oficials del mes de juny, la prov\u00edncia ha aconseguit la xifra d\u2019atur m\u00e9s baixa des de l\u2019estiu de 2008, amb una caiguda de 2.000 persones desocupades respecte al mateix mes de l\u2019any passat. El sector laboral castellonenc encadena huit mesos de baixades i, a m\u00e9s, l\u2019afiliaci\u00f3 a la Seguretat Social marca un nou r\u00e8cord hist\u00f2ric amb 260.000 persones donades d\u2019alta, 4.401 m\u00e9s que fa un any.<br><br>La vicesecret\u00e0ria general, Merche Gal\u00ed, ha subratllat que aquestes dades confirmen que \u201cel mercat laboral de Castell\u00f3 segueix la bona evoluci\u00f3 de l\u2019economia espanyola, que continua escalant posicions entre les economies m\u00e9s potents del m\u00f3n i viu un dels seus millors moments gr\u00e0cies a l\u2019\u00e8xit de gesti\u00f3 econ\u00f2mica i laboral del Partit Socialista\u201d.<br><br>\u201cLes comparacions amb l\u2019\u00e8poca del PP no deixen lloc al m\u00e9s m\u00ednim dubte. Amb els socialistes al Govern d\u2019Espanya, a Castell\u00f3 hi ha 14.000 persones aturades menys que en 2018 i 23.000 treballadores m\u00e9s cotitzant. Tot aix\u00f2 mentre els salaris pugen i la contractaci\u00f3 indefinida ha passat dels 900 contractes estables que es firmaven amb el PP als 5.000 del mes passat\u201d.<br><br>Tot i el bon moment econ\u00f2mic que viu Espanya, la socialista ha lamentat que \u201cno tinga el suport del Partit Popular a les institucions on governen\u201d. \u201cNi Maz\u00f3n ni el PP valenci\u00e0 volen recon\u00e9ixer que estem davant de les millors xifres des de fa 17 anys i, el que \u00e9s pitjor, no han fet absolutament res per a contribuir al desplegament de pol\u00edtiques actives d\u2019ocupaci\u00f3 des de la Generalitat, m\u00e9s que retallar, retallar i retallar\u201d, ha denunciat.<\/p>\n\n\n\n<p><\/p>\n","protected":false},"excerpt":{"rendered":"<p>La vicesecret\u00e0ria general del PSPV provincial, Merche Gal\u00ed, destaca que la prov\u00edncia suma 14.000 persones desocupades menys que en 2018 amb el PP i 23.000 afiliacions m\u00e9s, tot aix\u00f2 mentre els salaris i la contractaci\u00f3 indefinida pugen El PSPV-PSOE ha destacat aquest divendres que, segons les \u00faltimes dades oficials del mes de juny, la prov\u00edncia &#8230; <a title=\"El PSPV destaca que l&#8217;atur a Castell\u00f3 est\u00e0 en m\u00ednims de fa 17 anys i consolida el r\u00e8cord hist\u00f2ric d\u2019afiliaci\u00f3 a la Seguretat Social\" class=\"read-more\" href=\"https:\/\/elcafedepipa.com\/index.php\/2025\/07\/04\/el-pspv-destaca-que-latur-a-castello-esta-en-minims-de-fa-17-anys-i-consolida-el-record-historic-dafiliacio-a-la-seguretat-social\/\" aria-label=\"M\u00e9s informaci\u00f3 sobre El PSPV destaca que l&#8217;atur a Castell\u00f3 est\u00e0 en m\u00ednims de fa 17 anys i consolida el r\u00e8cord hist\u00f2ric d\u2019afiliaci\u00f3 a la Seguretat Social\">Read more<\/a><\/p>\n","protected":false},"author":2,"featured_media":15386,"comment_status":"closed","ping_status":"closed","sticky":false,"template":"","format":"standard","meta":{"om_disable_all_campaigns":false,"_monsterinsights_skip_tracking":false,"_monsterinsights_sitenote_active":false,"_monsterinsights_sitenote_note":"","_monsterinsights_sitenote_category":0,"_uf_show_specific_survey":0,"_uf_disable_surveys":false,"footnotes":""},"categories":[1],"tags":[],"class_list":["post-15385","post","type-post","status-publish","format-standard","has-post-thumbnail","hentry","category-non-classe"],"_links":{"self":[{"href":"https:\/\/elcafedepipa.com\/index.php\/wp-json\/wp\/v2\/posts\/15385","targetHints":{"allow":["GET"]}}],"collection":[{"href":"https:\/\/elcafedepipa.com\/index.php\/wp-json\/wp\/v2\/posts"}],"about":[{"href":"https:\/\/elcafedepipa.com\/index.php\/wp-json\/wp\/v2\/types\/post"}],"author":[{"embeddable":true,"href":"https:\/\/elcafedepipa.com\/index.php\/wp-json\/wp\/v2\/users\/2"}],"replies":[{"embeddable":true,"href":"https:\/\/elcafedepipa.com\/index.php\/wp-json\/wp\/v2\/comments?post=15385"}],"version-history":[{"count":1,"href":"https:\/\/elcafedepipa.com\/index.php\/wp-json\/wp\/v2\/posts\/15385\/revisions"}],"predecessor-version":[{"id":15387,"href":"https:\/\/elcafedepipa.com\/index.php\/wp-json\/wp\/v2\/posts\/15385\/revisions\/15387"}],"wp:featuredmedia":[{"embeddable":true,"href":"https:\/\/elcafedepipa.com\/index.php\/wp-json\/wp\/v2\/media\/15386"}],"wp:attachment":[{"href":"https:\/\/elcafedepipa.com\/index.php\/wp-json\/wp\/v2\/media?parent=15385"}],"wp:term":[{"taxonomy":"category","embeddable":true,"href":"https:\/\/elcafedepipa.com\/index.php\/wp-json\/wp\/v2\/categories?post=15385"},{"taxonomy":"post_tag","embeddable":true,"href":"https:\/\/elcafedepipa.com\/index.php\/wp-json\/wp\/v2\/tags?post=15385"}],"curies":[{"name":"wp","href":"https:\/\/api.w.org\/{rel}","templated":true}]}}