{"id":15358,"date":"2025-07-03T15:39:10","date_gmt":"2025-07-03T13:39:10","guid":{"rendered":"https:\/\/elcafedepipa.com\/?p=15358"},"modified":"2025-07-03T15:39:11","modified_gmt":"2025-07-03T13:39:11","slug":"marta-barrachina-la-diputacio-ha-tornat-a-ser-el-que-mai-hauria-dhaver-deixat-de-ser-una-aliada-una-defensora-una-garant-del-futur-desta-terra","status":"publish","type":"post","link":"https:\/\/elcafedepipa.com\/index.php\/2025\/07\/03\/marta-barrachina-la-diputacio-ha-tornat-a-ser-el-que-mai-hauria-dhaver-deixat-de-ser-una-aliada-una-defensora-una-garant-del-futur-desta-terra\/","title":{"rendered":"Marta Barrachina: \u201cLa Diputaci\u00f3 ha tornat a ser el que mai hauria d&#8217;haver deixat de ser: una aliada, una defensora, una garant del futur d&#8217;esta terra\u201d"},"content":{"rendered":"\n<p>\u201cLa Diputaci\u00f3 ha tornat; ha tornat a ser el que mai hauria d&#8217;haver deixat de ser: la casa dels 135 municipis de Castell\u00f3. Una aliada, una defensora, una garant del futur d&#8217;esta terra\u201d.<\/p>\n\n\n\n<p>Aix\u00ed s&#8217;ha referit la presidenta de la Diputaci\u00f3 Provincial de Castell\u00f3, Marta Barrachina, en el seu discurs d&#8217;obertura del Debat de l&#8217;Estat de la Prov\u00edncia. Un debat celebrat este dijous, a les portes de complir els dos anys de la presa de possessi\u00f3 de la present corporaci\u00f3 provincial.<\/p>\n\n\n\n<p>\u201cFa dos anys, assumim este mandat no com un simple tr\u00e0mit pol\u00edtic, sin\u00f3 com un comprom\u00eds personal. Des d&#8217;eixe moment, hem governat esta Diputaci\u00f3 amb una idea molt clara: retornar a la prov\u00edncia de Castell\u00f3 al lloc que es mereix\u201d, ha expressat la dirigent provincial, qui ha realitzat un rep\u00e0s per la gesti\u00f3 realitzada des del passat 5 de juliol de 2023 i ha afirmat que \u201chui la Diputaci\u00f3 \u00e9s una m\u00e0quina en marxa. Amb ritme, amb for\u00e7a, amb direcci\u00f3; \u00e9s la m\u00e0 estesa, la que escolta, la que arriba on uns altres no arriben\u201d. I, en eixe sentit, Marta Barrachina ha incidit en qu\u00e8 \u201csi alguna cosa ha canviat en estos dos anys \u00e9s que esta prov\u00edncia s&#8217;ha activat, est\u00e0 recuperant el temps perdut\u201d.<\/p>\n\n\n\n<p>Un sentiment compartit pel vicepresident i portaveu del Govern, H\u00e9ctor Folgado, qui en la seua intervenci\u00f3 ha subratllat que \u201chem treballat molt dur per reactivar esta casa aconseguint, en tan sols dos anys, que esta prov\u00edncia torne a tindre Diputaci\u00f3 i que esta Diputaci\u00f3 torne a esta connectada amb la prov\u00edncia\u201d.<\/p>\n\n\n\n<p>En eixa activaci\u00f3, el Govern Provincial ha comptat com a gran aliat als 135 municipis, als seus alcaldes, ve\u00efns i ve\u00efnes els qui els han traslladat les seues demandes i necessitats. S\u00f3n els castellonencs els que ens han guiat per a fer de les seues necessitats el nostre full de ruta, per a convertir cada petici\u00f3 en una responsabilitat i cada responsabilitat en una acci\u00f3\u201d, ha expressat la dirigent provincial.<\/p>\n\n\n\n<p>I per eixe full de ruta seguit des d&#8217;eixe 5 de juliol de 2023, la presidenta ha fet un rep\u00e0s i ha relatat amb fets, \u201cla transformaci\u00f3 que en estos dos anys hem fet en esta terra\u201d.<\/p>\n\n\n\n<p>En primer lloc, la presidenta de la Diputaci\u00f3 ha fet parada en les persones i, al respecte, l&#8217;\u00e0rea de Benestar Social ha augmentat el seu pressupost en dos anys en un 12%, la qual cosa es tradu\u00efx en m\u00e9s serveis, m\u00e9s suport i m\u00e9s recursos. Este increment ha perm\u00e9s l&#8217;increment d&#8217;ajudes per a les escoles matineres, els programes d&#8217;Unitat de Conciliaci\u00f3 Familiar o el Servei de Promoci\u00f3 de l&#8217;Autonomia Personal, passant pel servei de teleassist\u00e8ncia i el Menjar a Casa que, a partir de l&#8217;1 de juliol la instituci\u00f3 provincial assumix el 90% del gasto aconseguint, aix\u00ed, que no supose cap gasto per a l&#8217;usuari.<\/p>\n\n\n\n<p>Al costat del benestar, Marta Barrachina ha destacat la inversi\u00f3 \u201cen all\u00f2 que ens unix, connecta i protegix\u201d i, al respecte la instituci\u00f3 provincial ha millorat, en dos anys, 27 carreteres de la prov\u00edncia, rehabilitant 33 quil\u00f2metres gr\u00e0cies a una inversi\u00f3 total de 26,8 milions d&#8217;euros. \u201cSeran 35 milions d&#8217;euros els que invertirem durant esta legislatura, una fita mai realitzada per esta casa\u201d, ha subratllat la dirigent provincial.<\/p>\n\n\n\n<p>El Pla Diputaci\u00f3 Impulsa, amb una inversi\u00f3 de 32 milions d&#8217;euros, \u00e9s un altre de les fites en esta ruta ja completada pel Govern Provincial i pel qual els ajuntaments disposen de m\u00e9s recursos, m\u00e9s llibertat i menys burocr\u00e0cia. A aix\u00f2 se sumen 50 convenis singulars amb la finalitat que els consistoris puguen executar obres urgents i necess\u00e0ries, aix\u00ed com altres l\u00ednies de subvencions dirigides als ajuntaments entre les quals es troben les destinades a enderrocaments d&#8217;edificis municipals en des\u00fas, o la l\u00ednia per a cat\u00e0strofes emmarcada en el Pla Diputaci\u00f3 Respon.<\/p>\n\n\n\n<p>Els avan\u00e7os en la gesti\u00f3 dels residus \u00e9s un altre dels \u00edtems abordats en la present legislatura i, dins d&#8217;estos, destaca la gesti\u00f3 h\u00eddrica. \u201cJa ho vaig dir des del primer dia i l&#8217;he repetit fins a l&#8217;avorriment: esta \u00e9s la legislatura de l&#8217;aigua. I no \u00e9s un esl\u00f2gan. S\u00f3n fets\u201d, ha subratllat Marta Barrachina, qui ha enumerat diverses de les actuacions dutes a terme per a la millora de les infraestructures, la gesti\u00f3 i els recursos h\u00eddrics a la prov\u00edncia, com les obres per a la millora de la depuraci\u00f3 d&#8217;aig\u00fces. \u201cEn tan sols dos anys este equip de govern hem invertit 9,6 milions d&#8217;euros enfront dels poc m\u00e9s de 1,5 milions que es van invertir tota la passada legislatura\u201d. La creaci\u00f3 del Consorci Provincial d&#8217;Aig\u00fces per a gestionar de manera unificada, solid\u00e0ria i eficient els recursos h\u00eddrics en tota la prov\u00edncia \u00e9s un altre de les fites dutes a terme en estos dos anys de legislatura, al costat de la l\u00ednia AGA destinada a la garantir l&#8217;aigua potable en els municipis de menys de 20.000 habitants.<\/p>\n\n\n\n<p>En mat\u00e8ria d&#8217;efici\u00e8ncia energ\u00e8tica, la instituci\u00f3 provincial ha impulsat el Pla Diputaci\u00f3 Resol i, com ha informat la presidenta, \u201ca la fi d&#8217;enguany ja hauran 61 municipis xicotets de la nostra prov\u00edncia que tindran plaques solars instal\u00b7lades en els sostres dels seus edificis municipals\u201d. A m\u00e9s, s&#8217;ha renovat l&#8217;enllumenat p\u00fablic amb tecnologia LED en 22 municipis.<\/p>\n\n\n\n<p>El nou contracte del servei de control de mosquits amb un pressupost que supera el mili\u00f3 d&#8217;euros forma part del llestos d&#8217;actuacions de millora per al medi natural i tamb\u00e9 destaquen les ajudes al m\u00f3n rural, al sector primari de la prov\u00edncia, entre les quals es poden enumerar les ajudes per al servei de vigil\u00e0ncia a trav\u00e9s de guardes rurals, el projecte de tancat i pasturatge virtual o les ajudes al sector de la pesca, entre altres.<\/p>\n\n\n\n<p>I el turisme, pe\u00e7a tamb\u00e9 clau per a la generaci\u00f3 d&#8217;oportunitats i projecci\u00f3 de la nostra terra, \u00e9s per la qual la instituci\u00f3 provincial ha continuat apostant i, en eixe sentit el pressupost del Patronat Provincial de Turisme ha crescut quasi 4 milions d&#8217;euros, un 34% m\u00e9s, \u201cmostra que esta instituci\u00f3 creu en un sector tan important per a la nostra economia\u201d. Castell\u00f3 Ruta de Sabor, Castell\u00f3 Cycling, Castell\u00f3 Terra de Festivals i Castell\u00f3 S\u00e8nior s\u00f3n els quatre eixos principals del qual se sustenta el pla estrat\u00e8gic tur\u00edstic, a m\u00e9s del producte de sol i platja.<\/p>\n\n\n\n<p>La presidenta de la Diputaci\u00f3 ha continuat destacant a la prov\u00edncia com un gran escenari esportiu i un gran contenidor cultural i, perqu\u00e8 la prov\u00edncia es gaudisca amb les m\u00e0ximes garanties, la Diputaci\u00f3 de Castell\u00f3 treballa a refor\u00e7ar el Consorci Provincial de Bombers amb m\u00e9s personal i m\u00e9s mitjans i destacar la creaci\u00f3 de les BRAF o la instal\u00b7laci\u00f3 de noves helisuperf\u00edcies.<\/p>\n\n\n\n<p><strong>To reivindicatiu<\/strong><\/p>\n\n\n\n<p>La presidenta ha reafirmat el seu comprom\u00eds per continuar al\u00e7ant la veu. Dirigint-se al Govern Central ha lamentat que les peticions de reunions amb diversos ministres seguisquen sense obtindre resposta i ha incidit en qu\u00e8 hui dia el Govern ens deu 221 milions d&#8217;euros als Ajuntaments i a la Diputaci\u00f3 i ha tornat a reclamar un finan\u00e7ament just. \u201cSom una terra amb talent, amb capacitat i amb ganes de cr\u00e9ixer i no podem permetre dos anys m\u00e9s d&#8217;aband\u00f3\u201d, ha expressat Marta Barrachina, qui ha continuat dient que, \u201csi sumem esfor\u00e7os podem aconseguir grans coses, per\u00f2 cal voler sumar\u201d. \u201cCastell\u00f3 t\u00e9 tot all\u00f2 necessari per a ser un territori referent, i nom\u00e9s fa falta voluntat per a fer-lo possible\u201d, ha subratllat. I, en eixa voluntat, ha destacat la bona coordinaci\u00f3 amb la Generalitat Valenciana per a continuar avan\u00e7ant.<\/p>\n\n\n\n<p><\/p>\n\n\n\n<p><\/p>\n","protected":false},"excerpt":{"rendered":"<p>\u201cLa Diputaci\u00f3 ha tornat; ha tornat a ser el que mai hauria d&#8217;haver deixat de ser: la casa dels 135 municipis de Castell\u00f3. Una aliada, una defensora, una garant del futur d&#8217;esta terra\u201d. Aix\u00ed s&#8217;ha referit la presidenta de la Diputaci\u00f3 Provincial de Castell\u00f3, Marta Barrachina, en el seu discurs d&#8217;obertura del Debat de l&#8217;Estat &#8230; <a title=\"Marta Barrachina: \u201cLa Diputaci\u00f3 ha tornat a ser el que mai hauria d&#8217;haver deixat de ser: una aliada, una defensora, una garant del futur d&#8217;esta terra\u201d\" class=\"read-more\" href=\"https:\/\/elcafedepipa.com\/index.php\/2025\/07\/03\/marta-barrachina-la-diputacio-ha-tornat-a-ser-el-que-mai-hauria-dhaver-deixat-de-ser-una-aliada-una-defensora-una-garant-del-futur-desta-terra\/\" aria-label=\"M\u00e9s informaci\u00f3 sobre Marta Barrachina: \u201cLa Diputaci\u00f3 ha tornat a ser el que mai hauria d&#8217;haver deixat de ser: una aliada, una defensora, una garant del futur d&#8217;esta terra\u201d\">Read more<\/a><\/p>\n","protected":false},"author":2,"featured_media":15359,"comment_status":"closed","ping_status":"closed","sticky":false,"template":"","format":"standard","meta":{"om_disable_all_campaigns":false,"_monsterinsights_skip_tracking":false,"_monsterinsights_sitenote_active":false,"_monsterinsights_sitenote_note":"","_monsterinsights_sitenote_category":0,"_uf_show_specific_survey":0,"_uf_disable_surveys":false,"footnotes":""},"categories":[10],"tags":[],"class_list":["post-15358","post","type-post","status-publish","format-standard","has-post-thumbnail","hentry","category-provinciadecastello"],"_links":{"self":[{"href":"https:\/\/elcafedepipa.com\/index.php\/wp-json\/wp\/v2\/posts\/15358","targetHints":{"allow":["GET"]}}],"collection":[{"href":"https:\/\/elcafedepipa.com\/index.php\/wp-json\/wp\/v2\/posts"}],"about":[{"href":"https:\/\/elcafedepipa.com\/index.php\/wp-json\/wp\/v2\/types\/post"}],"author":[{"embeddable":true,"href":"https:\/\/elcafedepipa.com\/index.php\/wp-json\/wp\/v2\/users\/2"}],"replies":[{"embeddable":true,"href":"https:\/\/elcafedepipa.com\/index.php\/wp-json\/wp\/v2\/comments?post=15358"}],"version-history":[{"count":1,"href":"https:\/\/elcafedepipa.com\/index.php\/wp-json\/wp\/v2\/posts\/15358\/revisions"}],"predecessor-version":[{"id":15360,"href":"https:\/\/elcafedepipa.com\/index.php\/wp-json\/wp\/v2\/posts\/15358\/revisions\/15360"}],"wp:featuredmedia":[{"embeddable":true,"href":"https:\/\/elcafedepipa.com\/index.php\/wp-json\/wp\/v2\/media\/15359"}],"wp:attachment":[{"href":"https:\/\/elcafedepipa.com\/index.php\/wp-json\/wp\/v2\/media?parent=15358"}],"wp:term":[{"taxonomy":"category","embeddable":true,"href":"https:\/\/elcafedepipa.com\/index.php\/wp-json\/wp\/v2\/categories?post=15358"},{"taxonomy":"post_tag","embeddable":true,"href":"https:\/\/elcafedepipa.com\/index.php\/wp-json\/wp\/v2\/tags?post=15358"}],"curies":[{"name":"wp","href":"https:\/\/api.w.org\/{rel}","templated":true}]}}