{"id":15355,"date":"2025-07-03T15:34:53","date_gmt":"2025-07-03T13:34:53","guid":{"rendered":"https:\/\/elcafedepipa.com\/?p=15355"},"modified":"2025-07-03T15:34:54","modified_gmt":"2025-07-03T13:34:54","slug":"el-pspv-acusa-barrachina-daferrar-se-en-un-bunquer-i-degradar-institucional-i-democraticament-la-diputacio-fins-a-tornar-la-a-la-baixesa-mes-absoluta-com-en-fabra","status":"publish","type":"post","link":"https:\/\/elcafedepipa.com\/index.php\/2025\/07\/03\/el-pspv-acusa-barrachina-daferrar-se-en-un-bunquer-i-degradar-institucional-i-democraticament-la-diputacio-fins-a-tornar-la-a-la-baixesa-mes-absoluta-com-en-fabra\/","title":{"rendered":"El PSPV acusa Barrachina d\u2019aferrar-se en un \u201cb\u00fanquer\u201d i degradar institucional i democr\u00e0ticament la Diputaci\u00f3 fins a tornar-la a la \u201cbaixesa m\u00e9s absoluta, com en Fabra\u201d"},"content":{"rendered":"\n<p><strong>El l\u00edder del PSPV carrega contra la pol\u00edtica \u201cantipobles\u201d del PP i celebra que els alcaldes i alcaldesses aconseguiren fer rectificar Barrachina de la seua intenci\u00f3 de suprimir el fons de cooperaci\u00f3<\/strong><\/p>\n\n\n\n<p>El portaveu del PSPV-PSOE a la Diputaci\u00f3 de Castell\u00f3, Samuel Falomir, ha denunciat durant el Debat sobre l\u2019Estat de la Prov\u00edncia que en l\u2019any transcorregut des de l\u2019anterior sessi\u00f3 \u201cla degradaci\u00f3 institucional i democr\u00e0tica d\u2019esta casa s\u2019ha accelerat a marxa for\u00e7ada\u201d i ha assenyalat directament la presidenta Marta Barrachina. \u201cEn aquesta casa es governa des d\u2019un b\u00fanquer i amb un menyspreu absolut cap al di\u00e0leg, cap a l\u2019oposici\u00f3 i cap a les necessitats reals dels municipis. Han tornat la pol\u00edtica provincial a la baixesa m\u00e9s absoluta, com en els temps de Carlos Fabra, en qu\u00e8 nom\u00e9s governen per als seus i no per a tots\u201d, ha sentenciat.<\/p>\n\n\n\n<p>\u201cEl problema \u00e9s que la presidenta ens veu com a enemics i no com a adversaris amb qui acordar all\u00f2 que beneficia a la prov\u00edncia\u201d, ha lamentat el dirigent socialista, qui ha lamentat que en els \u00faltims dotze mesos nom\u00e9s s\u2019ha aprovat una moci\u00f3 amb el segell socialista. \u201cEns ha dit lladres, \u2018puteros\u2019 o \u2018basura\u2019, per\u00f2, malgrat les desqualificacions, nosaltres continuem oferint m\u00e0 estesa per a treballar junts per una prov\u00edncia millor\u201d, ha remarcat.<\/p>\n\n\n\n<p>En la seua intervenci\u00f3, Falomir ha denunciat que, des del dia u, \u201cBarrachina ha convertit la Diputaci\u00f3 en un instrument al servei del Partit Popular\u201d. \u201cS\u00f3n incapa\u00e7os d\u2019al\u00e7ar la veu davant Maz\u00f3n perqu\u00e8 aix\u00f2 implica incomodar-lo. Mentre nosaltres no mai hem tingut problemes per a acceptar reivindicacions cap al Govern d\u2019Espanya, el PP ha bloquejat qualsevol iniciativa adre\u00e7ada a la Generalitat que defensara els interessos de Castell\u00f3, ja fora demanar-li al president que recupere Cevisama, que pague els deutes milionaris dels serveis socials, que agilitze els expedients de Cultura o que invertisca m\u00e9s a la prov\u00edncia\u201d. \u201cHeu abdicat de ser interlocutors v\u00e0lids amb la resta d\u2019institucions per a defensar la nostra prov\u00edncia\u201d.<\/p>\n\n\n\n<p>El l\u00edder del PSPV castellonenc tamb\u00e9 ha carregat contra la pol\u00edtica \u201cantipobles\u201d de Barrachina, que t\u00e9 com a s\u00edmbol \u201cl\u2019intent de buidar de recursos els ajuntaments amb la supressi\u00f3 del Fons de Cooperaci\u00f3 Municipal\u201d. \u201cVam haver d\u2019al\u00e7ar la veu els alcaldes i alcaldesses i acudir a la just\u00edcia perqu\u00e8 el PP rectificara. Esperem que l\u2019any 2026 el pressuposte des del principi i no jugue a despistar segons a qui pregunte\u201d.<\/p>\n\n\n\n<p>\u201cEl model de repartiment de fons per igual, sense discriminacions, no \u00e9s el del PP. No se senten c\u00f2modes. Ells sempre han estat m\u00e9s c\u00f2modes repartint els diners de tots de forma opaca i arbitr\u00e0ria mitjan\u00e7ant convenis singulars\u201d. Davant aix\u00f2, ha dit, \u201ccalen criteris clars perqu\u00e8 tots els ajuntaments s\u00e0piguen com accedir-hi i que no depenguen de si s\u00f3n del gust de la presidenta\u201d.<\/p>\n\n\n\n<p>Per a Samuel Falomir, s\u00f3n tot exemples que evidencien la \u201cdesconnexi\u00f3 total del PP amb el territori\u201d. \u201cEl silenci de la Diputaci\u00f3 davant la crisi laboral i social pel tancament de Marie Claire als Ports \u00e9s clamor\u00f3s, els bombers estan en peu de guerra, s\u2019ha abandonat l\u2019ajuda als ajuntaments amb el tancament de bona part de la xarxa d\u2019Ofisam i poc o res s\u2019est\u00e0 fent per a combatre la plaga de mosquits. La lectura de l\u2019\u00faltim any no pot ser gens positiva\u201d, ha dit.<\/p>\n\n\n\n<p>En clau social, el portaveu socialista ha criticat que, tot i no caldre\u2019ls el seu vot, \u201cel PP ha acabat comprant el marc ideol\u00f2gic de VOX, que s\u2019ha tradu\u00eft en l\u2019abandonament del suport a col\u00b7lectius com els artesans, les entitats de mem\u00f2ria democr\u00e0tica o les ONG de cooperaci\u00f3.<\/p>\n\n\n\n<p>Per als pr\u00f2xims mesos, Falomir ha preguntat qu\u00e8 pensa fer l\u2019equip de govern amb els 19 milions d\u2019euros de romanent de tresoreria, i ha proposat destinar-los a avan\u00e7ar recursos als ajuntaments i a les mancomunitats perqu\u00e8 cobrisquen el cost dels serveis socials. \u201cActualment es troben en una situaci\u00f3 de col\u00b7lapse econ\u00f2mic perqu\u00e8 s\u2019han vist obligats a posar diners propis per a pagar les n\u00f2mines dels treballadors i treballadores socials i que no hagen de tancat cap servei\u201d. Davant aix\u00f2, ha reclamat a Maz\u00f3n que pague \u201cja\u201d.<\/p>\n\n\n\n<p>\u201cDefensar a la nostra gent es demostra amb fets, i queda clar que ac\u00ed, amb aix\u00f2, no tots som iguals\u201d, ha sentenciat Falomir. \u201cMentre continueu veient la Diputaci\u00f3 com el vostre pati particular, no ser\u00e0 \u00fatil per a la ciutadania. Sense di\u00e0leg arriben les guerres, i aquest grup mai renunciar\u00e0 a asseure\u2019s, dialogar i acordar tot all\u00f2 que siga benefici\u00f3s per a la prov\u00edncia\u201d, ha concl\u00f2s.<\/p>\n","protected":false},"excerpt":{"rendered":"<p>El l\u00edder del PSPV carrega contra la pol\u00edtica \u201cantipobles\u201d del PP i celebra que els alcaldes i alcaldesses aconseguiren fer rectificar Barrachina de la seua intenci\u00f3 de suprimir el fons de cooperaci\u00f3 El portaveu del PSPV-PSOE a la Diputaci\u00f3 de Castell\u00f3, Samuel Falomir, ha denunciat durant el Debat sobre l\u2019Estat de la Prov\u00edncia que en &#8230; <a title=\"El PSPV acusa Barrachina d\u2019aferrar-se en un \u201cb\u00fanquer\u201d i degradar institucional i democr\u00e0ticament la Diputaci\u00f3 fins a tornar-la a la \u201cbaixesa m\u00e9s absoluta, com en Fabra\u201d\" class=\"read-more\" href=\"https:\/\/elcafedepipa.com\/index.php\/2025\/07\/03\/el-pspv-acusa-barrachina-daferrar-se-en-un-bunquer-i-degradar-institucional-i-democraticament-la-diputacio-fins-a-tornar-la-a-la-baixesa-mes-absoluta-com-en-fabra\/\" aria-label=\"M\u00e9s informaci\u00f3 sobre El PSPV acusa Barrachina d\u2019aferrar-se en un \u201cb\u00fanquer\u201d i degradar institucional i democr\u00e0ticament la Diputaci\u00f3 fins a tornar-la a la \u201cbaixesa m\u00e9s absoluta, com en Fabra\u201d\">Read more<\/a><\/p>\n","protected":false},"author":2,"featured_media":15356,"comment_status":"closed","ping_status":"closed","sticky":false,"template":"","format":"standard","meta":{"om_disable_all_campaigns":false,"_monsterinsights_skip_tracking":false,"_monsterinsights_sitenote_active":false,"_monsterinsights_sitenote_note":"","_monsterinsights_sitenote_category":0,"_uf_show_specific_survey":0,"_uf_disable_surveys":false,"footnotes":""},"categories":[10],"tags":[],"class_list":["post-15355","post","type-post","status-publish","format-standard","has-post-thumbnail","hentry","category-provinciadecastello"],"_links":{"self":[{"href":"https:\/\/elcafedepipa.com\/index.php\/wp-json\/wp\/v2\/posts\/15355","targetHints":{"allow":["GET"]}}],"collection":[{"href":"https:\/\/elcafedepipa.com\/index.php\/wp-json\/wp\/v2\/posts"}],"about":[{"href":"https:\/\/elcafedepipa.com\/index.php\/wp-json\/wp\/v2\/types\/post"}],"author":[{"embeddable":true,"href":"https:\/\/elcafedepipa.com\/index.php\/wp-json\/wp\/v2\/users\/2"}],"replies":[{"embeddable":true,"href":"https:\/\/elcafedepipa.com\/index.php\/wp-json\/wp\/v2\/comments?post=15355"}],"version-history":[{"count":1,"href":"https:\/\/elcafedepipa.com\/index.php\/wp-json\/wp\/v2\/posts\/15355\/revisions"}],"predecessor-version":[{"id":15357,"href":"https:\/\/elcafedepipa.com\/index.php\/wp-json\/wp\/v2\/posts\/15355\/revisions\/15357"}],"wp:featuredmedia":[{"embeddable":true,"href":"https:\/\/elcafedepipa.com\/index.php\/wp-json\/wp\/v2\/media\/15356"}],"wp:attachment":[{"href":"https:\/\/elcafedepipa.com\/index.php\/wp-json\/wp\/v2\/media?parent=15355"}],"wp:term":[{"taxonomy":"category","embeddable":true,"href":"https:\/\/elcafedepipa.com\/index.php\/wp-json\/wp\/v2\/categories?post=15355"},{"taxonomy":"post_tag","embeddable":true,"href":"https:\/\/elcafedepipa.com\/index.php\/wp-json\/wp\/v2\/tags?post=15355"}],"curies":[{"name":"wp","href":"https:\/\/api.w.org\/{rel}","templated":true}]}}