{"id":15352,"date":"2025-07-03T15:32:18","date_gmt":"2025-07-03T13:32:18","guid":{"rendered":"https:\/\/elcafedepipa.com\/?p=15352"},"modified":"2025-07-03T15:32:19","modified_gmt":"2025-07-03T13:32:19","slug":"nules-sollicita-la-declaracio-com-a-zona-afectada-per-plaga-de-conills","status":"publish","type":"post","link":"https:\/\/elcafedepipa.com\/index.php\/2025\/07\/03\/nules-sollicita-la-declaracio-com-a-zona-afectada-per-plaga-de-conills\/","title":{"rendered":"Nules sol\u00b7licita la declaraci\u00f3 com a zona afectada per plaga de conills"},"content":{"rendered":"\n<p><strong>El ple aprova una declaraci\u00f3 institucional per a instar a la Conselleria de Medi Ambient al seu reconeixement&nbsp;<\/strong><\/p>\n\n\n\n<p>El ple de l\u2019Ajuntament de Nules ha aprovat recentment una declaraci\u00f3 institucional sol\u00b7licitant a la Conselleria de Medi Ambient, Infraestructures i Territori de la Generalitat Valenciana la declaraci\u00f3 de Nules com a terme municipal amb sobrepoblaci\u00f3 o plaga de conills, i ajudes per a fer front a la mateixa.&nbsp;<\/p>\n\n\n\n<p>El que es vol \u00e9s que es declari el municipi com a zona afectada per plaga de conills, a efectes previstos a la normativa vigent, possibilitant aix\u00ed l\u2019adopci\u00f3 de mesures excepcionals de control cineg\u00e8tic, i la concessi\u00f3 d\u2019ajudes i subvencions previstes en els programes de suport al personal afectat.<\/p>\n\n\n\n<p>Aix\u00ed mateix, tamb\u00e9 es demana que es permeti portar a terme actuacions necess\u00e0ries per al control efectiu i urgent de la poblaci\u00f3 de conill a tot el terme municipal; al mateix temps que s\u2019insta a la Conselleria de Medi Ambient a la realitzaci\u00f3 i aprovaci\u00f3 d\u2019una ordre que estableixi les bases reguladores per a la concessi\u00f3 d\u2019ajudes a ajuntaments destinades a facilitar el control poblacional de conill als municipis amb sobreabund\u00e0ncia; i al Ministeri d\u2019Agricultura a portar a terme actuacions de manteniment i neteja dels vials de la seua compet\u00e8ncia.&nbsp;&nbsp;&nbsp;&nbsp;&nbsp;&nbsp;&nbsp;<\/p>\n\n\n\n<p>De fet, aquesta declaraci\u00f3 institucional aprovada per tots els grups pol\u00edtics municipals amb representaci\u00f3 a l\u2019Ajuntament de Nules, se suma a altres iniciatives ja en marxa.<\/p>\n\n\n\n<p>Aix\u00ed, cal recordar que l\u2019Ajuntament de Nules juntament amb l\u2019Associaci\u00f3 Independent de Llauradors de Nules i de l\u2019Associaci\u00f3 de Ca\u00e7adors del municipi han posat en marxa una campanya de recollida de queixes pels danys ocasionats per la plaga de conills de muntanya que hi ha al terme municipal, amb la finalitat tamb\u00e9 de sol\u00b7licitar a la Conselleria de Medi Ambient, Infraestructures i Territori la seua declaraci\u00f3 com a zona afectada.<\/p>\n\n\n\n<p>Davant a\u00e7\u00f2, des de la regidoria d\u2019Agricultura s\u2019explica que hi ha finques que registren danys continuats, greus i progressius en els seus cultius com a conseq\u00fc\u00e8ncia de la proliferaci\u00f3 descontrolada del conill de muntanya, de manera que \u201cles p\u00e8rdues econ\u00f2miques derivades d\u2019aquesta situaci\u00f3 afecten de forma directa i greu a la rendibilitat de l\u2019explotaci\u00f3 agr\u00edcola, per tant amb aquesta declaraci\u00f3 institucional seguim donat suport a les propostes fetes pels llauradors\u201d, matisa C\u00e9sar Esta\u00f1ol.<\/p>\n","protected":false},"excerpt":{"rendered":"<p>El ple aprova una declaraci\u00f3 institucional per a instar a la Conselleria de Medi Ambient al seu reconeixement&nbsp; El ple de l\u2019Ajuntament de Nules ha aprovat recentment una declaraci\u00f3 institucional sol\u00b7licitant a la Conselleria de Medi Ambient, Infraestructures i Territori de la Generalitat Valenciana la declaraci\u00f3 de Nules com a terme municipal amb sobrepoblaci\u00f3 o &#8230; <a title=\"Nules sol\u00b7licita la declaraci\u00f3 com a zona afectada per plaga de conills\" class=\"read-more\" href=\"https:\/\/elcafedepipa.com\/index.php\/2025\/07\/03\/nules-sollicita-la-declaracio-com-a-zona-afectada-per-plaga-de-conills\/\" aria-label=\"M\u00e9s informaci\u00f3 sobre Nules sol\u00b7licita la declaraci\u00f3 com a zona afectada per plaga de conills\">Read more<\/a><\/p>\n","protected":false},"author":2,"featured_media":15353,"comment_status":"closed","ping_status":"closed","sticky":false,"template":"","format":"standard","meta":{"om_disable_all_campaigns":false,"_monsterinsights_skip_tracking":false,"_monsterinsights_sitenote_active":false,"_monsterinsights_sitenote_note":"","_monsterinsights_sitenote_category":0,"_uf_show_specific_survey":0,"_uf_disable_surveys":false,"footnotes":""},"categories":[3],"tags":[],"class_list":["post-15352","post","type-post","status-publish","format-standard","has-post-thumbnail","hentry","category-nules"],"_links":{"self":[{"href":"https:\/\/elcafedepipa.com\/index.php\/wp-json\/wp\/v2\/posts\/15352","targetHints":{"allow":["GET"]}}],"collection":[{"href":"https:\/\/elcafedepipa.com\/index.php\/wp-json\/wp\/v2\/posts"}],"about":[{"href":"https:\/\/elcafedepipa.com\/index.php\/wp-json\/wp\/v2\/types\/post"}],"author":[{"embeddable":true,"href":"https:\/\/elcafedepipa.com\/index.php\/wp-json\/wp\/v2\/users\/2"}],"replies":[{"embeddable":true,"href":"https:\/\/elcafedepipa.com\/index.php\/wp-json\/wp\/v2\/comments?post=15352"}],"version-history":[{"count":1,"href":"https:\/\/elcafedepipa.com\/index.php\/wp-json\/wp\/v2\/posts\/15352\/revisions"}],"predecessor-version":[{"id":15354,"href":"https:\/\/elcafedepipa.com\/index.php\/wp-json\/wp\/v2\/posts\/15352\/revisions\/15354"}],"wp:featuredmedia":[{"embeddable":true,"href":"https:\/\/elcafedepipa.com\/index.php\/wp-json\/wp\/v2\/media\/15353"}],"wp:attachment":[{"href":"https:\/\/elcafedepipa.com\/index.php\/wp-json\/wp\/v2\/media?parent=15352"}],"wp:term":[{"taxonomy":"category","embeddable":true,"href":"https:\/\/elcafedepipa.com\/index.php\/wp-json\/wp\/v2\/categories?post=15352"},{"taxonomy":"post_tag","embeddable":true,"href":"https:\/\/elcafedepipa.com\/index.php\/wp-json\/wp\/v2\/tags?post=15352"}],"curies":[{"name":"wp","href":"https:\/\/api.w.org\/{rel}","templated":true}]}}