{"id":15342,"date":"2025-07-03T15:24:43","date_gmt":"2025-07-03T13:24:43","guid":{"rendered":"https:\/\/elcafedepipa.com\/?p=15342"},"modified":"2025-07-03T15:24:44","modified_gmt":"2025-07-03T13:24:44","slug":"la-junta-local-de-seguretat-de-la-vall-duixo-posa-el-focus-a-combatre-la-violencia-de-genere","status":"publish","type":"post","link":"https:\/\/elcafedepipa.com\/index.php\/2025\/07\/03\/la-junta-local-de-seguretat-de-la-vall-duixo-posa-el-focus-a-combatre-la-violencia-de-genere\/","title":{"rendered":"La Junta Local de Seguretat de la Vall d\u2019Uix\u00f3 posa el focus a combatre la viol\u00e8ncia de g\u00e8nere"},"content":{"rendered":"\n<p><strong>Policia Local, Gu\u00e0rdia Civil i Policia Nacional Adscrita participen a la reuni\u00f3 semestral per coordinar actuacions de seguretat ciutadana<\/strong><\/p>\n\n\n\n<p>L&#8217;Ajuntament de la Vall d&#8217;Uix\u00f3 ha allotjat la Junta Local de Seguretat, copresidida per l&#8217;alcaldessa, Tania Ba\u00f1os, i la subdelegada del Govern a Castell\u00f3, Antonia Garc\u00eda. Aquesta reuni\u00f3 de treball es reuneix semestralment per coordinar les actuacions entre les forces de seguretat que vetllen per la seguretat ciutadana, i per aix\u00f2 han assistit tant Policia Local com Gu\u00e0rdia Civil i Policia Nacional Adscrita.<\/p>\n\n\n\n<p>La trobada ha posat el focus en les accions per combatre la viol\u00e8ncia de g\u00e8nere, at\u00e8s que actualment la Vall d\u2019Uix\u00f3 compta amb 142 dones dins del programa VioGen. &#8220;La nostra ciutat no \u00e9s aliena a aquesta realitat social i la Policia Local i la Gu\u00e0rdia Civil comparteixen una feina de seguiment i vigil\u00e0ncia que moltes vegades es desconeix per\u00f2 que salva vides&#8221;, ha afirmat l&#8217;alcaldessa.<\/p>\n\n\n\n<p>En aquest sentit, les xifres \u201cdemostren que, malgrat el negacionisme de la ultradreta, la viol\u00e8ncia de g\u00e8nere existeix\u201d. Per tant, despr\u00e9s de la junta han instat la poblaci\u00f3 \u201ca denunciar si es pateix viol\u00e8ncia de g\u00e8nere o si es coneix el cas d&#8217;alguna familiar, amiga o coneguda, perqu\u00e8 comunicar-ho a les forces i els cossos de seguretat pot marcar la difer\u00e8ncia entre salvar la vida o no\u201d. I \u00e9s que les dades assenyalen que el 75% de les dones assassinades no estaven incloses al programa VioGen de protecci\u00f3 a les v\u00edctimes que han denunciat.<\/p>\n\n\n\n<p>L&#8217;alcaldessa ha agra\u00eft la feina \u201cconjunta i coordinada\u201d entre Policia Local, Gu\u00e0rdia Civil i Policia Nacional Adscrita, cada cos en l&#8217;\u00e0mbit de les seves compet\u00e8ncies, perqu\u00e8 \u00e9s \u201cla garantia de la seguretat ciutadana\u201d i que la Vall d&#8217;Uix\u00f3 sigui \u201cuna ciutat segura i tranquil\u00b7la, en qu\u00e8 els cossos i forces de seguretat tenen plenament identificats els punts i problemes existents\u201d.<\/p>\n\n\n\n<p>Aix\u00ed mateix, a la reuni\u00f3 de treball s&#8217;han tractat altres q\u00fcestions relacionades com el dispositiu especial de seguretat per a les Penyes a Festes al mes d&#8217;agost, especialment als actes multitudinaris i al tancament de bous cerrils; tr\u00e0nsit i seguretat vi\u00e0ria o la campanya agr\u00edcola.<\/p>\n","protected":false},"excerpt":{"rendered":"<p>Policia Local, Gu\u00e0rdia Civil i Policia Nacional Adscrita participen a la reuni\u00f3 semestral per coordinar actuacions de seguretat ciutadana L&#8217;Ajuntament de la Vall d&#8217;Uix\u00f3 ha allotjat la Junta Local de Seguretat, copresidida per l&#8217;alcaldessa, Tania Ba\u00f1os, i la subdelegada del Govern a Castell\u00f3, Antonia Garc\u00eda. Aquesta reuni\u00f3 de treball es reuneix semestralment per coordinar les &#8230; <a title=\"La Junta Local de Seguretat de la Vall d\u2019Uix\u00f3 posa el focus a combatre la viol\u00e8ncia de g\u00e8nere\" class=\"read-more\" href=\"https:\/\/elcafedepipa.com\/index.php\/2025\/07\/03\/la-junta-local-de-seguretat-de-la-vall-duixo-posa-el-focus-a-combatre-la-violencia-de-genere\/\" aria-label=\"M\u00e9s informaci\u00f3 sobre La Junta Local de Seguretat de la Vall d\u2019Uix\u00f3 posa el focus a combatre la viol\u00e8ncia de g\u00e8nere\">Read more<\/a><\/p>\n","protected":false},"author":2,"featured_media":15343,"comment_status":"closed","ping_status":"closed","sticky":false,"template":"","format":"standard","meta":{"om_disable_all_campaigns":false,"_monsterinsights_skip_tracking":false,"_monsterinsights_sitenote_active":false,"_monsterinsights_sitenote_note":"","_monsterinsights_sitenote_category":0,"_uf_show_specific_survey":0,"_uf_disable_surveys":false,"footnotes":""},"categories":[1],"tags":[],"class_list":["post-15342","post","type-post","status-publish","format-standard","has-post-thumbnail","hentry","category-non-classe"],"_links":{"self":[{"href":"https:\/\/elcafedepipa.com\/index.php\/wp-json\/wp\/v2\/posts\/15342","targetHints":{"allow":["GET"]}}],"collection":[{"href":"https:\/\/elcafedepipa.com\/index.php\/wp-json\/wp\/v2\/posts"}],"about":[{"href":"https:\/\/elcafedepipa.com\/index.php\/wp-json\/wp\/v2\/types\/post"}],"author":[{"embeddable":true,"href":"https:\/\/elcafedepipa.com\/index.php\/wp-json\/wp\/v2\/users\/2"}],"replies":[{"embeddable":true,"href":"https:\/\/elcafedepipa.com\/index.php\/wp-json\/wp\/v2\/comments?post=15342"}],"version-history":[{"count":1,"href":"https:\/\/elcafedepipa.com\/index.php\/wp-json\/wp\/v2\/posts\/15342\/revisions"}],"predecessor-version":[{"id":15344,"href":"https:\/\/elcafedepipa.com\/index.php\/wp-json\/wp\/v2\/posts\/15342\/revisions\/15344"}],"wp:featuredmedia":[{"embeddable":true,"href":"https:\/\/elcafedepipa.com\/index.php\/wp-json\/wp\/v2\/media\/15343"}],"wp:attachment":[{"href":"https:\/\/elcafedepipa.com\/index.php\/wp-json\/wp\/v2\/media?parent=15342"}],"wp:term":[{"taxonomy":"category","embeddable":true,"href":"https:\/\/elcafedepipa.com\/index.php\/wp-json\/wp\/v2\/categories?post=15342"},{"taxonomy":"post_tag","embeddable":true,"href":"https:\/\/elcafedepipa.com\/index.php\/wp-json\/wp\/v2\/tags?post=15342"}],"curies":[{"name":"wp","href":"https:\/\/api.w.org\/{rel}","templated":true}]}}