{"id":15319,"date":"2025-07-03T13:51:42","date_gmt":"2025-07-03T11:51:42","guid":{"rendered":"https:\/\/elcafedepipa.com\/?p=15319"},"modified":"2025-07-03T13:51:43","modified_gmt":"2025-07-03T11:51:43","slug":"juan-diego-garcia-renuncia-a-continuar-com-a-regidor-del-pp-a-la-vall-duixo","status":"publish","type":"post","link":"https:\/\/elcafedepipa.com\/index.php\/2025\/07\/03\/juan-diego-garcia-renuncia-a-continuar-com-a-regidor-del-pp-a-la-vall-duixo\/","title":{"rendered":"Juan Diego Garc\u00eda renuncia a continuar com a regidor del PP a la Vall d&#8217;Uix\u00f3"},"content":{"rendered":"\n<p>Per motius estrictament personals. Eixa \u00e9s l&#8217;explicaci\u00f3 que s&#8217;ha fet p\u00fablica des del Partit Popular de la Vall a la decisi\u00f3 que ha manifestat el regidor Juan Diego Garc\u00eda Talamantes, que anava en el quart lloc de la llista municipal en les passades eleccions municipals de l&#8217;any 2023. El portaveu del PP, Herminio Serra, confirma la not\u00edcia aix\u00ed com que ja han parlat amb Jorge Centelles, que ser\u00e0 la persona que en breu prendr\u00e0 possessi\u00f3 de l&#8217;acta com a regidor, una volta que ha manifestat el seu desig d&#8217;acceptar-la al ser el seg\u00fcent que anava en la llista, en concret en el lloc onze.<\/p>\n\n\n\n<p>Aquest \u00e9s ja el tercer canvi de regidors que es produeix des de juny de 2023. Cal recordar que Elena P\u00e9rez Ru\u00edz, regidora socialista de Dinamitzaci\u00f3 de Barris en la passada legislatura, no va arribar a prendre possesi\u00f3 al juny del 2023 i que fou substutu\u00efda per l&#8217;actual regidor d&#8217;Educaci\u00f3, Manel Agea.<\/p>\n\n\n\n<p>Posteriorment, Milagros Segovia S\u00e1nchez-Pascuala prenia possessi\u00f3 de l&#8217;acta com a regidora popular al ple del 26 de juny del 2024, substituint a Jos\u00e9 Antonio P\u00e9rez despr\u00e9s de la mort del regidor el 8 de maig del mateix any.<\/p>\n\n\n\n<p>El portaveu popular, Herminio Serra, ha agra\u00eft el treball fet per Garc\u00eda estos dos anys i per haver volgut formar part del projecte popular. Confirmava que Centelles ser\u00e0 el pr\u00f2xim regidor l&#8217;animava tamb\u00e9 a seguir treballant, agraint-li l&#8217;assumpci\u00f3 del repte i comminant-lo a defensar el projecte i objectiu centrat en les properes eleccions del 2027 on els populars s&#8217;han marcat el repte de recuperar l&#8217;alcaldia despr\u00e9s de tres legislatures.<\/p>\n\n\n\n<p>El cas de Garc\u00eda Talamantes ha despertat certa curiositat, perqu\u00e8 va anar en llistes de Ciudadanos de Centro Democr\u00e1tico en l&#8217;any 2019 i va pugnar fins l&#8217;\u00faltim moment per encap\u00e7alar la candidatura de Vox a la Vall en el 2023. Finalment, va formar part de la llista que van presentar els populars en un viatge que ha arribat fins hui.<\/p>\n","protected":false},"excerpt":{"rendered":"<p>Per motius estrictament personals. Eixa \u00e9s l&#8217;explicaci\u00f3 que s&#8217;ha fet p\u00fablica des del Partit Popular de la Vall a la decisi\u00f3 que ha manifestat el regidor Juan Diego Garc\u00eda Talamantes, que anava en el quart lloc de la llista municipal en les passades eleccions municipals de l&#8217;any 2023. El portaveu del PP, Herminio Serra, confirma &#8230; <a title=\"Juan Diego Garc\u00eda renuncia a continuar com a regidor del PP a la Vall d&#8217;Uix\u00f3\" class=\"read-more\" href=\"https:\/\/elcafedepipa.com\/index.php\/2025\/07\/03\/juan-diego-garcia-renuncia-a-continuar-com-a-regidor-del-pp-a-la-vall-duixo\/\" aria-label=\"M\u00e9s informaci\u00f3 sobre Juan Diego Garc\u00eda renuncia a continuar com a regidor del PP a la Vall d&#8217;Uix\u00f3\">Read more<\/a><\/p>\n","protected":false},"author":2,"featured_media":15320,"comment_status":"closed","ping_status":"closed","sticky":false,"template":"","format":"standard","meta":{"om_disable_all_campaigns":false,"_monsterinsights_skip_tracking":false,"_monsterinsights_sitenote_active":false,"_monsterinsights_sitenote_note":"","_monsterinsights_sitenote_category":0,"_uf_show_specific_survey":0,"_uf_disable_surveys":false,"footnotes":""},"categories":[1],"tags":[],"class_list":["post-15319","post","type-post","status-publish","format-standard","has-post-thumbnail","hentry","category-non-classe"],"_links":{"self":[{"href":"https:\/\/elcafedepipa.com\/index.php\/wp-json\/wp\/v2\/posts\/15319","targetHints":{"allow":["GET"]}}],"collection":[{"href":"https:\/\/elcafedepipa.com\/index.php\/wp-json\/wp\/v2\/posts"}],"about":[{"href":"https:\/\/elcafedepipa.com\/index.php\/wp-json\/wp\/v2\/types\/post"}],"author":[{"embeddable":true,"href":"https:\/\/elcafedepipa.com\/index.php\/wp-json\/wp\/v2\/users\/2"}],"replies":[{"embeddable":true,"href":"https:\/\/elcafedepipa.com\/index.php\/wp-json\/wp\/v2\/comments?post=15319"}],"version-history":[{"count":1,"href":"https:\/\/elcafedepipa.com\/index.php\/wp-json\/wp\/v2\/posts\/15319\/revisions"}],"predecessor-version":[{"id":15321,"href":"https:\/\/elcafedepipa.com\/index.php\/wp-json\/wp\/v2\/posts\/15319\/revisions\/15321"}],"wp:featuredmedia":[{"embeddable":true,"href":"https:\/\/elcafedepipa.com\/index.php\/wp-json\/wp\/v2\/media\/15320"}],"wp:attachment":[{"href":"https:\/\/elcafedepipa.com\/index.php\/wp-json\/wp\/v2\/media?parent=15319"}],"wp:term":[{"taxonomy":"category","embeddable":true,"href":"https:\/\/elcafedepipa.com\/index.php\/wp-json\/wp\/v2\/categories?post=15319"},{"taxonomy":"post_tag","embeddable":true,"href":"https:\/\/elcafedepipa.com\/index.php\/wp-json\/wp\/v2\/tags?post=15319"}],"curies":[{"name":"wp","href":"https:\/\/api.w.org\/{rel}","templated":true}]}}