{"id":15301,"date":"2025-07-02T14:56:01","date_gmt":"2025-07-02T12:56:01","guid":{"rendered":"https:\/\/elcafedepipa.com\/?p=15301"},"modified":"2025-07-02T14:56:08","modified_gmt":"2025-07-02T12:56:08","slug":"moncofa-acull-un-curs-gratuit-de-monitor-a-de-menjador-per-a-persones-desocupades-amb-totes-les-places-cobertes","status":"publish","type":"post","link":"https:\/\/elcafedepipa.com\/index.php\/2025\/07\/02\/moncofa-acull-un-curs-gratuit-de-monitor-a-de-menjador-per-a-persones-desocupades-amb-totes-les-places-cobertes\/","title":{"rendered":"Moncofa acull un curs gratu\u00eft de monitor\/a de menjador per a persones desocupades amb totes les places cobertes"},"content":{"rendered":"\n<p>Hui ha comen\u00e7at a Moncofa un nou curs de monitor\/a de menjador escolar, organitzat per l&#8217;Ajuntament en col\u00b7laboraci\u00f3 amb la Diputaci\u00f3 Provincial. La formaci\u00f3, que s&#8217;impartir\u00e0 en el Local d&#8217;associacions, est\u00e0 dirigida a persones desocupades, amb una c\u00e0rrega lectiva de 30 hores, del 2 al 9 de juliol.<\/p>\n\n\n\n<p>Des del consistori destaquen l&#8217;\u00e8xit de la convocat\u00f2ria, que ha cobert totes les places disponibles, i la import\u00e0ncia d&#8217;oferir oportunitats de formaci\u00f3 orientades a millorar l&#8217;ocupabilitat dels ve\u00efns i ve\u00efnes del municipi. \u201cEstem molt contents pel gran acolliment que ha tingut este curs. Per a nosaltres \u00e9s molt important poder formar la nostra gent en activitats que els poden obrir les portes al mercat laboral, tant en l\u2019escola com en altres \u00e0mbits\u201d, ha afirmat la regidora d&#8217;Educaci\u00f3 i de Joventut, Arantxa Igual.<\/p>\n","protected":false},"excerpt":{"rendered":"<p>Hui ha comen\u00e7at a Moncofa un nou curs de monitor\/a de menjador escolar, organitzat per l&#8217;Ajuntament en col\u00b7laboraci\u00f3 amb la Diputaci\u00f3 Provincial. La formaci\u00f3, que s&#8217;impartir\u00e0 en el Local d&#8217;associacions, est\u00e0 dirigida a persones desocupades, amb una c\u00e0rrega lectiva de 30 hores, del 2 al 9 de juliol. Des del consistori destaquen l&#8217;\u00e8xit de la &#8230; <a title=\"Moncofa acull un curs gratu\u00eft de monitor\/a de menjador per a persones desocupades amb totes les places cobertes\" class=\"read-more\" href=\"https:\/\/elcafedepipa.com\/index.php\/2025\/07\/02\/moncofa-acull-un-curs-gratuit-de-monitor-a-de-menjador-per-a-persones-desocupades-amb-totes-les-places-cobertes\/\" aria-label=\"M\u00e9s informaci\u00f3 sobre Moncofa acull un curs gratu\u00eft de monitor\/a de menjador per a persones desocupades amb totes les places cobertes\">Read more<\/a><\/p>\n","protected":false},"author":2,"featured_media":15302,"comment_status":"closed","ping_status":"closed","sticky":false,"template":"","format":"standard","meta":{"om_disable_all_campaigns":false,"_monsterinsights_skip_tracking":false,"_monsterinsights_sitenote_active":false,"_monsterinsights_sitenote_note":"","_monsterinsights_sitenote_category":0,"_uf_show_specific_survey":0,"_uf_disable_surveys":false,"footnotes":""},"categories":[4],"tags":[],"class_list":["post-15301","post","type-post","status-publish","format-standard","has-post-thumbnail","hentry","category-moncofa"],"_links":{"self":[{"href":"https:\/\/elcafedepipa.com\/index.php\/wp-json\/wp\/v2\/posts\/15301","targetHints":{"allow":["GET"]}}],"collection":[{"href":"https:\/\/elcafedepipa.com\/index.php\/wp-json\/wp\/v2\/posts"}],"about":[{"href":"https:\/\/elcafedepipa.com\/index.php\/wp-json\/wp\/v2\/types\/post"}],"author":[{"embeddable":true,"href":"https:\/\/elcafedepipa.com\/index.php\/wp-json\/wp\/v2\/users\/2"}],"replies":[{"embeddable":true,"href":"https:\/\/elcafedepipa.com\/index.php\/wp-json\/wp\/v2\/comments?post=15301"}],"version-history":[{"count":1,"href":"https:\/\/elcafedepipa.com\/index.php\/wp-json\/wp\/v2\/posts\/15301\/revisions"}],"predecessor-version":[{"id":15303,"href":"https:\/\/elcafedepipa.com\/index.php\/wp-json\/wp\/v2\/posts\/15301\/revisions\/15303"}],"wp:featuredmedia":[{"embeddable":true,"href":"https:\/\/elcafedepipa.com\/index.php\/wp-json\/wp\/v2\/media\/15302"}],"wp:attachment":[{"href":"https:\/\/elcafedepipa.com\/index.php\/wp-json\/wp\/v2\/media?parent=15301"}],"wp:term":[{"taxonomy":"category","embeddable":true,"href":"https:\/\/elcafedepipa.com\/index.php\/wp-json\/wp\/v2\/categories?post=15301"},{"taxonomy":"post_tag","embeddable":true,"href":"https:\/\/elcafedepipa.com\/index.php\/wp-json\/wp\/v2\/tags?post=15301"}],"curies":[{"name":"wp","href":"https:\/\/api.w.org\/{rel}","templated":true}]}}