{"id":15290,"date":"2025-07-02T12:15:22","date_gmt":"2025-07-02T10:15:22","guid":{"rendered":"https:\/\/elcafedepipa.com\/?p=15290"},"modified":"2025-07-02T12:15:23","modified_gmt":"2025-07-02T10:15:23","slug":"lajuntament-de-peniscola-i-los40-maestrat-porten-los40-summer-live-a-peniscola-el-25-de-juliol-amb-naiara-la-beba-safree-enol-pikete-vicco-i-miguel-bueno","status":"publish","type":"post","link":"https:\/\/elcafedepipa.com\/index.php\/2025\/07\/02\/lajuntament-de-peniscola-i-los40-maestrat-porten-los40-summer-live-a-peniscola-el-25-de-juliol-amb-naiara-la-beba-safree-enol-pikete-vicco-i-miguel-bueno\/","title":{"rendered":"L\u2019Ajuntament de Pen\u00edscola i LOS40 Maestrat porten LOS40 Summer Live a Pen\u00edscola el 25 de juliol amb Naiara, La Beba, Safree, Enol, Pikete, Vicco i Miguel Bueno"},"content":{"rendered":"\n<p>Pen\u00edscola ser\u00e0 una de les localitats que formen part de la gira LOS40 Summer Live 2025, el tour d\u2019estiu organitzat per la cadena musical LOS40 que recorre diverses ciutats espanyoles amb concerts gratu\u00efts a l\u2019aire lliure. La cita, organitzada per l\u2019Ajuntament de Pen\u00edscola i LOS40 Maestrat, tindr\u00e0 lloc el pr\u00f2xim divendres 25 de juliol a la Platja Sur, convertint el passeig mar\u00edtim en un gran escenari a peu de mar.<\/p>\n\n\n\n<p>Segons ha informat LOS40, el cartell confirmat per a Pen\u00edscola inclou artistes emergents que estan consolidant-se en el panorama musical estatal, com Naiara, La Beba, Safree, Enol, Pikete, Vicco i Miguel Bueno, a m\u00e9s de la sessi\u00f3 del DJ David \u00c1lvarez.<\/p>\n\n\n\n<p>Aquest concert s\u2019emmarca dins una gira que entre els mesos de juliol i agost recorrer\u00e0 un total de 22 ciutats, des del seu inici a Jerez de la Frontera fins a la cloenda a Almu\u00f1\u00e9car. A Pen\u00edscola, l\u2019espectacle comen\u00e7ar\u00e0 a \u00faltima hora de la vesprada i s\u2019espera que congregui milers de persones tant de la localitat com de municipis pr\u00f2xims.<\/p>\n\n\n\n<p>L\u2019emissora LOS40 Maestrat, amb cobertura al territori, seguir\u00e0 de prop l\u2019esdeveniment i oferir\u00e0 informaci\u00f3 i continguts especials. Des de l\u2019organitzaci\u00f3 es destaca l\u2019aposta de Pen\u00edscola per acollir cites musicals d\u2019aquesta magnitud, que contribueixen a promoure Pen\u00edscola en l\u2019\u00e0mbit nacional i internacional.<\/p>\n\n\n\n<p>A m\u00e9s, cal recordar que l\u2019any 2018 Pen\u00edscola ja va acollir una parada del LOS40 Summer Live, convertint-se en el concert m\u00e9s multitudinari celebrat mai a les nostres comarques, amb milers d\u2019assistents omplint la zona mar\u00edtima en una jornada que va marcar un abans i un despr\u00e9s en la hist\u00f2ria dels grans esdeveniments musicals de la zona.<\/p>\n\n\n\n<p>Els concerts de LOS40 Summer Live s\u00f3n gratu\u00efts i busquen apropar als joves les novetats musicals que m\u00e9s sonen a les emissores, en un format festiu i a l\u2019aire lliure. L\u2019organitzaci\u00f3 recomana acudir amb antelaci\u00f3 per garantir l\u2019acc\u00e9s i gaudir amb seguretat de l\u2019espectacle.<\/p>\n","protected":false},"excerpt":{"rendered":"<p>Pen\u00edscola ser\u00e0 una de les localitats que formen part de la gira LOS40 Summer Live 2025, el tour d\u2019estiu organitzat per la cadena musical LOS40 que recorre diverses ciutats espanyoles amb concerts gratu\u00efts a l\u2019aire lliure. La cita, organitzada per l\u2019Ajuntament de Pen\u00edscola i LOS40 Maestrat, tindr\u00e0 lloc el pr\u00f2xim divendres 25 de juliol a &#8230; <a title=\"L\u2019Ajuntament de Pen\u00edscola i LOS40 Maestrat porten LOS40 Summer Live a Pen\u00edscola el 25 de juliol amb Naiara, La Beba, Safree, Enol, Pikete, Vicco i Miguel Bueno\" class=\"read-more\" href=\"https:\/\/elcafedepipa.com\/index.php\/2025\/07\/02\/lajuntament-de-peniscola-i-los40-maestrat-porten-los40-summer-live-a-peniscola-el-25-de-juliol-amb-naiara-la-beba-safree-enol-pikete-vicco-i-miguel-bueno\/\" aria-label=\"M\u00e9s informaci\u00f3 sobre L\u2019Ajuntament de Pen\u00edscola i LOS40 Maestrat porten LOS40 Summer Live a Pen\u00edscola el 25 de juliol amb Naiara, La Beba, Safree, Enol, Pikete, Vicco i Miguel Bueno\">Read more<\/a><\/p>\n","protected":false},"author":2,"featured_media":15291,"comment_status":"closed","ping_status":"closed","sticky":false,"template":"","format":"standard","meta":{"om_disable_all_campaigns":false,"_monsterinsights_skip_tracking":false,"_monsterinsights_sitenote_active":false,"_monsterinsights_sitenote_note":"","_monsterinsights_sitenote_category":0,"_uf_show_specific_survey":0,"_uf_disable_surveys":false,"footnotes":""},"categories":[10],"tags":[],"class_list":["post-15290","post","type-post","status-publish","format-standard","has-post-thumbnail","hentry","category-provinciadecastello"],"_links":{"self":[{"href":"https:\/\/elcafedepipa.com\/index.php\/wp-json\/wp\/v2\/posts\/15290","targetHints":{"allow":["GET"]}}],"collection":[{"href":"https:\/\/elcafedepipa.com\/index.php\/wp-json\/wp\/v2\/posts"}],"about":[{"href":"https:\/\/elcafedepipa.com\/index.php\/wp-json\/wp\/v2\/types\/post"}],"author":[{"embeddable":true,"href":"https:\/\/elcafedepipa.com\/index.php\/wp-json\/wp\/v2\/users\/2"}],"replies":[{"embeddable":true,"href":"https:\/\/elcafedepipa.com\/index.php\/wp-json\/wp\/v2\/comments?post=15290"}],"version-history":[{"count":1,"href":"https:\/\/elcafedepipa.com\/index.php\/wp-json\/wp\/v2\/posts\/15290\/revisions"}],"predecessor-version":[{"id":15292,"href":"https:\/\/elcafedepipa.com\/index.php\/wp-json\/wp\/v2\/posts\/15290\/revisions\/15292"}],"wp:featuredmedia":[{"embeddable":true,"href":"https:\/\/elcafedepipa.com\/index.php\/wp-json\/wp\/v2\/media\/15291"}],"wp:attachment":[{"href":"https:\/\/elcafedepipa.com\/index.php\/wp-json\/wp\/v2\/media?parent=15290"}],"wp:term":[{"taxonomy":"category","embeddable":true,"href":"https:\/\/elcafedepipa.com\/index.php\/wp-json\/wp\/v2\/categories?post=15290"},{"taxonomy":"post_tag","embeddable":true,"href":"https:\/\/elcafedepipa.com\/index.php\/wp-json\/wp\/v2\/tags?post=15290"}],"curies":[{"name":"wp","href":"https:\/\/api.w.org\/{rel}","templated":true}]}}