{"id":15287,"date":"2025-07-02T12:07:45","date_gmt":"2025-07-02T10:07:45","guid":{"rendered":"https:\/\/elcafedepipa.com\/?p=15287"},"modified":"2025-07-02T12:07:45","modified_gmt":"2025-07-02T10:07:45","slug":"nules-peatonalitza-la-placa-de-fra-asensi-nebot","status":"publish","type":"post","link":"https:\/\/elcafedepipa.com\/index.php\/2025\/07\/02\/nules-peatonalitza-la-placa-de-fra-asensi-nebot\/","title":{"rendered":"Nules peatonalitza la pla\u00e7a de Fra Asensi Nebot"},"content":{"rendered":"\n<p><strong>L\u2019actuaci\u00f3 est\u00e0 finan\u00e7ada en la seua totalitat amb les ajudes del Pla Impulsa<\/strong><\/p>\n\n\n\n<p>La pla\u00e7a de Fra Asensi Nebot de la localitat de Nules ha canviat totalment la seua idiosincr\u00e0sia amb la seua peatonalitzaci\u00f3 i millora de l\u2019accessibilitat.<\/p>\n\n\n\n<p>Precisament, una volta finalitzades les obres aquesta pla\u00e7a ha estat visitada per l\u2019Alcalde de Nules, David Garc\u00eda, el Vicepresident Tercer de la Diputaci\u00f3 Provincial de Castell\u00f3, H\u00e9ctor Folgado, pel regidor d\u2019Urbanisme, C\u00e9sar Esta\u00f1ol, i per altres membres de la Corporaci\u00f3 Municipal juntament amb els responsables de l\u2019empresa Pavasal i t\u00e8cnics encarregats de fer les actuacions, els quals han explicat les accions portades a terme.<\/p>\n\n\n\n<p>De fet, l\u2019Ajuntament de Nules, ha realitzat aquesta actuaci\u00f3 mitjan\u00e7ant les ajudes del Pla Impulsa de la Diputaci\u00f3 Provincial de Castell\u00f3, que ha comptat amb un pressupost total de 241.297,47 euros encara que l\u2019obra ha estat adjudicada per 232.491,55 euros, de manera que l\u2019obra ha estat finan\u00e7ada en la seua totalitat per l\u2019entitat provincial, al respecte el Vicepresident Tercer de la Diputaci\u00f3 Provincial de Castell\u00f3, H\u00e9ctor Folgado, destaca el Pla Diputaci\u00f3 Impulsa com a motor de desenvolupament i progr\u00e9s en els 135 municipis de la prov\u00edncia i, com ha expressat, l&#8217;actuaci\u00f3 duta a terme a Nules \u00e9s un exemple que \u201camb el&nbsp;Pla&nbsp;Impulsa&nbsp;aconseguim atendre les necessitats dels nostres 135 municipis de manera real i efectiva, millorant infraestructures i garantint serveis de qualitat per als nostres ve\u00efns i ve\u00efnes\u201d.<\/p>\n\n\n\n<p>Aix\u00ed, s\u2019ha constru\u00eft una plataforma vianant&nbsp; al voltant del mercat municipal per a dotar a aquesta zona de m\u00e9s seguretat i \u00fas, de fet el regidor d\u2019Urbanisme, C\u00e9sar Esta\u00f1ol, explica que \u201cs\u2019ha volgut habilitar aquesta pla\u00e7a com una zona per a \u00fas i gaudi de tot el ve\u00efnat dotant-la d\u2019espais m\u00e9s verds i d\u2019elements que la fan m\u00e9s segura i agradable\u201d.<\/p>\n\n\n\n<p>Per aix\u00f2, s\u2019evita el pas del tr\u00e0nsit i es dota tamb\u00e9 d\u2019elements protectors a l\u2019avinguda de Castell\u00f3, entre d\u2019altres, amb l\u2019objectiu que els locals gastron\u00f2mics del mercat municipal puguen tindre les seues terrasses en condicions, al mateix temps que es puga tamb\u00e9 aprofitar aquest espai per fer esdeveniments a l\u2019exterior.<\/p>\n\n\n\n<p>Amb tot, l\u2019Alcalde de Nules, David Garc\u00eda, apunta que amb aquesta actuaci\u00f3 la pla\u00e7a de Fra Asensi Nebot comptar\u00e0 amb tres usos diferents, \u201cper una banda seguir\u00e0 albergant el mercat ambulant de dimecres per\u00f2, a m\u00e9s, s\u2019instal\u00b7laran les terrasses dels locals gastron\u00f2mics del mercat municipal amb seguretat per a totes les persones usu\u00e0ries principalment per als m\u00e9s menuts, i s\u2019aprofitar\u00e0 tamb\u00e9 com a zona per a fer esdeveniments a l\u2019aire lliure\u201d.<\/p>\n\n\n\n<p><\/p>\n","protected":false},"excerpt":{"rendered":"<p>L\u2019actuaci\u00f3 est\u00e0 finan\u00e7ada en la seua totalitat amb les ajudes del Pla Impulsa La pla\u00e7a de Fra Asensi Nebot de la localitat de Nules ha canviat totalment la seua idiosincr\u00e0sia amb la seua peatonalitzaci\u00f3 i millora de l\u2019accessibilitat. Precisament, una volta finalitzades les obres aquesta pla\u00e7a ha estat visitada per l\u2019Alcalde de Nules, David Garc\u00eda, &#8230; <a title=\"Nules peatonalitza la pla\u00e7a de Fra Asensi Nebot\" class=\"read-more\" href=\"https:\/\/elcafedepipa.com\/index.php\/2025\/07\/02\/nules-peatonalitza-la-placa-de-fra-asensi-nebot\/\" aria-label=\"M\u00e9s informaci\u00f3 sobre Nules peatonalitza la pla\u00e7a de Fra Asensi Nebot\">Read more<\/a><\/p>\n","protected":false},"author":2,"featured_media":15288,"comment_status":"closed","ping_status":"closed","sticky":false,"template":"","format":"standard","meta":{"om_disable_all_campaigns":false,"_monsterinsights_skip_tracking":false,"_monsterinsights_sitenote_active":false,"_monsterinsights_sitenote_note":"","_monsterinsights_sitenote_category":0,"_uf_show_specific_survey":0,"_uf_disable_surveys":false,"footnotes":""},"categories":[3],"tags":[],"class_list":["post-15287","post","type-post","status-publish","format-standard","has-post-thumbnail","hentry","category-nules"],"_links":{"self":[{"href":"https:\/\/elcafedepipa.com\/index.php\/wp-json\/wp\/v2\/posts\/15287","targetHints":{"allow":["GET"]}}],"collection":[{"href":"https:\/\/elcafedepipa.com\/index.php\/wp-json\/wp\/v2\/posts"}],"about":[{"href":"https:\/\/elcafedepipa.com\/index.php\/wp-json\/wp\/v2\/types\/post"}],"author":[{"embeddable":true,"href":"https:\/\/elcafedepipa.com\/index.php\/wp-json\/wp\/v2\/users\/2"}],"replies":[{"embeddable":true,"href":"https:\/\/elcafedepipa.com\/index.php\/wp-json\/wp\/v2\/comments?post=15287"}],"version-history":[{"count":1,"href":"https:\/\/elcafedepipa.com\/index.php\/wp-json\/wp\/v2\/posts\/15287\/revisions"}],"predecessor-version":[{"id":15289,"href":"https:\/\/elcafedepipa.com\/index.php\/wp-json\/wp\/v2\/posts\/15287\/revisions\/15289"}],"wp:featuredmedia":[{"embeddable":true,"href":"https:\/\/elcafedepipa.com\/index.php\/wp-json\/wp\/v2\/media\/15288"}],"wp:attachment":[{"href":"https:\/\/elcafedepipa.com\/index.php\/wp-json\/wp\/v2\/media?parent=15287"}],"wp:term":[{"taxonomy":"category","embeddable":true,"href":"https:\/\/elcafedepipa.com\/index.php\/wp-json\/wp\/v2\/categories?post=15287"},{"taxonomy":"post_tag","embeddable":true,"href":"https:\/\/elcafedepipa.com\/index.php\/wp-json\/wp\/v2\/tags?post=15287"}],"curies":[{"name":"wp","href":"https:\/\/api.w.org\/{rel}","templated":true}]}}