{"id":15281,"date":"2025-07-02T12:02:17","date_gmt":"2025-07-02T10:02:17","guid":{"rendered":"https:\/\/elcafedepipa.com\/?p=15281"},"modified":"2025-07-02T12:02:17","modified_gmt":"2025-07-02T10:02:17","slug":"el-pp-de-la-vall-duixo-denuncia-la-deterioracio-i-abando-del-camp-de-futbol-de-la-moleta","status":"publish","type":"post","link":"https:\/\/elcafedepipa.com\/index.php\/2025\/07\/02\/el-pp-de-la-vall-duixo-denuncia-la-deterioracio-i-abando-del-camp-de-futbol-de-la-moleta\/","title":{"rendered":"El PP de la Vall d&#8217;Uix\u00f3 denuncia la deterioraci\u00f3 i aband\u00f3 del camp de futbol de La Moleta"},"content":{"rendered":"\n<p>El Partit Popular de la Vall d&#8217;Uix\u00f3 ha denunciat la deterioraci\u00f3 i aband\u00f3 del camp de futbol de La Moleta. \u201c\u00c9s inacceptable que les nostres instal\u00b7lacions esportives estiguen en estes condicions\u201d. \u201cSi es cobra amb una taxa esportiva, que ells mateix van crear, almenys que es tradu\u00efsca en millores perqu\u00e8 els esportistes i usuaris puguen practicar esport en les millors condicions\u201d.<\/p>\n\n\n\n<p>Aix\u00ed de contundent s&#8217;ha mostrat la regidora del PP, Marga Marco, qui s&#8217;ha despla\u00e7at fins a les instal\u00b7lacions per a visualitzar \u201cla realitat\u201d que el PSOE i l&#8217;alcaldessa Tania Ba\u00f1os \u201csembla no voler resoldre, o simplement ignorar\u201d. \u201cLa situaci\u00f3 actual del camp de futbol no sols impedix la pr\u00e0ctica esportiva, sin\u00f3 que tamb\u00e9 reflectix una negativa actitud cap als ve\u00efns de la Vall i usuaris del camp\u201d, ha destacat la regidora.<\/p>\n\n\n\n<p>\u201cLes graderies estan trencades, les banquetes en mal estat, l&#8217;herba creix sense control per tota la instal\u00b7laci\u00f3 i la gespa est\u00e0 totalment degradada\u201d, ha indicat Marga Marco. A estes circumst\u00e0ncies, se sumen la falta de neteja i de manteniment del conjunt de la instal\u00b7laci\u00f3, la qual cosa suposa \u201cun perill evident per a esportistes i usuaris\u201d.<\/p>\n\n\n\n<p>La gespa, lluny de complir amb les condicions m\u00ednimes per al joc, dificulta la pr\u00e0ctica esportiva i augmenta el risc de lesions. A m\u00e9s, asseure&#8217;s en les graderies \u00e9s pr\u00e0cticament impossible, la qual cosa impedix que la gent puga anar a gaudir del futbol. A aix\u00f2, cal afegir unes instal\u00b7lacions en mal estat, amb una falta de neteja en tot l&#8217;entorn del camp, amb acumulaci\u00f3 de residus i brut\u00edcia que afecten la imatge de l&#8217;espai.<\/p>\n\n\n\n<p>\u201cEste espai ha sigut i \u00e9s un espai clau per a la pr\u00e0ctica del futbol, que el PSOE \u00e9s incapa\u00e7 de mantindre i conservar\u201d, ha subratllat la regidora del PP. En este sentit, Marga Marco ha exigit a l&#8217;equip de Govern i a l&#8217;alcaldessa Tania Ba\u00f1os, la impulsora de la taxa esportiva, \u201ccomprom\u00eds i gesti\u00f3 per a solucionar els greus problemes d&#8217;este camp de futbol i de la resta d&#8217;instal\u00b7lacions que es troben en la mateixa condici\u00f3\u201d.<\/p>\n\n\n\n<p>Ja que la situaci\u00f3 que es constata en este complex esportiu \u201cno \u00e9s extraordin\u00e0ria\u201d. \u201c\u00c9s una m\u00e9s de les que vivim i denunciem en el nostre municipi, perqu\u00e8 ocorre un aband\u00f3 similar en la pista de skate, la qual porta m\u00e9s de huit mesos tancada al p\u00fablic\u201d. \u201cEls esportistes mereixen infraestructures \u00f2ptimes\u201d, ha rematat.<\/p>\n","protected":false},"excerpt":{"rendered":"<p>El Partit Popular de la Vall d&#8217;Uix\u00f3 ha denunciat la deterioraci\u00f3 i aband\u00f3 del camp de futbol de La Moleta. \u201c\u00c9s inacceptable que les nostres instal\u00b7lacions esportives estiguen en estes condicions\u201d. \u201cSi es cobra amb una taxa esportiva, que ells mateix van crear, almenys que es tradu\u00efsca en millores perqu\u00e8 els esportistes i usuaris puguen &#8230; <a title=\"El PP de la Vall d&#8217;Uix\u00f3 denuncia la deterioraci\u00f3 i aband\u00f3 del camp de futbol de La Moleta\" class=\"read-more\" href=\"https:\/\/elcafedepipa.com\/index.php\/2025\/07\/02\/el-pp-de-la-vall-duixo-denuncia-la-deterioracio-i-abando-del-camp-de-futbol-de-la-moleta\/\" aria-label=\"M\u00e9s informaci\u00f3 sobre El PP de la Vall d&#8217;Uix\u00f3 denuncia la deterioraci\u00f3 i aband\u00f3 del camp de futbol de La Moleta\">Read more<\/a><\/p>\n","protected":false},"author":2,"featured_media":15282,"comment_status":"closed","ping_status":"closed","sticky":false,"template":"","format":"standard","meta":{"om_disable_all_campaigns":false,"_monsterinsights_skip_tracking":false,"_monsterinsights_sitenote_active":false,"_monsterinsights_sitenote_note":"","_monsterinsights_sitenote_category":0,"_uf_show_specific_survey":0,"_uf_disable_surveys":false,"footnotes":""},"categories":[1],"tags":[],"class_list":["post-15281","post","type-post","status-publish","format-standard","has-post-thumbnail","hentry","category-non-classe"],"_links":{"self":[{"href":"https:\/\/elcafedepipa.com\/index.php\/wp-json\/wp\/v2\/posts\/15281","targetHints":{"allow":["GET"]}}],"collection":[{"href":"https:\/\/elcafedepipa.com\/index.php\/wp-json\/wp\/v2\/posts"}],"about":[{"href":"https:\/\/elcafedepipa.com\/index.php\/wp-json\/wp\/v2\/types\/post"}],"author":[{"embeddable":true,"href":"https:\/\/elcafedepipa.com\/index.php\/wp-json\/wp\/v2\/users\/2"}],"replies":[{"embeddable":true,"href":"https:\/\/elcafedepipa.com\/index.php\/wp-json\/wp\/v2\/comments?post=15281"}],"version-history":[{"count":1,"href":"https:\/\/elcafedepipa.com\/index.php\/wp-json\/wp\/v2\/posts\/15281\/revisions"}],"predecessor-version":[{"id":15283,"href":"https:\/\/elcafedepipa.com\/index.php\/wp-json\/wp\/v2\/posts\/15281\/revisions\/15283"}],"wp:featuredmedia":[{"embeddable":true,"href":"https:\/\/elcafedepipa.com\/index.php\/wp-json\/wp\/v2\/media\/15282"}],"wp:attachment":[{"href":"https:\/\/elcafedepipa.com\/index.php\/wp-json\/wp\/v2\/media?parent=15281"}],"wp:term":[{"taxonomy":"category","embeddable":true,"href":"https:\/\/elcafedepipa.com\/index.php\/wp-json\/wp\/v2\/categories?post=15281"},{"taxonomy":"post_tag","embeddable":true,"href":"https:\/\/elcafedepipa.com\/index.php\/wp-json\/wp\/v2\/tags?post=15281"}],"curies":[{"name":"wp","href":"https:\/\/api.w.org\/{rel}","templated":true}]}}