{"id":15278,"date":"2025-07-02T11:59:34","date_gmt":"2025-07-02T09:59:34","guid":{"rendered":"https:\/\/elcafedepipa.com\/?p=15278"},"modified":"2025-07-02T11:59:35","modified_gmt":"2025-07-02T09:59:35","slug":"lajuntament-de-la-vall-duixo-potencia-els-oasis-climatics-per-combatre-la-calor-i-la-solitud-no-desitjada","status":"publish","type":"post","link":"https:\/\/elcafedepipa.com\/index.php\/2025\/07\/02\/lajuntament-de-la-vall-duixo-potencia-els-oasis-climatics-per-combatre-la-calor-i-la-solitud-no-desitjada\/","title":{"rendered":"L&#8217;Ajuntament de la Vall d&#8217;Uix\u00f3 potencia els Oasis Clim\u00e0tics per combatre la calor i la solitud no desitjada"},"content":{"rendered":"\n<p><strong>Sis centres socials climatitzats s\u00f3n a disposici\u00f3 de la ciutadania al juliol i l&#8217;agost i ofereixen activitats gratu\u00eftes<\/strong><\/p>\n\n\n\n<p>L&#8217;Ajuntament de la Vall d&#8217;Uix\u00f3 ha potenciat el projecte d&#8217;Oasis Clim\u00e0tics, que per segon any consecutiu posa a disposici\u00f3 de la ciutadania sis espais p\u00fablics amb climatitzaci\u00f3 per combatre la calor i protegir la poblaci\u00f3 dels riscos de les altes temperatures, especialment les persones grans i m\u00e9s vulnerables.<\/p>\n\n\n\n<p>Al juliol i agost els centres socials de Santiago Ap\u00f2stol (barri Toledo), la Vallense, Col\u00f2nia San Antonio, Carbonaire, Llimeres i la Biblioteca Municipal seran refugi clim\u00e0tic \u201cper a les persones que no tenen aire condicionat a casa o no poden posar-ho\u201d, tal com ha explicat el regidor de Serveis Socials, Jorge Marqu\u00e9s.<\/p>\n\n\n\n<p>La novetat d&#8217;aquest any \u00e9s que tamb\u00e9 s&#8217;ha programat un calendari d&#8217;activitats gratu\u00eftes per al mes de juliol, en qu\u00e8 cada dia de la setmana s&#8217;ofereix en un centre social tai-txi, ball, karaoke i tallers de mem\u00f2ria. A m\u00e9s, tots els espais estan equipats amb fonts d&#8217;aigua fresca, passatemps, material per pintar o fer manualitats, llibres per a totes les edats i una farmaciola amb tensi\u00f2metre.<\/p>\n\n\n\n<p>En aquest sentit, Marqu\u00e9s ha destacat l&#8217;important paper que t\u00e9 aquest projecte no nom\u00e9s com a oasi clim\u00e0tic sin\u00f3 tamb\u00e9 \u201ccom a espai de trobada ve\u00efnal, on socialitzar i combatre la solitud no desitjada\u201d. Aix\u00ed, aquesta iniciativa fomenta la vida en comunitat, la creaci\u00f3 de xarxes de suport i la participaci\u00f3 ciutadana.<\/p>\n\n\n\n<p>Aquesta iniciativa tamb\u00e9 est\u00e0 distribuint cartelleria amb informaci\u00f3 i consells sobre com afrontar les onades de calor, que \u201ccada cop s\u00f3n m\u00e9s freq\u00fcents i intenses\u201d. Per aix\u00f2, l&#8217;\u00e0rea de Serveis Socials s&#8217;ha marcat com a prioritat atendre aquesta situaci\u00f3 \u201cperqu\u00e8 ning\u00fa no es quedi enrere\u201d alhora que promou \u201cla companyia i compartir moments amb els altres i realitzar activitats que activin el cos i la ment com a font de salut\u201d.<br><\/p>\n","protected":false},"excerpt":{"rendered":"<p>Sis centres socials climatitzats s\u00f3n a disposici\u00f3 de la ciutadania al juliol i l&#8217;agost i ofereixen activitats gratu\u00eftes L&#8217;Ajuntament de la Vall d&#8217;Uix\u00f3 ha potenciat el projecte d&#8217;Oasis Clim\u00e0tics, que per segon any consecutiu posa a disposici\u00f3 de la ciutadania sis espais p\u00fablics amb climatitzaci\u00f3 per combatre la calor i protegir la poblaci\u00f3 dels riscos &#8230; <a title=\"L&#8217;Ajuntament de la Vall d&#8217;Uix\u00f3 potencia els Oasis Clim\u00e0tics per combatre la calor i la solitud no desitjada\" class=\"read-more\" href=\"https:\/\/elcafedepipa.com\/index.php\/2025\/07\/02\/lajuntament-de-la-vall-duixo-potencia-els-oasis-climatics-per-combatre-la-calor-i-la-solitud-no-desitjada\/\" aria-label=\"M\u00e9s informaci\u00f3 sobre L&#8217;Ajuntament de la Vall d&#8217;Uix\u00f3 potencia els Oasis Clim\u00e0tics per combatre la calor i la solitud no desitjada\">Read more<\/a><\/p>\n","protected":false},"author":2,"featured_media":15279,"comment_status":"closed","ping_status":"closed","sticky":false,"template":"","format":"standard","meta":{"om_disable_all_campaigns":false,"_monsterinsights_skip_tracking":false,"_monsterinsights_sitenote_active":false,"_monsterinsights_sitenote_note":"","_monsterinsights_sitenote_category":0,"_uf_show_specific_survey":0,"_uf_disable_surveys":false,"footnotes":""},"categories":[1],"tags":[],"class_list":["post-15278","post","type-post","status-publish","format-standard","has-post-thumbnail","hentry","category-non-classe"],"_links":{"self":[{"href":"https:\/\/elcafedepipa.com\/index.php\/wp-json\/wp\/v2\/posts\/15278","targetHints":{"allow":["GET"]}}],"collection":[{"href":"https:\/\/elcafedepipa.com\/index.php\/wp-json\/wp\/v2\/posts"}],"about":[{"href":"https:\/\/elcafedepipa.com\/index.php\/wp-json\/wp\/v2\/types\/post"}],"author":[{"embeddable":true,"href":"https:\/\/elcafedepipa.com\/index.php\/wp-json\/wp\/v2\/users\/2"}],"replies":[{"embeddable":true,"href":"https:\/\/elcafedepipa.com\/index.php\/wp-json\/wp\/v2\/comments?post=15278"}],"version-history":[{"count":1,"href":"https:\/\/elcafedepipa.com\/index.php\/wp-json\/wp\/v2\/posts\/15278\/revisions"}],"predecessor-version":[{"id":15280,"href":"https:\/\/elcafedepipa.com\/index.php\/wp-json\/wp\/v2\/posts\/15278\/revisions\/15280"}],"wp:featuredmedia":[{"embeddable":true,"href":"https:\/\/elcafedepipa.com\/index.php\/wp-json\/wp\/v2\/media\/15279"}],"wp:attachment":[{"href":"https:\/\/elcafedepipa.com\/index.php\/wp-json\/wp\/v2\/media?parent=15278"}],"wp:term":[{"taxonomy":"category","embeddable":true,"href":"https:\/\/elcafedepipa.com\/index.php\/wp-json\/wp\/v2\/categories?post=15278"},{"taxonomy":"post_tag","embeddable":true,"href":"https:\/\/elcafedepipa.com\/index.php\/wp-json\/wp\/v2\/tags?post=15278"}],"curies":[{"name":"wp","href":"https:\/\/api.w.org\/{rel}","templated":true}]}}