{"id":15263,"date":"2025-07-01T15:14:20","date_gmt":"2025-07-01T13:14:20","guid":{"rendered":"https:\/\/elcafedepipa.com\/?p=15263"},"modified":"2025-07-01T15:14:21","modified_gmt":"2025-07-01T13:14:21","slug":"nules-aposta-pels-habits-saludables-al-seu-programa-superat","status":"publish","type":"post","link":"https:\/\/elcafedepipa.com\/index.php\/2025\/07\/01\/nules-aposta-pels-habits-saludables-al-seu-programa-superat\/","title":{"rendered":"Nules aposta pels h\u00e0bits saludables al seu programa Supera&#8217;t"},"content":{"rendered":"\n<p><strong>L\u2019alumnat realitza activitats que afavoreixen una vida m\u00e9s sana<\/strong><\/p>\n\n\n\n<p>L\u2019alumnat del Programa d\u2019Itineraris d\u2019Inclusi\u00f3 Social Supera\u2019t a Nules&nbsp; ha participat de diferents sessions per a con\u00e8ixer alguns h\u00e0bits saludables que puguin ser beneficiosos en el dia a dia. Aix\u00ed, s\u2019han impartit tres sessions on han realitzat activitats relacionades amb l\u2019alimentaci\u00f3, l\u2019exercici f\u00edsic, la relaxaci\u00f3, la higiene corporal, o el somni. A m\u00e9s, tamb\u00e9 han pogut con\u00e8ixer els recursos municipals disponibles a la localitat de Nules que afavoreixen una vida m\u00e9s saludable.<\/p>\n\n\n\n<p>Cal recordar que, aquest Programa d\u2019Itineraris Integrats per a la Inserci\u00f3 Sociolaboral de Persones en situaci\u00f3 o risc d\u2019Exclusi\u00f3 Social que s\u2019anomena Supera\u2019t a Nules&nbsp; va dirigit a persones amb dificultats per a accedir al mercat laboral, principalment.<\/p>\n\n\n\n<p>Aquest programa est\u00e0 cofinan\u00e7at per la Uni\u00f3 Europea a trav\u00e9s del Programa Operatiu del Fons Social Europeu Plus (FSE+) de la Comunitat Valenciana (2021-2027). Per tant, per a desenvolupar aquest projecte es contracten a professionals de diferents \u00e0mbits como ara psic\u00f2legs, treballadors socials, orientadors laborals, o formadors per a l\u2019ocupaci\u00f3.<\/p>\n\n\n\n<p>Entre les fases dels itineraris es troben la derivaci\u00f3 del Departament de&nbsp; Serveis Socials al programa; informaci\u00f3 i acolliment per l\u2019equip de professionals; diagn\u00f2stic d\u2019ocupabilitat i disseny de l\u2019itinerari personalitzat; formaci\u00f3 i desenvolupament personal; participaci\u00f3 activa; orientaci\u00f3 i recerca d\u2019ocupaci\u00f3; inserci\u00f3 sociolaboral i seguiment.<\/p>\n","protected":false},"excerpt":{"rendered":"<p>L\u2019alumnat realitza activitats que afavoreixen una vida m\u00e9s sana L\u2019alumnat del Programa d\u2019Itineraris d\u2019Inclusi\u00f3 Social Supera\u2019t a Nules&nbsp; ha participat de diferents sessions per a con\u00e8ixer alguns h\u00e0bits saludables que puguin ser beneficiosos en el dia a dia. Aix\u00ed, s\u2019han impartit tres sessions on han realitzat activitats relacionades amb l\u2019alimentaci\u00f3, l\u2019exercici f\u00edsic, la relaxaci\u00f3, la &#8230; <a title=\"Nules aposta pels h\u00e0bits saludables al seu programa Supera&#8217;t\" class=\"read-more\" href=\"https:\/\/elcafedepipa.com\/index.php\/2025\/07\/01\/nules-aposta-pels-habits-saludables-al-seu-programa-superat\/\" aria-label=\"M\u00e9s informaci\u00f3 sobre Nules aposta pels h\u00e0bits saludables al seu programa Supera&#8217;t\">Read more<\/a><\/p>\n","protected":false},"author":2,"featured_media":15264,"comment_status":"closed","ping_status":"closed","sticky":false,"template":"","format":"standard","meta":{"om_disable_all_campaigns":false,"_monsterinsights_skip_tracking":false,"_monsterinsights_sitenote_active":false,"_monsterinsights_sitenote_note":"","_monsterinsights_sitenote_category":0,"_uf_show_specific_survey":0,"_uf_disable_surveys":false,"footnotes":""},"categories":[3],"tags":[],"class_list":["post-15263","post","type-post","status-publish","format-standard","has-post-thumbnail","hentry","category-nules"],"_links":{"self":[{"href":"https:\/\/elcafedepipa.com\/index.php\/wp-json\/wp\/v2\/posts\/15263","targetHints":{"allow":["GET"]}}],"collection":[{"href":"https:\/\/elcafedepipa.com\/index.php\/wp-json\/wp\/v2\/posts"}],"about":[{"href":"https:\/\/elcafedepipa.com\/index.php\/wp-json\/wp\/v2\/types\/post"}],"author":[{"embeddable":true,"href":"https:\/\/elcafedepipa.com\/index.php\/wp-json\/wp\/v2\/users\/2"}],"replies":[{"embeddable":true,"href":"https:\/\/elcafedepipa.com\/index.php\/wp-json\/wp\/v2\/comments?post=15263"}],"version-history":[{"count":1,"href":"https:\/\/elcafedepipa.com\/index.php\/wp-json\/wp\/v2\/posts\/15263\/revisions"}],"predecessor-version":[{"id":15265,"href":"https:\/\/elcafedepipa.com\/index.php\/wp-json\/wp\/v2\/posts\/15263\/revisions\/15265"}],"wp:featuredmedia":[{"embeddable":true,"href":"https:\/\/elcafedepipa.com\/index.php\/wp-json\/wp\/v2\/media\/15264"}],"wp:attachment":[{"href":"https:\/\/elcafedepipa.com\/index.php\/wp-json\/wp\/v2\/media?parent=15263"}],"wp:term":[{"taxonomy":"category","embeddable":true,"href":"https:\/\/elcafedepipa.com\/index.php\/wp-json\/wp\/v2\/categories?post=15263"},{"taxonomy":"post_tag","embeddable":true,"href":"https:\/\/elcafedepipa.com\/index.php\/wp-json\/wp\/v2\/tags?post=15263"}],"curies":[{"name":"wp","href":"https:\/\/api.w.org\/{rel}","templated":true}]}}