{"id":15251,"date":"2025-07-01T15:02:33","date_gmt":"2025-07-01T13:02:33","guid":{"rendered":"https:\/\/elcafedepipa.com\/?p=15251"},"modified":"2025-07-01T15:02:34","modified_gmt":"2025-07-01T13:02:34","slug":"lajuntament-de-la-vall-duixo-comenca-la-posada-a-punt-de-les-escoles-per-al-nou-curs-escolar","status":"publish","type":"post","link":"https:\/\/elcafedepipa.com\/index.php\/2025\/07\/01\/lajuntament-de-la-vall-duixo-comenca-la-posada-a-punt-de-les-escoles-per-al-nou-curs-escolar\/","title":{"rendered":"L&#8217;Ajuntament de la Vall d&#8217;Uix\u00f3 comen\u00e7a la posada a punt de les escoles per al nou curs escolar"},"content":{"rendered":"\n<p><strong>El primer semestre de l&#8217;any s&#8217;han invertit 30.500 euros en millores i aquest estiu continuaran els treballs<\/strong><\/p>\n\n\n\n<p>L&#8217;Ajuntament de la Vall d&#8217;Uix\u00f3 ha fet balan\u00e7 de les actuacions de manteniment de centres educatius que ha fet aquest primer semestre de l&#8217;any (de gener a juny), amb una inversi\u00f3 de 30.500 euros de fons propis. Aquest estiu continuaran els treballs municipals per \u201carreglar algunes defici\u00e8ncies i posar a punt les escoles per a l&#8217;inici del nou curs al setembre\u201d, tal com ha explicat el regidor d&#8217;Educaci\u00f3, Manel Agea.<\/p>\n\n\n\n<p>L&#8217;edil ha visitat el CEIP Assumpci\u00f3, on avui s&#8217;estaven reparant uns forats entre la fa\u00e7ana i el volad\u00eds de l&#8217;edifici de prim\u00e0ria. Amb aquestes obres es tapen unes esquerdes per les quals entraven ocells i s&#8217;evita que es facin m\u00e9s grans i cre\u00efn problemes m\u00e9s grans. A m\u00e9s, tamb\u00e9 s&#8217;estan reparant i netejant els canalons de desgu\u00e0s.<\/p>\n\n\n\n<p>Entre les obres de millora i manteniment que s&#8217;han realitzat aquests sis mesos destaca la renovaci\u00f3 de la cuina del CEIP La Moleta i la reparaci\u00f3 de bombes d&#8217;aigua i calderes de calefacci\u00f3 a diversos centres, aix\u00ed com diverses actuacions de millora de patis i interiors. I \u00e9s que unes de les prioritats de l&#8217;equip de govern \u00e9s \u201cmantenir les escoles en les millors condicions, dins de les compet\u00e8ncies que t\u00e9 l&#8217;Ajuntament\u201d, ha assenyalat l&#8217;edil.<\/p>\n\n\n\n<p><strong>A L&#8217;ESPERA DE CONSELLERIA<\/strong><\/p>\n\n\n\n<p>D&#8217;altra banda, Agea ha relatat que fa dues setmanes va mantenir una reuni\u00f3, juntament amb l&#8217;alcaldessa i la presidenta de l&#8217;associaci\u00f3 de fam\u00edlies de l&#8217;Assumpci\u00f3, amb el director d&#8217;infraestructures educatives de la Generalitat Valenciana. El motiu d&#8217;aquesta trobada de feina era con\u00e8ixer l&#8217;estat de les al\u00b7legacions perqu\u00e8 la Conselleria d&#8217;Educaci\u00f3 no retiri les compet\u00e8ncies per reformar el CEIP Assumpci\u00f3 dins del Pla Edificant.<\/p>\n\n\n\n<p>Aquesta documentaci\u00f3 va ser presentada a l&#8217;abril i encara no s&#8217;ha rebut resposta oficial, encara que la Conselleria \u201cens va traslladar a la reuni\u00f3 que havien revisat les al\u00b7legacions i que eren correctes\u201d. Aix\u00ed, l&#8217;Ajuntament est\u00e0 esperant rebre la confirmaci\u00f3 oficial \u201cper seguir amb els tr\u00e0mits administratius i poder iniciar el proc\u00e9s de licitaci\u00f3 de les obres aquest mateix any, ja que aquesta rehabilitaci\u00f3 integral \u00e9s molt necess\u00e0ria\u201d.<\/p>\n\n\n\n<p>L&#8217;Ajuntament tamb\u00e9 est\u00e0 a l&#8217;espera dels informes de la Conselleria que autoritzin a instal\u00b7lar ombratges al CEIP Blasco Ib\u00e1\u00f1ez i CEIP Recaredo Centelles, amb una inversi\u00f3 de 28.000 euros. La petici\u00f3 es va fer al maig i &#8220;encara no tenim resposta&#8221;, per la qual cosa el regidor d&#8217;Educaci\u00f3 els ha instat que &#8220;contestin aviat&#8221; perqu\u00e8 &#8220;es puguin col\u00b7locar aquest estiu i els nens i nenes els puguin gaudir ja al setembre&#8221;.<\/p>\n\n\n\n<figure class=\"wp-block-image size-large\"><img fetchpriority=\"high\" decoding=\"async\" width=\"768\" height=\"1024\" src=\"https:\/\/elcafedepipa.com\/wp-content\/uploads\/2025\/07\/Mantenimiento-colegios-2-768x1024.jpeg\" alt=\"\" class=\"wp-image-15253\" srcset=\"https:\/\/elcafedepipa.com\/wp-content\/uploads\/2025\/07\/Mantenimiento-colegios-2-768x1024.jpeg 768w, https:\/\/elcafedepipa.com\/wp-content\/uploads\/2025\/07\/Mantenimiento-colegios-2-225x300.jpeg 225w, https:\/\/elcafedepipa.com\/wp-content\/uploads\/2025\/07\/Mantenimiento-colegios-2-1152x1536.jpeg 1152w, https:\/\/elcafedepipa.com\/wp-content\/uploads\/2025\/07\/Mantenimiento-colegios-2.jpeg 1200w\" sizes=\"(max-width: 768px) 100vw, 768px\" \/><\/figure>\n","protected":false},"excerpt":{"rendered":"<p>El primer semestre de l&#8217;any s&#8217;han invertit 30.500 euros en millores i aquest estiu continuaran els treballs L&#8217;Ajuntament de la Vall d&#8217;Uix\u00f3 ha fet balan\u00e7 de les actuacions de manteniment de centres educatius que ha fet aquest primer semestre de l&#8217;any (de gener a juny), amb una inversi\u00f3 de 30.500 euros de fons propis. Aquest &#8230; <a title=\"L&#8217;Ajuntament de la Vall d&#8217;Uix\u00f3 comen\u00e7a la posada a punt de les escoles per al nou curs escolar\" class=\"read-more\" href=\"https:\/\/elcafedepipa.com\/index.php\/2025\/07\/01\/lajuntament-de-la-vall-duixo-comenca-la-posada-a-punt-de-les-escoles-per-al-nou-curs-escolar\/\" aria-label=\"M\u00e9s informaci\u00f3 sobre L&#8217;Ajuntament de la Vall d&#8217;Uix\u00f3 comen\u00e7a la posada a punt de les escoles per al nou curs escolar\">Read more<\/a><\/p>\n","protected":false},"author":2,"featured_media":15252,"comment_status":"closed","ping_status":"closed","sticky":false,"template":"","format":"standard","meta":{"om_disable_all_campaigns":false,"_monsterinsights_skip_tracking":false,"_monsterinsights_sitenote_active":false,"_monsterinsights_sitenote_note":"","_monsterinsights_sitenote_category":0,"_uf_show_specific_survey":0,"_uf_disable_surveys":false,"footnotes":""},"categories":[1],"tags":[],"class_list":["post-15251","post","type-post","status-publish","format-standard","has-post-thumbnail","hentry","category-non-classe"],"_links":{"self":[{"href":"https:\/\/elcafedepipa.com\/index.php\/wp-json\/wp\/v2\/posts\/15251","targetHints":{"allow":["GET"]}}],"collection":[{"href":"https:\/\/elcafedepipa.com\/index.php\/wp-json\/wp\/v2\/posts"}],"about":[{"href":"https:\/\/elcafedepipa.com\/index.php\/wp-json\/wp\/v2\/types\/post"}],"author":[{"embeddable":true,"href":"https:\/\/elcafedepipa.com\/index.php\/wp-json\/wp\/v2\/users\/2"}],"replies":[{"embeddable":true,"href":"https:\/\/elcafedepipa.com\/index.php\/wp-json\/wp\/v2\/comments?post=15251"}],"version-history":[{"count":1,"href":"https:\/\/elcafedepipa.com\/index.php\/wp-json\/wp\/v2\/posts\/15251\/revisions"}],"predecessor-version":[{"id":15254,"href":"https:\/\/elcafedepipa.com\/index.php\/wp-json\/wp\/v2\/posts\/15251\/revisions\/15254"}],"wp:featuredmedia":[{"embeddable":true,"href":"https:\/\/elcafedepipa.com\/index.php\/wp-json\/wp\/v2\/media\/15252"}],"wp:attachment":[{"href":"https:\/\/elcafedepipa.com\/index.php\/wp-json\/wp\/v2\/media?parent=15251"}],"wp:term":[{"taxonomy":"category","embeddable":true,"href":"https:\/\/elcafedepipa.com\/index.php\/wp-json\/wp\/v2\/categories?post=15251"},{"taxonomy":"post_tag","embeddable":true,"href":"https:\/\/elcafedepipa.com\/index.php\/wp-json\/wp\/v2\/tags?post=15251"}],"curies":[{"name":"wp","href":"https:\/\/api.w.org\/{rel}","templated":true}]}}