{"id":15242,"date":"2025-07-01T13:48:34","date_gmt":"2025-07-01T11:48:34","guid":{"rendered":"https:\/\/elcafedepipa.com\/?p=15242"},"modified":"2025-07-01T13:48:47","modified_gmt":"2025-07-01T11:48:47","slug":"lajuntament-de-la-vall-duixo-obre-lescola-destiu-2025-amb-mes-activitats-i-jocs-daigua","status":"publish","type":"post","link":"https:\/\/elcafedepipa.com\/index.php\/2025\/07\/01\/lajuntament-de-la-vall-duixo-obre-lescola-destiu-2025-amb-mes-activitats-i-jocs-daigua\/","title":{"rendered":"L\u00b4Ajuntament de la Vall d\u00b4Uix\u00f3 obri l\u00b4Escola d\u00b4Estiu 2025 amb m\u00e9s activitats i jocs d\u00b4aigua"},"content":{"rendered":"\n<p><strong>Les escoles Cervantes i la Moleta acullen els 450 nens i nenes que gaudeixen de lleure educatiu al mes de juliol<\/strong><\/p>\n\n\n\n<p>Amb l&#8217;objectiu d&#8217;oferir activitats de lleure educatiu a les vacances escolars ha obert aquest mat\u00ed l&#8217;Escola d&#8217;Estiu 2025. L&#8217;Ajuntament de la Vall d&#8217;Uix\u00f3, a trav\u00e9s de la Regidoria de Serveis Socials, impulsa aquest projecte que tamb\u00e9 \u00e9s \u201cuna opci\u00f3 de conciliaci\u00f3 per a les fam\u00edlies\u201d i una eina per \u201cfer front a la pobresa infantil\u201d, tal com ha explicat el regidor.<\/p>\n\n\n\n<p>Aquesta iniciativa d&#8217;educaci\u00f3 no reglada se celebra durant el mes de juliol a les escoles Cervantes i la Moleta. 450 nens i nenes de 3 a 12 anys gaudeixen d&#8217;activitats que comparteixen amb iguals, es diverteixen en igualtat d&#8217;oportunitats i gaudeixen de l&#8217;estiu amb alegria. A m\u00e9s, en aquesta edici\u00f3 es potencien els jocs d&#8217;aigua \u201ccontra la calor\u201d i per \u201cintentar que malgrat el canvi clim\u00e0tic i les onades de calor cada vegada m\u00e9s freq\u00fcents\u201d els m\u00e9s petits tinguin un refugi a les altes temperatures.<\/p>\n\n\n\n<p>Marqu\u00e9s ha posat en valor aquest \u201cespai comunitari on els nens i nenes socialitzen\u201d. La prioritat de la Regidoria de Serveis Socials ha estat fer cr\u00e9ixer l&#8217;escola d&#8217;estiu, perqu\u00e8 abast\u00e9s tot l&#8217;alumnat amb activitats de tota mena. Dels 450 inscrits, 250 assisteixen al CEIP Cervantes i 200 a la Moleta; i gaireb\u00e9 100 utilitzen el servei de menjador.<\/p>\n\n\n\n<p><\/p>\n","protected":false},"excerpt":{"rendered":"<p>Les escoles Cervantes i la Moleta acullen els 450 nens i nenes que gaudeixen de lleure educatiu al mes de juliol Amb l&#8217;objectiu d&#8217;oferir activitats de lleure educatiu a les vacances escolars ha obert aquest mat\u00ed l&#8217;Escola d&#8217;Estiu 2025. L&#8217;Ajuntament de la Vall d&#8217;Uix\u00f3, a trav\u00e9s de la Regidoria de Serveis Socials, impulsa aquest projecte &#8230; <a title=\"L\u00b4Ajuntament de la Vall d\u00b4Uix\u00f3 obri l\u00b4Escola d\u00b4Estiu 2025 amb m\u00e9s activitats i jocs d\u00b4aigua\" class=\"read-more\" href=\"https:\/\/elcafedepipa.com\/index.php\/2025\/07\/01\/lajuntament-de-la-vall-duixo-obre-lescola-destiu-2025-amb-mes-activitats-i-jocs-daigua\/\" aria-label=\"M\u00e9s informaci\u00f3 sobre L\u00b4Ajuntament de la Vall d\u00b4Uix\u00f3 obri l\u00b4Escola d\u00b4Estiu 2025 amb m\u00e9s activitats i jocs d\u00b4aigua\">Read more<\/a><\/p>\n","protected":false},"author":2,"featured_media":15243,"comment_status":"closed","ping_status":"closed","sticky":false,"template":"","format":"standard","meta":{"om_disable_all_campaigns":false,"_monsterinsights_skip_tracking":false,"_monsterinsights_sitenote_active":false,"_monsterinsights_sitenote_note":"","_monsterinsights_sitenote_category":0,"_uf_show_specific_survey":0,"_uf_disable_surveys":false,"footnotes":""},"categories":[1],"tags":[],"class_list":["post-15242","post","type-post","status-publish","format-standard","has-post-thumbnail","hentry","category-non-classe"],"_links":{"self":[{"href":"https:\/\/elcafedepipa.com\/index.php\/wp-json\/wp\/v2\/posts\/15242","targetHints":{"allow":["GET"]}}],"collection":[{"href":"https:\/\/elcafedepipa.com\/index.php\/wp-json\/wp\/v2\/posts"}],"about":[{"href":"https:\/\/elcafedepipa.com\/index.php\/wp-json\/wp\/v2\/types\/post"}],"author":[{"embeddable":true,"href":"https:\/\/elcafedepipa.com\/index.php\/wp-json\/wp\/v2\/users\/2"}],"replies":[{"embeddable":true,"href":"https:\/\/elcafedepipa.com\/index.php\/wp-json\/wp\/v2\/comments?post=15242"}],"version-history":[{"count":2,"href":"https:\/\/elcafedepipa.com\/index.php\/wp-json\/wp\/v2\/posts\/15242\/revisions"}],"predecessor-version":[{"id":15245,"href":"https:\/\/elcafedepipa.com\/index.php\/wp-json\/wp\/v2\/posts\/15242\/revisions\/15245"}],"wp:featuredmedia":[{"embeddable":true,"href":"https:\/\/elcafedepipa.com\/index.php\/wp-json\/wp\/v2\/media\/15243"}],"wp:attachment":[{"href":"https:\/\/elcafedepipa.com\/index.php\/wp-json\/wp\/v2\/media?parent=15242"}],"wp:term":[{"taxonomy":"category","embeddable":true,"href":"https:\/\/elcafedepipa.com\/index.php\/wp-json\/wp\/v2\/categories?post=15242"},{"taxonomy":"post_tag","embeddable":true,"href":"https:\/\/elcafedepipa.com\/index.php\/wp-json\/wp\/v2\/tags?post=15242"}],"curies":[{"name":"wp","href":"https:\/\/api.w.org\/{rel}","templated":true}]}}