{"id":15239,"date":"2025-07-01T10:34:03","date_gmt":"2025-07-01T08:34:03","guid":{"rendered":"https:\/\/elcafedepipa.com\/?p=15239"},"modified":"2025-07-01T10:34:04","modified_gmt":"2025-07-01T08:34:04","slug":"la-unio-critica-que-conselleria-dagricultura-no-done-suport-a-un-codi-aranzelari-taric-per-a-coneixer-el-volum-de-xufa-importada-que-arriba-de-tercers-paisos","status":"publish","type":"post","link":"https:\/\/elcafedepipa.com\/index.php\/2025\/07\/01\/la-unio-critica-que-conselleria-dagricultura-no-done-suport-a-un-codi-aranzelari-taric-per-a-coneixer-el-volum-de-xufa-importada-que-arriba-de-tercers-paisos\/","title":{"rendered":"LA UNI\u00d3 critica que Conselleria d&#8217;Agricultura no done suport a un codi aranzelari TARIC per a con\u00e9ixer el volum de xufa importada que arriba de tercers pa\u00efsos"},"content":{"rendered":"\n<p><strong>La defensa de la nostra xufa \u00e9s clau per a la sostenibilitat d&#8217;un cultiu rendible i amb una ind\u00fastria orxatera de gran tradici\u00f3 en la Comunitat Valenciana<\/strong><\/p>\n\n\n\n<p>La Uni\u00f3 Llauradora critica que la Conselleria d&#8217;Agricultura no done el seu suport institucional per a l&#8217;establiment d&#8217;un codi TARIC espec\u00edfic per a la xufa que serviria per a con\u00e9ixer el volum de producte importat des de tercers pa\u00efsos, una mesura necess\u00e0ria per a la defensa del sector i per a la qualitat diferenciada d&#8217;aquest cultiu valenci\u00e0.<\/p>\n\n\n\n<p>Despr\u00e9s de sol\u00b7licitar al mar\u00e7 l&#8217;organitzaci\u00f3 al Ministeri d&#8217;Agricultura aquesta petici\u00f3 del TARIC, aquest va remetre a l&#8217;abril les accions i cronologia a realitzar. En eixe mateix mes, LA UNI\u00d3 va demanar el suport a la Conselleria perqu\u00e8, en coordinaci\u00f3 amb la Denominaci\u00f3 d&#8217;Origen Xufa de Val\u00e8ncia, es recopilara tota la informaci\u00f3. No obstant aix\u00f2, en data de hui, LA UNI\u00d3 no ha rebut resposta oficial de la Conselleria, malgrat que la seua implicaci\u00f3 activa \u00e9s essencial per a recopilar i coordinar, amb el suport de la DO, la informaci\u00f3 t\u00e8cnica, econ\u00f2mica i fitosanit\u00e0ria que el Ministeri necessita per a iniciar la petici\u00f3 formal davant la Comissi\u00f3 Europea dins del termini establit que expira al mar\u00e7 de 2026.<\/p>\n\n\n\n<p>Segons el parer de LA UNI\u00d3, \u201cel silenci administratiu en un tema de tanta import\u00e0ncia per a la tra\u00e7abilitat, seguretat fitosanit\u00e0ria i competitivitat del cultiu de la xufa no sols perjudica els productors i elaboradors valencians, sin\u00f3 que posa en risc una oportunitat real d&#8217;aconseguir una eina clau per al control del comer\u00e7 exterior\u201d.<\/p>\n\n\n\n<p>Per aix\u00f2, LA UNI\u00d3 demanda de nou al conseller Miguel Barrachina que assumisca el lideratge d&#8217;aquesta acci\u00f3 conjunta amb la DO Xufa de Val\u00e8ncia i que, el m\u00e9s prompte possible, es prenguen les mesures necess\u00e0ries per a facilitar la documentaci\u00f3 al Ministeri d&#8217;Agricultura i garantir que la xufa compte amb el reconeixement aranzelari espec\u00edfic que mereix.<\/p>\n\n\n\n<p>Cal assenyalar que la xufa no t\u00e9 un codi aranzelari TARIC espec\u00edfic i es troba englobada dins en una categoria gen\u00e8rica que inclou diverses arrels i tubercles amb alt contingut en f\u00e8cula o inulina, la qual cosa impedeix con\u00e9ixer amb exactitud el volum de xufa importada des de tercers pa\u00efsos.<\/p>\n\n\n\n<p>Les xufes importades procedeixen majorit\u00e0riament de pa\u00efsos subsaharians com Mali, Burkina Faso o Costa d&#8217;Ivori. No obstant aix\u00f2, a causa de la falta d&#8217;un codi diferenciat, no existeixen dades precises sobre quanta xufa entra a Espanya. Aquesta situaci\u00f3 genera incertesa en el sector i dificulta l&#8217;adopci\u00f3 de mesures adequades per a garantir la viabilitat del cultiu en el nostre territori<\/p>\n\n\n\n<p>LA UNI\u00d3 adverteix que, a m\u00e9s de la compet\u00e8ncia en preus, la importaci\u00f3 sense un control espec\u00edfic tamb\u00e9 suposa un risc fitosanitari per als cultius aut\u00f2ctons. En l&#8217;actual campanya, els llauradors han detectat la proliferaci\u00f3 d&#8217;una mala herba similar a la juncia, que molt probablement haja arribat a trav\u00e9s de llavors de xufa importada. Aquest problema est\u00e0 generant importants dificultats en el camp i podria comprometre futures collites si no s&#8217;adopten mesures preventives.<\/p>\n\n\n\n<p>La xufa ocupa una extensi\u00f3 de 600 hect\u00e0rees a Espanya, situades la major part en la Comunitat Valenciana, concretament a la comarca de l&#8217;Horta Nord, i aconsegueix una producci\u00f3 al voltants de les 10.000 tones. La xufa valenciana presenta una qualitat diferenciada respecte a la importada. \u00c9s m\u00e9s xicoteta i dol\u00e7, amb propietats organol\u00e8ptiques molt superiors. Aquesta difer\u00e8ncia \u00e9s especialment apreciada pels orxaters artesans, els qui aposten fermament per la xufa amb DO. En canvi, alguns industrials que no estan inscrits en el Consell Regulador recorren a xufa importada, fonamentalment africana, a causa del seu menor cost i al major marge de benefici que obtenen en la venda d&#8217;orxata.<\/p>\n\n\n\n<p>Davant aquesta situaci\u00f3, LA UNI\u00d3 insisteix en la necessitat d&#8217;un codi TARIC espec\u00edfic que permeta con\u00e9ixer el volum real d&#8217;importacions i garantir un major control sobre la qualitat i seguretat del producte. La defensa de la xufa valenciana \u00e9s clau per a la sostenibilitat d&#8217;un cultiu rendible i amb una ind\u00fastria orxatera de gran tradici\u00f3 en la Comunitat Valenciana.<\/p>\n","protected":false},"excerpt":{"rendered":"<p>La defensa de la nostra xufa \u00e9s clau per a la sostenibilitat d&#8217;un cultiu rendible i amb una ind\u00fastria orxatera de gran tradici\u00f3 en la Comunitat Valenciana La Uni\u00f3 Llauradora critica que la Conselleria d&#8217;Agricultura no done el seu suport institucional per a l&#8217;establiment d&#8217;un codi TARIC espec\u00edfic per a la xufa que serviria per &#8230; <a title=\"LA UNI\u00d3 critica que Conselleria d&#8217;Agricultura no done suport a un codi aranzelari TARIC per a con\u00e9ixer el volum de xufa importada que arriba de tercers pa\u00efsos\" class=\"read-more\" href=\"https:\/\/elcafedepipa.com\/index.php\/2025\/07\/01\/la-unio-critica-que-conselleria-dagricultura-no-done-suport-a-un-codi-aranzelari-taric-per-a-coneixer-el-volum-de-xufa-importada-que-arriba-de-tercers-paisos\/\" aria-label=\"M\u00e9s informaci\u00f3 sobre LA UNI\u00d3 critica que Conselleria d&#8217;Agricultura no done suport a un codi aranzelari TARIC per a con\u00e9ixer el volum de xufa importada que arriba de tercers pa\u00efsos\">Read more<\/a><\/p>\n","protected":false},"author":2,"featured_media":15240,"comment_status":"closed","ping_status":"closed","sticky":false,"template":"","format":"standard","meta":{"om_disable_all_campaigns":false,"_monsterinsights_skip_tracking":false,"_monsterinsights_sitenote_active":false,"_monsterinsights_sitenote_note":"","_monsterinsights_sitenote_category":0,"_uf_show_specific_survey":0,"_uf_disable_surveys":false,"footnotes":""},"categories":[1],"tags":[],"class_list":["post-15239","post","type-post","status-publish","format-standard","has-post-thumbnail","hentry","category-non-classe"],"_links":{"self":[{"href":"https:\/\/elcafedepipa.com\/index.php\/wp-json\/wp\/v2\/posts\/15239","targetHints":{"allow":["GET"]}}],"collection":[{"href":"https:\/\/elcafedepipa.com\/index.php\/wp-json\/wp\/v2\/posts"}],"about":[{"href":"https:\/\/elcafedepipa.com\/index.php\/wp-json\/wp\/v2\/types\/post"}],"author":[{"embeddable":true,"href":"https:\/\/elcafedepipa.com\/index.php\/wp-json\/wp\/v2\/users\/2"}],"replies":[{"embeddable":true,"href":"https:\/\/elcafedepipa.com\/index.php\/wp-json\/wp\/v2\/comments?post=15239"}],"version-history":[{"count":1,"href":"https:\/\/elcafedepipa.com\/index.php\/wp-json\/wp\/v2\/posts\/15239\/revisions"}],"predecessor-version":[{"id":15241,"href":"https:\/\/elcafedepipa.com\/index.php\/wp-json\/wp\/v2\/posts\/15239\/revisions\/15241"}],"wp:featuredmedia":[{"embeddable":true,"href":"https:\/\/elcafedepipa.com\/index.php\/wp-json\/wp\/v2\/media\/15240"}],"wp:attachment":[{"href":"https:\/\/elcafedepipa.com\/index.php\/wp-json\/wp\/v2\/media?parent=15239"}],"wp:term":[{"taxonomy":"category","embeddable":true,"href":"https:\/\/elcafedepipa.com\/index.php\/wp-json\/wp\/v2\/categories?post=15239"},{"taxonomy":"post_tag","embeddable":true,"href":"https:\/\/elcafedepipa.com\/index.php\/wp-json\/wp\/v2\/tags?post=15239"}],"curies":[{"name":"wp","href":"https:\/\/api.w.org\/{rel}","templated":true}]}}