{"id":15236,"date":"2025-07-01T10:19:55","date_gmt":"2025-07-01T08:19:55","guid":{"rendered":"https:\/\/elcafedepipa.com\/?p=15236"},"modified":"2025-07-01T10:19:57","modified_gmt":"2025-07-01T08:19:57","slug":"el-pspv-psoe-de-castello-alerta-que-el-tsunami-dimpagaments-del-ppamenaca-ara-els-serveis-socials-municipals-despres-de-deixar-les-farmacies-en-la-corda-fluixa","status":"publish","type":"post","link":"https:\/\/elcafedepipa.com\/index.php\/2025\/07\/01\/el-pspv-psoe-de-castello-alerta-que-el-tsunami-dimpagaments-del-ppamenaca-ara-els-serveis-socials-municipals-despres-de-deixar-les-farmacies-en-la-corda-fluixa\/","title":{"rendered":"El PSPV-PSOE de Castell\u00f3 alerta que el\u00a0\u201ctsunami d\u2019impagaments del PP\u201damena\u00e7a ara els serveis socials municipals despr\u00e9s de deixar les farm\u00e0cies en la corda fluixa"},"content":{"rendered":"\n<p><strong>Falomir denuncia que els ajuntaments i mancomunitats estan avan\u00e7ant fons per a evitar el col\u00b7lapse de centres de dia, resid\u00e8ncies o serveis d\u2019atenci\u00f3 psicol\u00f2gica,\u00a0i acusa Maz\u00f3n\u00a0i Camarero de \u201cno donar la cara\u201d<\/strong><\/p>\n\n\n\n<p>El PSPV-PSOE de Castell\u00f3 ha advertit que el&nbsp;\u201ctsunami d\u2019impagaments de la Generalitat de Maz\u00f3n&nbsp;i el Partit Popular no&nbsp;t\u00e9 aturador\u201d&nbsp;i ara posa en perill la continu\u00eftat dels serveis socials municipals, despr\u00e9s d\u2019haver deixat en una situaci\u00f3&nbsp;\u201cl\u00edmit\u201d&nbsp;a les farm\u00e0cies i&nbsp;d\u2019haver posat en risc el subministrament de medicaments a milers de valencians i valencianes.<\/p>\n\n\n\n<p>\u201cEstan traslladant un problema greu als ajuntaments i mancomunitats, que han d\u2019avan\u00e7ar&nbsp;els&nbsp;diners per&nbsp;a&nbsp;mantindre serveis&nbsp;que no s\u00f3n compet\u00e8ncia nostra&nbsp;com les resid\u00e8ncies, els centres de dia, el suport psicol\u00f2gic o l\u2019atenci\u00f3 personalitzada, perqu\u00e8 Maz\u00f3n no paga. Estan abocant&nbsp;a les administracions locals&nbsp;a la ru\u00efna i, pitjor encara, amena\u00e7ant en&nbsp;deixar&nbsp;tirades milers de persones que depenen d\u2019aquestes prestacions\u201d, ha denunciat el secretari general&nbsp;provincial&nbsp;i alcalde de l\u2019Alcora, Samuel Falomir.<\/p>\n\n\n\n<p>En el cas del seu municipi, l\u2019Ajuntament ja ha avan\u00e7at 600.000 euros per a garantir el funcionament del centre de dia. \u201cSi no tingu\u00e9rem un m\u00fascul financer tan&nbsp;gran, possiblement els usuaris i usu\u00e0ries estarien a casa perqu\u00e8&nbsp;ens haur\u00edem vist obligats a tancar les portes d\u2019aquest servei. \u00c9s grav\u00edssim el que est\u00e0 passant\u201d, ha lamentat.<\/p>\n\n\n\n<p>Segons el PSPV-PSOE, la situaci\u00f3&nbsp;s\u2019est\u00e9n com una taca d\u2019oli&nbsp;i afecta&nbsp;desenes de municipis de la prov\u00edncia mancomunitats i ajuntaments com els de&nbsp;Forcall, Vilafranca o les Coves de Vinrom\u00e0, aix\u00ed com a les mancomunitats. El deute puja a desenes de milions d\u2019euros.<\/p>\n\n\n\n<p>Falomir ha denunciat que la&nbsp;situaci\u00f3 de la&nbsp;Generalitat&nbsp;\u00e9s&nbsp;\u201cp\u00e8ssima\u201d.&nbsp;\u201cEstan&nbsp;deixant de pagar tant a ajuntaments com a prove\u00efdors,&nbsp;aix\u00ed com a les farm\u00e0cies, que tornen a estar&nbsp;de nou en peu de guerra com el 2013. Tenim portant el govern auton\u00f2mic a una colla d\u2019ineptes que han arrasat&nbsp;la caixa de tots els valencians quan m\u00e9s recursos hi havia, a base de regals fiscals a les grans fortunes&nbsp;i ara en paguem les conseq\u00fc\u00e8ncies\u201d.<\/p>\n\n\n\n<p>\u201cEstan jugant amb el pa de la gent i amb la dignitat de les persones que m\u00e9s necessiten una atenci\u00f3 pr\u00f2xima i humana. I el m\u00e9s greu \u00e9s que ni Maz\u00f3n ni la consellera Camarero donen la cara. Estan m\u00e9s centrats&nbsp;en confrontar amb el Govern d\u2019Espanya i&nbsp;en la&nbsp;seua&nbsp;reconstrucci\u00f3 pol\u00edtica i personal que en garantir serveis socials dignes per a milers de persones, moltes d\u2019elles dependents o amb pocs recursos\u201d, ha afegit.<\/p>\n\n\n\n<p>Per \u00faltim, el dirigent socialista ha reclamat eleccions anticipades per \u201cfer fora el govern m\u00e9s incompetent de la hist\u00f2ria de la Generalitat\u201d.<\/p>\n","protected":false},"excerpt":{"rendered":"<p>Falomir denuncia que els ajuntaments i mancomunitats estan avan\u00e7ant fons per a evitar el col\u00b7lapse de centres de dia, resid\u00e8ncies o serveis d\u2019atenci\u00f3 psicol\u00f2gica,\u00a0i acusa Maz\u00f3n\u00a0i Camarero de \u201cno donar la cara\u201d El PSPV-PSOE de Castell\u00f3 ha advertit que el&nbsp;\u201ctsunami d\u2019impagaments de la Generalitat de Maz\u00f3n&nbsp;i el Partit Popular no&nbsp;t\u00e9 aturador\u201d&nbsp;i ara posa en perill &#8230; <a title=\"El PSPV-PSOE de Castell\u00f3 alerta que el\u00a0\u201ctsunami d\u2019impagaments del PP\u201damena\u00e7a ara els serveis socials municipals despr\u00e9s de deixar les farm\u00e0cies en la corda fluixa\" class=\"read-more\" href=\"https:\/\/elcafedepipa.com\/index.php\/2025\/07\/01\/el-pspv-psoe-de-castello-alerta-que-el-tsunami-dimpagaments-del-ppamenaca-ara-els-serveis-socials-municipals-despres-de-deixar-les-farmacies-en-la-corda-fluixa\/\" aria-label=\"M\u00e9s informaci\u00f3 sobre El PSPV-PSOE de Castell\u00f3 alerta que el\u00a0\u201ctsunami d\u2019impagaments del PP\u201damena\u00e7a ara els serveis socials municipals despr\u00e9s de deixar les farm\u00e0cies en la corda fluixa\">Read more<\/a><\/p>\n","protected":false},"author":2,"featured_media":15237,"comment_status":"closed","ping_status":"closed","sticky":false,"template":"","format":"standard","meta":{"om_disable_all_campaigns":false,"_monsterinsights_skip_tracking":false,"_monsterinsights_sitenote_active":false,"_monsterinsights_sitenote_note":"","_monsterinsights_sitenote_category":0,"_uf_show_specific_survey":0,"_uf_disable_surveys":false,"footnotes":""},"categories":[10],"tags":[],"class_list":["post-15236","post","type-post","status-publish","format-standard","has-post-thumbnail","hentry","category-provinciadecastello"],"_links":{"self":[{"href":"https:\/\/elcafedepipa.com\/index.php\/wp-json\/wp\/v2\/posts\/15236","targetHints":{"allow":["GET"]}}],"collection":[{"href":"https:\/\/elcafedepipa.com\/index.php\/wp-json\/wp\/v2\/posts"}],"about":[{"href":"https:\/\/elcafedepipa.com\/index.php\/wp-json\/wp\/v2\/types\/post"}],"author":[{"embeddable":true,"href":"https:\/\/elcafedepipa.com\/index.php\/wp-json\/wp\/v2\/users\/2"}],"replies":[{"embeddable":true,"href":"https:\/\/elcafedepipa.com\/index.php\/wp-json\/wp\/v2\/comments?post=15236"}],"version-history":[{"count":1,"href":"https:\/\/elcafedepipa.com\/index.php\/wp-json\/wp\/v2\/posts\/15236\/revisions"}],"predecessor-version":[{"id":15238,"href":"https:\/\/elcafedepipa.com\/index.php\/wp-json\/wp\/v2\/posts\/15236\/revisions\/15238"}],"wp:featuredmedia":[{"embeddable":true,"href":"https:\/\/elcafedepipa.com\/index.php\/wp-json\/wp\/v2\/media\/15237"}],"wp:attachment":[{"href":"https:\/\/elcafedepipa.com\/index.php\/wp-json\/wp\/v2\/media?parent=15236"}],"wp:term":[{"taxonomy":"category","embeddable":true,"href":"https:\/\/elcafedepipa.com\/index.php\/wp-json\/wp\/v2\/categories?post=15236"},{"taxonomy":"post_tag","embeddable":true,"href":"https:\/\/elcafedepipa.com\/index.php\/wp-json\/wp\/v2\/tags?post=15236"}],"curies":[{"name":"wp","href":"https:\/\/api.w.org\/{rel}","templated":true}]}}