{"id":15230,"date":"2025-07-01T07:20:00","date_gmt":"2025-07-01T05:20:00","guid":{"rendered":"https:\/\/elcafedepipa.com\/?p=15230"},"modified":"2025-07-01T00:27:58","modified_gmt":"2025-06-30T22:27:58","slug":"tania-banos-enceta-altra-nova-etapa-com-a-secretaria-general-de-lagrupacio-socialista-de-la-vall-duixo","status":"publish","type":"post","link":"https:\/\/elcafedepipa.com\/index.php\/2025\/07\/01\/tania-banos-enceta-altra-nova-etapa-com-a-secretaria-general-de-lagrupacio-socialista-de-la-vall-duixo\/","title":{"rendered":"Tania Ba\u00f1os enceta altra nova etapa com a secret\u00e0ria general de l&#8217;agrupaci\u00f3 socialista de la Vall d&#8217;Uix\u00f3"},"content":{"rendered":"\n<p><strong>Amb la presid\u00e8ncia de Josep Tur, la Comissi\u00f3 Executiva de l&#8217;agrupaci\u00f3 socialista de la Vall d&#8217;Uix\u00f3 torna a estar encap\u00e7alada per l&#8217;actual alcaldessa del municipi, Tania Ba\u00f1os. <\/strong><\/p>\n\n\n\n<p>Estar\u00e0 acompanyada per <strong>Javier Ferreres <\/strong>com a vicesecretari general i secretari de relacions institucionas; <strong>Francesca Bartolom\u00e9 <\/strong>com a vicesecret\u00e0ria general i secret\u00e0ria d&#8217;Igualtat: <strong>Ximo Zorrilla<\/strong> com a vicesecretari general d&#8217;acci\u00f3 electoral i secretari general de Joves Socialistes; <strong>Zaida Moreno,<\/strong> secret\u00e0ria d&#8217;Organitzaci\u00f3 i Administraci\u00f3; <strong>Jorge Garc\u00eda<\/strong>, secretari de pol\u00edtica municipal i portaveu; <strong>Jairo Gim\u00e9nez<\/strong>, secretari d&#8217;innovaci\u00f3 p\u00fablica. <strong>Tania Mart\u00ednez<\/strong>, secret\u00e0ria de turisme: <strong>Jos\u00e9 Vicente Andr\u00e9s<\/strong>, secretari d&#8217;economia i ocupaci\u00f3: <strong>Manel Agea<\/strong>, secretari de dinamitzaci\u00f3 de la seu; <strong>Tica Ferreres<\/strong>, secret\u00e0ria de moviments socials; <strong>Ana Iniesta<\/strong>, secret\u00e0ria d&#8217;acci\u00f3 en barris i Educacio; <strong>Sara Parada<\/strong>, secret\u00e0ria de Sanitat; i <strong>Francisco Dom\u00ednguez<\/strong>, secretari d&#8217;esports.<\/p>\n\n\n\n<p><\/p>\n\n\n\n<p><\/p>\n","protected":false},"excerpt":{"rendered":"<p>Amb la presid\u00e8ncia de Josep Tur, la Comissi\u00f3 Executiva de l&#8217;agrupaci\u00f3 socialista de la Vall d&#8217;Uix\u00f3 torna a estar encap\u00e7alada per l&#8217;actual alcaldessa del municipi, Tania Ba\u00f1os. Estar\u00e0 acompanyada per Javier Ferreres com a vicesecretari general i secretari de relacions institucionas; Francesca Bartolom\u00e9 com a vicesecret\u00e0ria general i secret\u00e0ria d&#8217;Igualtat: Ximo Zorrilla com a vicesecretari &#8230; <a title=\"Tania Ba\u00f1os enceta altra nova etapa com a secret\u00e0ria general de l&#8217;agrupaci\u00f3 socialista de la Vall d&#8217;Uix\u00f3\" class=\"read-more\" href=\"https:\/\/elcafedepipa.com\/index.php\/2025\/07\/01\/tania-banos-enceta-altra-nova-etapa-com-a-secretaria-general-de-lagrupacio-socialista-de-la-vall-duixo\/\" aria-label=\"M\u00e9s informaci\u00f3 sobre Tania Ba\u00f1os enceta altra nova etapa com a secret\u00e0ria general de l&#8217;agrupaci\u00f3 socialista de la Vall d&#8217;Uix\u00f3\">Read more<\/a><\/p>\n","protected":false},"author":2,"featured_media":15231,"comment_status":"closed","ping_status":"closed","sticky":false,"template":"","format":"standard","meta":{"om_disable_all_campaigns":false,"_monsterinsights_skip_tracking":false,"_monsterinsights_sitenote_active":false,"_monsterinsights_sitenote_note":"","_monsterinsights_sitenote_category":0,"_uf_show_specific_survey":0,"_uf_disable_surveys":false,"footnotes":""},"categories":[1],"tags":[],"class_list":["post-15230","post","type-post","status-publish","format-standard","has-post-thumbnail","hentry","category-non-classe"],"_links":{"self":[{"href":"https:\/\/elcafedepipa.com\/index.php\/wp-json\/wp\/v2\/posts\/15230","targetHints":{"allow":["GET"]}}],"collection":[{"href":"https:\/\/elcafedepipa.com\/index.php\/wp-json\/wp\/v2\/posts"}],"about":[{"href":"https:\/\/elcafedepipa.com\/index.php\/wp-json\/wp\/v2\/types\/post"}],"author":[{"embeddable":true,"href":"https:\/\/elcafedepipa.com\/index.php\/wp-json\/wp\/v2\/users\/2"}],"replies":[{"embeddable":true,"href":"https:\/\/elcafedepipa.com\/index.php\/wp-json\/wp\/v2\/comments?post=15230"}],"version-history":[{"count":1,"href":"https:\/\/elcafedepipa.com\/index.php\/wp-json\/wp\/v2\/posts\/15230\/revisions"}],"predecessor-version":[{"id":15232,"href":"https:\/\/elcafedepipa.com\/index.php\/wp-json\/wp\/v2\/posts\/15230\/revisions\/15232"}],"wp:featuredmedia":[{"embeddable":true,"href":"https:\/\/elcafedepipa.com\/index.php\/wp-json\/wp\/v2\/media\/15231"}],"wp:attachment":[{"href":"https:\/\/elcafedepipa.com\/index.php\/wp-json\/wp\/v2\/media?parent=15230"}],"wp:term":[{"taxonomy":"category","embeddable":true,"href":"https:\/\/elcafedepipa.com\/index.php\/wp-json\/wp\/v2\/categories?post=15230"},{"taxonomy":"post_tag","embeddable":true,"href":"https:\/\/elcafedepipa.com\/index.php\/wp-json\/wp\/v2\/tags?post=15230"}],"curies":[{"name":"wp","href":"https:\/\/api.w.org\/{rel}","templated":true}]}}