{"id":15217,"date":"2025-06-30T14:42:30","date_gmt":"2025-06-30T12:42:30","guid":{"rendered":"https:\/\/elcafedepipa.com\/?p=15217"},"modified":"2025-06-30T14:42:31","modified_gmt":"2025-06-30T12:42:31","slug":"nules-vol-la-declaracio-de-nucli-urba-despecial-valor-etnologic-per-a-les-casetes-de-la-mar","status":"publish","type":"post","link":"https:\/\/elcafedepipa.com\/index.php\/2025\/06\/30\/nules-vol-la-declaracio-de-nucli-urba-despecial-valor-etnologic-per-a-les-casetes-de-la-mar\/","title":{"rendered":"Nules vol la declaraci\u00f3 de nucli urb\u00e0 d&#8217;especial valor etnol\u00f2gic per a les casetes de la mar"},"content":{"rendered":"\n<p><strong>El ple sol\u00b7licita a la Generalitat Valenciana aquesta nomenclatura per a la seua protecci\u00f3<\/strong><\/p>\n\n\n\n<p>El ple de l\u2019Ajuntament de Nules ha aprovat recentment la sol\u00b7licitud a la Generalitat Valenciana de la declaraci\u00f3 de \u201cles casetes de la mar\u201d com a nucli urb\u00e0 d\u2019especial valor etnol\u00f2gic, amb la intenci\u00f3 de protegir els valors propis d\u2019aquest patrimoni local.<\/p>\n\n\n\n<p>Aix\u00ed, els diferents grups municipals han donat suport a la proposta presentada per l\u2019Alcaldia, amb la qual es pret\u00e9n que el conjunt d\u2019edificacions de primera l\u00ednia de la platja de Nules, conegut com \u201cles casetes de la mar de Nules\u201d, conservi els valors culturals, hist\u00f2rics i etnol\u00f2gics propis, donat que la seua demolici\u00f3 o supressi\u00f3 suposaria una p\u00e8rdua dels valors d\u2019aquest rellevant patrimoni. L\u2019Alcalde, David Garc\u00eda, destaca la postura f\u00e8rria del consistori&nbsp; \u201cdes dels diferents grups municipals hi ha unanimitat en aquest assumpte, i seguim treballant de la ma per protegir les casetes\u201d.<\/p>\n\n\n\n<p>Davant a\u00e7\u00f2, cal assenyalar que l\u2019Ajuntament de Nules compta amb informes que reconeixen el valor etnol\u00f2gic del nucli \u201cles casetes de la mar\u201d que han estat ja utilitzats per al procediment de sol\u00b7licitud com a BRL, i que estan avalats per diferents institucions i entitats com ara el Consell Valenci\u00e0 de Cultura; la Fundaci\u00f3 Goerlich; el Col\u00b7legi Territorial d\u2019Arquitectes de Castell\u00f3; el Col\u00b7legi d\u2019Enginyers Industrials de la Comunitat Valenciana; l\u2019Institut d\u2019Estudis d\u2019Hist\u00f2ria, Mem\u00f2ria i Patrimoni de l\u2019UJI; aix\u00ed com pel Cronista Oficial de la Vila de Nules o per l\u2019arquitecte local Manuel Miralles.<\/p>\n","protected":false},"excerpt":{"rendered":"<p>El ple sol\u00b7licita a la Generalitat Valenciana aquesta nomenclatura per a la seua protecci\u00f3 El ple de l\u2019Ajuntament de Nules ha aprovat recentment la sol\u00b7licitud a la Generalitat Valenciana de la declaraci\u00f3 de \u201cles casetes de la mar\u201d com a nucli urb\u00e0 d\u2019especial valor etnol\u00f2gic, amb la intenci\u00f3 de protegir els valors propis d\u2019aquest patrimoni &#8230; <a title=\"Nules vol la declaraci\u00f3 de nucli urb\u00e0 d&#8217;especial valor etnol\u00f2gic per a les casetes de la mar\" class=\"read-more\" href=\"https:\/\/elcafedepipa.com\/index.php\/2025\/06\/30\/nules-vol-la-declaracio-de-nucli-urba-despecial-valor-etnologic-per-a-les-casetes-de-la-mar\/\" aria-label=\"M\u00e9s informaci\u00f3 sobre Nules vol la declaraci\u00f3 de nucli urb\u00e0 d&#8217;especial valor etnol\u00f2gic per a les casetes de la mar\">Read more<\/a><\/p>\n","protected":false},"author":2,"featured_media":15220,"comment_status":"closed","ping_status":"closed","sticky":false,"template":"","format":"standard","meta":{"om_disable_all_campaigns":false,"_monsterinsights_skip_tracking":false,"_monsterinsights_sitenote_active":false,"_monsterinsights_sitenote_note":"","_monsterinsights_sitenote_category":0,"_uf_show_specific_survey":0,"_uf_disable_surveys":false,"footnotes":""},"categories":[3],"tags":[],"class_list":["post-15217","post","type-post","status-publish","format-standard","has-post-thumbnail","hentry","category-nules"],"_links":{"self":[{"href":"https:\/\/elcafedepipa.com\/index.php\/wp-json\/wp\/v2\/posts\/15217","targetHints":{"allow":["GET"]}}],"collection":[{"href":"https:\/\/elcafedepipa.com\/index.php\/wp-json\/wp\/v2\/posts"}],"about":[{"href":"https:\/\/elcafedepipa.com\/index.php\/wp-json\/wp\/v2\/types\/post"}],"author":[{"embeddable":true,"href":"https:\/\/elcafedepipa.com\/index.php\/wp-json\/wp\/v2\/users\/2"}],"replies":[{"embeddable":true,"href":"https:\/\/elcafedepipa.com\/index.php\/wp-json\/wp\/v2\/comments?post=15217"}],"version-history":[{"count":1,"href":"https:\/\/elcafedepipa.com\/index.php\/wp-json\/wp\/v2\/posts\/15217\/revisions"}],"predecessor-version":[{"id":15221,"href":"https:\/\/elcafedepipa.com\/index.php\/wp-json\/wp\/v2\/posts\/15217\/revisions\/15221"}],"wp:featuredmedia":[{"embeddable":true,"href":"https:\/\/elcafedepipa.com\/index.php\/wp-json\/wp\/v2\/media\/15220"}],"wp:attachment":[{"href":"https:\/\/elcafedepipa.com\/index.php\/wp-json\/wp\/v2\/media?parent=15217"}],"wp:term":[{"taxonomy":"category","embeddable":true,"href":"https:\/\/elcafedepipa.com\/index.php\/wp-json\/wp\/v2\/categories?post=15217"},{"taxonomy":"post_tag","embeddable":true,"href":"https:\/\/elcafedepipa.com\/index.php\/wp-json\/wp\/v2\/tags?post=15217"}],"curies":[{"name":"wp","href":"https:\/\/api.w.org\/{rel}","templated":true}]}}