{"id":15197,"date":"2025-06-30T13:43:44","date_gmt":"2025-06-30T11:43:44","guid":{"rendered":"https:\/\/elcafedepipa.com\/?p=15197"},"modified":"2025-06-30T13:43:59","modified_gmt":"2025-06-30T11:43:59","slug":"lajuntament-de-la-vall-duixo-obre-un-estiu-jove-de-record-amb-mes-de-170-adolescents","status":"publish","type":"post","link":"https:\/\/elcafedepipa.com\/index.php\/2025\/06\/30\/lajuntament-de-la-vall-duixo-obre-un-estiu-jove-de-record-amb-mes-de-170-adolescents\/","title":{"rendered":"L&#8217;Ajuntament de la Vall d&#8217;Uix\u00f3 obri un Estiu Jove de r\u00e8cord amb m\u00e9s de 170 adolescents"},"content":{"rendered":"\n<p><strong>Durant el mes de juliol participaran a tallers, jocs d&#8217;aigua i excursions a la platja ia la muntanya<\/strong><\/p>\n\n\n\n<p>L&#8217;Ajuntament de la Vall d&#8217;Uix\u00f3 ha obert aquest mat\u00ed el programa Estiu Jove 2025, que aquest any s&#8217;ha potenciat i dotat de m\u00e9s activitat i ha donat resultat, ja que hem batut el r\u00e8cord d&#8217;adolescents inscrits, m\u00e9s de 170\u201d, tal com ha explicat el regidor de Serveis Socials, Jorge Marqu\u00e9s.<\/p>\n\n\n\n<p>Durant aquest mes de juliol participaran en tallers de dansa, cuina o cultura de pau i jocs d&#8217;aigua, a m\u00e9s de fer sortides i excursions a la platja, muntanya i piscines. L\u00b4edil ha assenyalat que el doble objectiu d\u00b4aquesta iniciativa dirigida a adolescents de 12 a 18 anys \u00e9s &#8220;que gaudeixin de l\u00b4estiu en comunitat i entre iguals&#8221; i que &#8220;cap jove es quedi enrere, sense fer activitats d\u00b4oci en aquestes vacances&#8221;.<\/p>\n\n\n\n<p>Tant el regidor de Serveis Socials com l&#8217;alcaldessa, Tania Ba\u00f1os, han participat a l&#8217;acte de benvinguda a la pla\u00e7a del Parc, on els 170 participants han conegut les monitores i monitors. Tots dos han donat l&#8217;enhorabona a l&#8217;\u00e0rea d&#8217;Inf\u00e0ncia i Adolesc\u00e8ncia &#8220;per l&#8217;\u00e8xit d&#8217;aquesta edici\u00f3&#8221; ja que a causa del gran nombre d&#8217;inscrits &#8220;hem ampliat les places per cobrir la demanda&#8221; i que &#8220;ning\u00fa no es qued\u00e9s fora&#8221;.<\/p>\n\n\n\n<p>Projectes com Estiu Jove \u201cdonen resposta a un dels reptes que tenim com a societat, que els adolescents tinguin activitats de lleure fora dels estudis\u201d, ha destacat Marqu\u00e9s. Aix\u00ed, l&#8217;Ajuntament est\u00e0 apostant \u201cper oferir noves propostes i potenciar-ne d&#8217;altres\u201d, per a aix\u00f2 ja treballa per \u201ccobrir aquesta necessitat durant el curs escolar i no nom\u00e9s a l&#8217;estiu\u201d.<\/p>\n\n\n\n<p>Cal recordar que dem\u00e0 tamb\u00e9 obrir\u00e0 les portes l&#8217;Escola d&#8217;Estiu 2025, que aquest any es desenvolupa als CEIP Cervantes i la Moleta. Aquest programa ja consolidat ofereix lleure educatiu, saludable i comunitari per a nens i nenes de 3 a 12 anys durant el mes de juliol, amb possibilitat d&#8217;aula matinera i tamb\u00e9 de menjador.<\/p>\n\n\n\n<p><\/p>\n","protected":false},"excerpt":{"rendered":"<p>Durant el mes de juliol participaran a tallers, jocs d&#8217;aigua i excursions a la platja ia la muntanya L&#8217;Ajuntament de la Vall d&#8217;Uix\u00f3 ha obert aquest mat\u00ed el programa Estiu Jove 2025, que aquest any s&#8217;ha potenciat i dotat de m\u00e9s activitat i ha donat resultat, ja que hem batut el r\u00e8cord d&#8217;adolescents inscrits, m\u00e9s &#8230; <a title=\"L&#8217;Ajuntament de la Vall d&#8217;Uix\u00f3 obri un Estiu Jove de r\u00e8cord amb m\u00e9s de 170 adolescents\" class=\"read-more\" href=\"https:\/\/elcafedepipa.com\/index.php\/2025\/06\/30\/lajuntament-de-la-vall-duixo-obre-un-estiu-jove-de-record-amb-mes-de-170-adolescents\/\" aria-label=\"M\u00e9s informaci\u00f3 sobre L&#8217;Ajuntament de la Vall d&#8217;Uix\u00f3 obri un Estiu Jove de r\u00e8cord amb m\u00e9s de 170 adolescents\">Read more<\/a><\/p>\n","protected":false},"author":2,"featured_media":15198,"comment_status":"closed","ping_status":"closed","sticky":false,"template":"","format":"standard","meta":{"om_disable_all_campaigns":false,"_monsterinsights_skip_tracking":false,"_monsterinsights_sitenote_active":false,"_monsterinsights_sitenote_note":"","_monsterinsights_sitenote_category":0,"_uf_show_specific_survey":0,"_uf_disable_surveys":false,"footnotes":""},"categories":[1],"tags":[],"class_list":["post-15197","post","type-post","status-publish","format-standard","has-post-thumbnail","hentry","category-non-classe"],"_links":{"self":[{"href":"https:\/\/elcafedepipa.com\/index.php\/wp-json\/wp\/v2\/posts\/15197","targetHints":{"allow":["GET"]}}],"collection":[{"href":"https:\/\/elcafedepipa.com\/index.php\/wp-json\/wp\/v2\/posts"}],"about":[{"href":"https:\/\/elcafedepipa.com\/index.php\/wp-json\/wp\/v2\/types\/post"}],"author":[{"embeddable":true,"href":"https:\/\/elcafedepipa.com\/index.php\/wp-json\/wp\/v2\/users\/2"}],"replies":[{"embeddable":true,"href":"https:\/\/elcafedepipa.com\/index.php\/wp-json\/wp\/v2\/comments?post=15197"}],"version-history":[{"count":2,"href":"https:\/\/elcafedepipa.com\/index.php\/wp-json\/wp\/v2\/posts\/15197\/revisions"}],"predecessor-version":[{"id":15200,"href":"https:\/\/elcafedepipa.com\/index.php\/wp-json\/wp\/v2\/posts\/15197\/revisions\/15200"}],"wp:featuredmedia":[{"embeddable":true,"href":"https:\/\/elcafedepipa.com\/index.php\/wp-json\/wp\/v2\/media\/15198"}],"wp:attachment":[{"href":"https:\/\/elcafedepipa.com\/index.php\/wp-json\/wp\/v2\/media?parent=15197"}],"wp:term":[{"taxonomy":"category","embeddable":true,"href":"https:\/\/elcafedepipa.com\/index.php\/wp-json\/wp\/v2\/categories?post=15197"},{"taxonomy":"post_tag","embeddable":true,"href":"https:\/\/elcafedepipa.com\/index.php\/wp-json\/wp\/v2\/tags?post=15197"}],"curies":[{"name":"wp","href":"https:\/\/api.w.org\/{rel}","templated":true}]}}