{"id":15182,"date":"2025-06-27T15:18:47","date_gmt":"2025-06-27T13:18:47","guid":{"rendered":"https:\/\/elcafedepipa.com\/?p=15182"},"modified":"2025-06-27T15:18:48","modified_gmt":"2025-06-27T13:18:48","slug":"nules-ompli-les-seues-platges-de-musica-i-espectacles-amb-la-programacio-les-nits-a-lestany","status":"publish","type":"post","link":"https:\/\/elcafedepipa.com\/index.php\/2025\/06\/27\/nules-ompli-les-seues-platges-de-musica-i-espectacles-amb-la-programacio-les-nits-a-lestany\/","title":{"rendered":"Nules ompli les seues platges de m\u00fasica i espectacles amb la programaci\u00f3 Les nits a l&#8217;estany"},"content":{"rendered":"\n<p><strong>Un any m\u00e9s les platges comptaran al llarg del mes de juliol amb diferents activitats<\/strong><\/p>\n\n\n\n<p>L\u2019Ajuntament de Nules ha organitzat, un any m\u00e9s, una variada programaci\u00f3 que comptar\u00e0 amb diferents activitats que es desenvoluparan durant el mes de juliol a la poblaci\u00f3 mar\u00edtima. Aix\u00ed doncs, el programa \u201cLes Nits a l\u2019Estany\u201d presenta una oferta d&#8217;entreteniment per a tots els p\u00fablics amb actes que tindran lloc els caps de setmana de divendres, 27 de juny, a divendres 1 d\u2019agost.<\/p>\n\n\n\n<p>La Terrassa de l\u2019Estany ser\u00e0, doncs, el lloc que albergar\u00e0 aquests espectacles entre els quals hi haur\u00e0 actuacions musicals, concerts, o teatre, entre d\u2019altres. De manera que, el programa est\u00e0&nbsp; ja a l\u2019abast de les persones interessades en els edificis municipals habituals.<\/p>\n\n\n\n<p>A m\u00e9s, les persones majors podran gaudir del tradicional ball els diumenges des del pr\u00f2xim 29 de juny fins al 31 d\u2019agost.<\/p>\n\n\n\n<p>De fet, des de les regidories de Cultura i Platges, i de Gent Major, s\u2019ha organitzat aquesta programaci\u00f3 que comen\u00e7a precisament aquest divendres amb&nbsp; el Festival de Bandes Juvenils a c\u00e0rrec de la Banda Juvenil de l\u2019Associaci\u00f3 Musical Art\u00edstica Nulense.<\/p>\n\n\n\n<p>La regidora de Cultura i Platges, M. Jos\u00e9 Esteban, assenyala que amb aquesta programaci\u00f3 es vol dinamitzar les platges i oferir al ve\u00efnat i visitants espectacles durant els caps de setmana del mes de juliol, i comenta que \u201cen aquesta programaci\u00f3 s\u2019han prioritzat les actuacions protagonitzades per grups locals\u201d.<\/p>\n\n\n\n<p>Aix\u00ed, la programaci\u00f3 compta amb les actuacions d\u2019agrupacions locals com ara&nbsp; l\u2019Orquestra Laud\u00edstica Daniel Fortea, de la Coral Sant Bartomeu i Sant Jaume, del grup de teatre Caraceta CEAM, o de la banda de l\u2019Associaci\u00f3 Musical Art\u00edstica Nulense.<\/p>\n\n\n\n<p>A m\u00e9s, tamb\u00e9 hi haur\u00e0 enguany musicals i un espectacle circense, i com a novetat dissabte, 26 de juliol, tindr\u00e0 lloc la I edici\u00f3 \u201cTomates a la vora de la mar\u201d que organitza l\u2019 Agrupaci\u00f3n Independiente de Agricultores de Nules (AIAN).<\/p>\n","protected":false},"excerpt":{"rendered":"<p>Un any m\u00e9s les platges comptaran al llarg del mes de juliol amb diferents activitats L\u2019Ajuntament de Nules ha organitzat, un any m\u00e9s, una variada programaci\u00f3 que comptar\u00e0 amb diferents activitats que es desenvoluparan durant el mes de juliol a la poblaci\u00f3 mar\u00edtima. Aix\u00ed doncs, el programa \u201cLes Nits a l\u2019Estany\u201d presenta una oferta d&#8217;entreteniment &#8230; <a title=\"Nules ompli les seues platges de m\u00fasica i espectacles amb la programaci\u00f3 Les nits a l&#8217;estany\" class=\"read-more\" href=\"https:\/\/elcafedepipa.com\/index.php\/2025\/06\/27\/nules-ompli-les-seues-platges-de-musica-i-espectacles-amb-la-programacio-les-nits-a-lestany\/\" aria-label=\"M\u00e9s informaci\u00f3 sobre Nules ompli les seues platges de m\u00fasica i espectacles amb la programaci\u00f3 Les nits a l&#8217;estany\">Read more<\/a><\/p>\n","protected":false},"author":2,"featured_media":15183,"comment_status":"closed","ping_status":"closed","sticky":false,"template":"","format":"standard","meta":{"om_disable_all_campaigns":false,"_monsterinsights_skip_tracking":false,"_monsterinsights_sitenote_active":false,"_monsterinsights_sitenote_note":"","_monsterinsights_sitenote_category":0,"_uf_show_specific_survey":0,"_uf_disable_surveys":false,"footnotes":""},"categories":[3],"tags":[],"class_list":["post-15182","post","type-post","status-publish","format-standard","has-post-thumbnail","hentry","category-nules"],"_links":{"self":[{"href":"https:\/\/elcafedepipa.com\/index.php\/wp-json\/wp\/v2\/posts\/15182","targetHints":{"allow":["GET"]}}],"collection":[{"href":"https:\/\/elcafedepipa.com\/index.php\/wp-json\/wp\/v2\/posts"}],"about":[{"href":"https:\/\/elcafedepipa.com\/index.php\/wp-json\/wp\/v2\/types\/post"}],"author":[{"embeddable":true,"href":"https:\/\/elcafedepipa.com\/index.php\/wp-json\/wp\/v2\/users\/2"}],"replies":[{"embeddable":true,"href":"https:\/\/elcafedepipa.com\/index.php\/wp-json\/wp\/v2\/comments?post=15182"}],"version-history":[{"count":1,"href":"https:\/\/elcafedepipa.com\/index.php\/wp-json\/wp\/v2\/posts\/15182\/revisions"}],"predecessor-version":[{"id":15184,"href":"https:\/\/elcafedepipa.com\/index.php\/wp-json\/wp\/v2\/posts\/15182\/revisions\/15184"}],"wp:featuredmedia":[{"embeddable":true,"href":"https:\/\/elcafedepipa.com\/index.php\/wp-json\/wp\/v2\/media\/15183"}],"wp:attachment":[{"href":"https:\/\/elcafedepipa.com\/index.php\/wp-json\/wp\/v2\/media?parent=15182"}],"wp:term":[{"taxonomy":"category","embeddable":true,"href":"https:\/\/elcafedepipa.com\/index.php\/wp-json\/wp\/v2\/categories?post=15182"},{"taxonomy":"post_tag","embeddable":true,"href":"https:\/\/elcafedepipa.com\/index.php\/wp-json\/wp\/v2\/tags?post=15182"}],"curies":[{"name":"wp","href":"https:\/\/api.w.org\/{rel}","templated":true}]}}