{"id":15171,"date":"2025-06-27T12:02:52","date_gmt":"2025-06-27T10:02:52","guid":{"rendered":"https:\/\/elcafedepipa.com\/?p=15171"},"modified":"2025-06-27T12:02:54","modified_gmt":"2025-06-27T10:02:54","slug":"nules-celebra-la-tradicional-festa-de-les-barraquetes-2","status":"publish","type":"post","link":"https:\/\/elcafedepipa.com\/index.php\/2025\/06\/27\/nules-celebra-la-tradicional-festa-de-les-barraquetes-2\/","title":{"rendered":"Nules celebra la tradicional festa de les Barraquetes"},"content":{"rendered":"\n<p><strong>L\u2019any 2021 va ser declarada Festa d\u2019Inter\u00e9s Tur\u00edstic Provincial<\/strong><\/p>\n\n\n\n<p>Nules ha celebrat la tradicional Festa de les Barraquetes, una festivitat que l\u2019any 2021 va ser declarada com a Festa d\u2019Inter\u00e8s Tur\u00edstic Provincial.<\/p>\n\n\n\n<p>De manera que, des de l\u2019ajuntament es vol any enrere any donar suport a aquesta festa que compta amb molta tradici\u00f3 i arrelament entre els nulers i les nuleres, \u201c\u00e9s una festa que ens enorgulleix perqu\u00e8 \u00e9s un esdeveniment amb molta tradici\u00f3 i hist\u00f2ria per als nostres ve\u00efns\u201d, comenta el regidor de Tradicions, Ram\u00f3n Mart\u00ednez.<\/p>\n\n\n\n<p>De fet, Les Barraquetes \u00e9s una celebraci\u00f3 \u00fanica al territori valenci\u00e0 i tamb\u00e9 a l\u2019estat espanyol, es tracta d\u2019una festa d&#8217;origen hist\u00f2ric que prov\u00e9 del fet derivat de la mobilitzaci\u00f3 de les tropes de l&#8217;Ex\u00e8rcit Reial fins a la Serra d&#8217;Espad\u00e0 coincidint amb el vuit\u00e8 dia despr\u00e9s del Corpus Christi, sol\u00b7licitant aix\u00ed que les tropes foren bene\u00efdes amb el Sant\u00edssim. Per aquest motiu, el dijous despr\u00e9s de la festivitat del Corpus Christi es celebra aquesta festa en la qual participen els xiquets i xiquetes del municipi.<\/p>\n\n\n\n<p><\/p>\n","protected":false},"excerpt":{"rendered":"<p>L\u2019any 2021 va ser declarada Festa d\u2019Inter\u00e9s Tur\u00edstic Provincial Nules ha celebrat la tradicional Festa de les Barraquetes, una festivitat que l\u2019any 2021 va ser declarada com a Festa d\u2019Inter\u00e8s Tur\u00edstic Provincial. De manera que, des de l\u2019ajuntament es vol any enrere any donar suport a aquesta festa que compta amb molta tradici\u00f3 i arrelament &#8230; <a title=\"Nules celebra la tradicional festa de les Barraquetes\" class=\"read-more\" href=\"https:\/\/elcafedepipa.com\/index.php\/2025\/06\/27\/nules-celebra-la-tradicional-festa-de-les-barraquetes-2\/\" aria-label=\"M\u00e9s informaci\u00f3 sobre Nules celebra la tradicional festa de les Barraquetes\">Read more<\/a><\/p>\n","protected":false},"author":2,"featured_media":15172,"comment_status":"closed","ping_status":"closed","sticky":false,"template":"","format":"standard","meta":{"om_disable_all_campaigns":false,"_monsterinsights_skip_tracking":false,"_monsterinsights_sitenote_active":false,"_monsterinsights_sitenote_note":"","_monsterinsights_sitenote_category":0,"_uf_show_specific_survey":0,"_uf_disable_surveys":false,"footnotes":""},"categories":[3],"tags":[],"class_list":["post-15171","post","type-post","status-publish","format-standard","has-post-thumbnail","hentry","category-nules"],"_links":{"self":[{"href":"https:\/\/elcafedepipa.com\/index.php\/wp-json\/wp\/v2\/posts\/15171","targetHints":{"allow":["GET"]}}],"collection":[{"href":"https:\/\/elcafedepipa.com\/index.php\/wp-json\/wp\/v2\/posts"}],"about":[{"href":"https:\/\/elcafedepipa.com\/index.php\/wp-json\/wp\/v2\/types\/post"}],"author":[{"embeddable":true,"href":"https:\/\/elcafedepipa.com\/index.php\/wp-json\/wp\/v2\/users\/2"}],"replies":[{"embeddable":true,"href":"https:\/\/elcafedepipa.com\/index.php\/wp-json\/wp\/v2\/comments?post=15171"}],"version-history":[{"count":1,"href":"https:\/\/elcafedepipa.com\/index.php\/wp-json\/wp\/v2\/posts\/15171\/revisions"}],"predecessor-version":[{"id":15173,"href":"https:\/\/elcafedepipa.com\/index.php\/wp-json\/wp\/v2\/posts\/15171\/revisions\/15173"}],"wp:featuredmedia":[{"embeddable":true,"href":"https:\/\/elcafedepipa.com\/index.php\/wp-json\/wp\/v2\/media\/15172"}],"wp:attachment":[{"href":"https:\/\/elcafedepipa.com\/index.php\/wp-json\/wp\/v2\/media?parent=15171"}],"wp:term":[{"taxonomy":"category","embeddable":true,"href":"https:\/\/elcafedepipa.com\/index.php\/wp-json\/wp\/v2\/categories?post=15171"},{"taxonomy":"post_tag","embeddable":true,"href":"https:\/\/elcafedepipa.com\/index.php\/wp-json\/wp\/v2\/tags?post=15171"}],"curies":[{"name":"wp","href":"https:\/\/api.w.org\/{rel}","templated":true}]}}