{"id":15159,"date":"2025-06-26T14:15:13","date_gmt":"2025-06-26T12:15:13","guid":{"rendered":"https:\/\/elcafedepipa.com\/?p=15159"},"modified":"2025-06-26T14:16:09","modified_gmt":"2025-06-26T12:16:09","slug":"un-recorregut-per-la-gran-pintura-valenciana-aplega-a-la-sala-maria-sorolla-amb-nou-artistes-de-referencia","status":"publish","type":"post","link":"https:\/\/elcafedepipa.com\/index.php\/2025\/06\/26\/un-recorregut-per-la-gran-pintura-valenciana-aplega-a-la-sala-maria-sorolla-amb-nou-artistes-de-referencia\/","title":{"rendered":"\u2018Un recorregut per la gran pintura valenciana\u2019 aplega a la sala Maria Sorolla de Moncofa amb nou artistes de refer\u00e8ncia\u00a0"},"content":{"rendered":"\n<p>L&#8217;excel\u00b7l\u00e8ncia de la pintura valenciana torna a protagonitzar l&#8217;estiu cultural a Moncofa. Del 27 de juny al 27 de juliol, la sala d&#8217;exposicions Maria Sorolla acollir\u00e0 una mostra col\u00b7lectiva comissariada per l&#8217;artista local Gabriela Alemany que proposa un recorregut per l&#8217;obra d&#8217;alguns dels grans noms de la tradici\u00f3 pict\u00f2rica valenciana, amb peces representatives d&#8217;artistes com Joaqu\u00edn Michavila, Juan Ripoll\u00e9s, Manolo Vald\u00e9s o Equip Cr\u00f2nica.<\/p>\n\n\n\n<p>L&#8217;exposici\u00f3, titulada \u00abUn recorregut per la gran pintura valenciana\u00bb, ofereix al p\u00fablic una visi\u00f3 panor\u00e0mica de l&#8217;evoluci\u00f3 art\u00edstica valenciana a trav\u00e9s de llenguatges molt diversos: des del paisatgisme impressionista fins a la cr\u00edtica social del pop art, passant per l&#8217;abstracci\u00f3 geom\u00e8trica o la figuraci\u00f3 expressionista. La selecci\u00f3 d&#8217;estes obres ha sigut possible gr\u00e0cies a la generositat del col\u00b7leccionista i antiquari Diego Cort\u00e9s.<\/p>\n\n\n\n<p>\u201cLa sala Maria Sorolla torna a convertir-se en una finestra oberta a l&#8217;art de primer nivell\u201d, assenyala l&#8217;alcalde de Moncofa, Wences Al\u00f3s, que ha destacat la implicaci\u00f3 en el projecte de l&#8217;artista local i comiss\u00e0ria de la mostra, Gabriela Alemanya. \u201cRes d&#8217;aix\u00f2 seria possible sense el treball rigor\u00f3s i la visi\u00f3 de Gabriela Alemany, el prestigi i el reconeixement de la qual en el panorama art\u00edstic nacional ens permet comptar amb artistes i exposicions de primer nivell, com la que podrem gaudir este juliol\u201d, agrega.<\/p>\n\n\n\n<p>En esta ocasi\u00f3, la sala Maria Sorolla recorrer\u00e0 la tradici\u00f3 pict\u00f2rica valenciana a trav\u00e9s de nou noms clau en la hist\u00f2ria i el present de l&#8217;art valenci\u00e0: Daniel Sabater, Francisco Rodr\u00edguez S\u00e1nchez Clement, Genaro Lahuerta, Joaqu\u00edn Michavila, Juan Ripoll\u00e9s, Juan Ribera Berenguer, Eustaquio Segrelles, Manolo Vald\u00e9s i Equip Cr\u00f2nica.<\/p>\n\n\n\n<p>L&#8217;exposici\u00f3 s&#8217;inaugurar\u00e0 el pr\u00f2xim 27 de juny a les 19.30 hores i podr\u00e0 visitar-se de dimarts a diumenge, en horari de 19.00 a 21.00 hores, a la sala Maria Sorolla, situada en la primera planta de l&#8217;Oficina de Turisme, en ple centre de la platja del Grau de Moncofa. Amb esta nova proposta, Moncofa reafirma el seu comprom\u00eds amb la cultura i consolida la sala Maria Sorolla com un espai de refer\u00e8ncia en l&#8217;escena art\u00edstica valenciana.<\/p>\n\n\n\n<p><\/p>\n","protected":false},"excerpt":{"rendered":"<p>L&#8217;excel\u00b7l\u00e8ncia de la pintura valenciana torna a protagonitzar l&#8217;estiu cultural a Moncofa. Del 27 de juny al 27 de juliol, la sala d&#8217;exposicions Maria Sorolla acollir\u00e0 una mostra col\u00b7lectiva comissariada per l&#8217;artista local Gabriela Alemany que proposa un recorregut per l&#8217;obra d&#8217;alguns dels grans noms de la tradici\u00f3 pict\u00f2rica valenciana, amb peces representatives d&#8217;artistes com &#8230; <a title=\"\u2018Un recorregut per la gran pintura valenciana\u2019 aplega a la sala Maria Sorolla de Moncofa amb nou artistes de refer\u00e8ncia\u00a0\" class=\"read-more\" href=\"https:\/\/elcafedepipa.com\/index.php\/2025\/06\/26\/un-recorregut-per-la-gran-pintura-valenciana-aplega-a-la-sala-maria-sorolla-amb-nou-artistes-de-referencia\/\" aria-label=\"M\u00e9s informaci\u00f3 sobre \u2018Un recorregut per la gran pintura valenciana\u2019 aplega a la sala Maria Sorolla de Moncofa amb nou artistes de refer\u00e8ncia\u00a0\">Read more<\/a><\/p>\n","protected":false},"author":2,"featured_media":15160,"comment_status":"closed","ping_status":"closed","sticky":false,"template":"","format":"standard","meta":{"om_disable_all_campaigns":false,"_monsterinsights_skip_tracking":false,"_monsterinsights_sitenote_active":false,"_monsterinsights_sitenote_note":"","_monsterinsights_sitenote_category":0,"_uf_show_specific_survey":0,"_uf_disable_surveys":false,"footnotes":""},"categories":[4],"tags":[],"class_list":["post-15159","post","type-post","status-publish","format-standard","has-post-thumbnail","hentry","category-moncofa"],"_links":{"self":[{"href":"https:\/\/elcafedepipa.com\/index.php\/wp-json\/wp\/v2\/posts\/15159","targetHints":{"allow":["GET"]}}],"collection":[{"href":"https:\/\/elcafedepipa.com\/index.php\/wp-json\/wp\/v2\/posts"}],"about":[{"href":"https:\/\/elcafedepipa.com\/index.php\/wp-json\/wp\/v2\/types\/post"}],"author":[{"embeddable":true,"href":"https:\/\/elcafedepipa.com\/index.php\/wp-json\/wp\/v2\/users\/2"}],"replies":[{"embeddable":true,"href":"https:\/\/elcafedepipa.com\/index.php\/wp-json\/wp\/v2\/comments?post=15159"}],"version-history":[{"count":2,"href":"https:\/\/elcafedepipa.com\/index.php\/wp-json\/wp\/v2\/posts\/15159\/revisions"}],"predecessor-version":[{"id":15162,"href":"https:\/\/elcafedepipa.com\/index.php\/wp-json\/wp\/v2\/posts\/15159\/revisions\/15162"}],"wp:featuredmedia":[{"embeddable":true,"href":"https:\/\/elcafedepipa.com\/index.php\/wp-json\/wp\/v2\/media\/15160"}],"wp:attachment":[{"href":"https:\/\/elcafedepipa.com\/index.php\/wp-json\/wp\/v2\/media?parent=15159"}],"wp:term":[{"taxonomy":"category","embeddable":true,"href":"https:\/\/elcafedepipa.com\/index.php\/wp-json\/wp\/v2\/categories?post=15159"},{"taxonomy":"post_tag","embeddable":true,"href":"https:\/\/elcafedepipa.com\/index.php\/wp-json\/wp\/v2\/tags?post=15159"}],"curies":[{"name":"wp","href":"https:\/\/api.w.org\/{rel}","templated":true}]}}