{"id":15137,"date":"2025-06-25T14:49:48","date_gmt":"2025-06-25T12:49:48","guid":{"rendered":"https:\/\/elcafedepipa.com\/?p=15137"},"modified":"2025-06-25T14:49:50","modified_gmt":"2025-06-25T12:49:50","slug":"nules-hissa-la-seua-bandera-reivindicativa-a-la-platja-de-les-marines-2","status":"publish","type":"post","link":"https:\/\/elcafedepipa.com\/index.php\/2025\/06\/25\/nules-hissa-la-seua-bandera-reivindicativa-a-la-platja-de-les-marines-2\/","title":{"rendered":"Nules hissa la seua bandera reivindicativa a la Platja de Les Marines"},"content":{"rendered":"\n<p><strong>Tamb\u00e9 est\u00e0 operatiu el servei de salvament i de socorrisme fins al pr\u00f2xim 21 de setembre<\/strong><\/p>\n\n\n\n<p>\u201cSense bandera blava per\u00f2 amb molta dignitat. Nules m\u00e9s fort que un mur\u201d, \u00e9s el lema de la bandera que ja oneja a la platja de les Marines despr\u00e9s de la seua hissada que ha tingut lloc aquest dimecres amb l\u2019assist\u00e8ncia de l\u2019alcalde, David Garc\u00eda, de la regidora de Platges, M. Jos\u00e9 Esteban, del primer tinent d\u2019alcalde, C\u00e9sar Esta\u00f1ol, i d\u2019una representaci\u00f3 de les diferents associacions de les platges.<\/p>\n\n\n\n<p>Aix\u00ed doncs, aquesta bandera onejar\u00e0 tamb\u00e9 a les platges de Bovalar i de l\u2019Alc\u00fadia com a senyal reivindicativa davant la postura de Costes, que ha fet que Nules no aconsegueixca&nbsp; tampoc enguany el distintiu internacional Bandera Blava&nbsp; que atorga la Fundaci\u00f3 per l\u2019Educaci\u00f3 Ambiental (FEE).<\/p>\n\n\n\n<p>De fet, aquest guard\u00f3 reconeix l\u2019elevada qualitat de l\u2019aigua aix\u00ed com l\u2019excel\u00b7l\u00e8ncia en els serveis que es presten a les persones usu\u00e0ries i la conservaci\u00f3 del medi natural, \u201cuns aspectes que res tenen a veure amb el principal assumpte que al\u00b7lega Costes i que est\u00e0 relacionat amb la construcci\u00f3 del mur fet per l\u2019Ajuntament de Nules per a protegir les casetes de primera l\u00ednia\u201d, comenta la regidora de Platges, M. Jos\u00e9 Esteban.&nbsp;<\/p>\n\n\n\n<p>En aquest sentit, cal recordar que l\u2019any 2021 es va construir aquest mur que ha comportat que l\u2019Ajuntament de Nules i Costes mantinguin un litigi judicial que ha estat la principal causa per a no aconseguir la Bandera Blava&nbsp; que des de l\u2019any 2019 s\u2019havia atorgat a platja de les Marines.<\/p>\n\n\n\n<p>Davant a\u00e7\u00f2, l\u2019Alcalde de Nules, David Garc\u00eda, ressalta que \u201caquest any la platja de les Marines tampoc ha estat guardonada amb aquest distintiu, per\u00f2 les nostres platges comptaran amb aquestes banderes reivindicatives amb les quals seguim protegim el nostre patrimoni mar\u00edtim\u201d.<\/p>\n\n\n\n<p>Per altra banda, tamb\u00e9 ha tingut lloc hui la hissada de la bandera Qualitur tant a la platja de les Marines com a les platges de Bovalar i de l\u2019Alc\u00fadia. De manera que, aquestes banderes les atorga Turisme Comunitat Valenciana com a reconeixement a la qualitat i a la gesti\u00f3 mediambiental.<\/p>\n\n\n\n<p>Les platges de Nules tenen, a m\u00e9s, altres distintius de reconeixement de qualitat per la gesti\u00f3 del seu litoral. Aix\u00ed doncs, a m\u00e9s de les banderes Qualitur de les platges de Bovalar, de les Marines, i de l\u2019Alc\u00fadia tamb\u00e9 compta amb les certificacions ISO 9001, que reconeix la qualitat en la gesti\u00f3 dels serveis per a les persones usu\u00e0ries i en la satisfacci\u00f3 dels clients,&nbsp; i ISO 14001, dissenyada per a controlar les responsabilitats i impactes medi ambientals.<\/p>\n\n\n\n<p>Aix\u00ed mateix, enguany, una vegada m\u00e9s, totes les seues platges compten amb la bandera \u201cPlatges sense fum\u201d al adherir-se fa uns anys les platges de les Marines, de Bovalar i de l\u2019Alc\u00fadia a aquest pla de la Generalitat Valenciana amb el qual es vol preservar&nbsp; la poblaci\u00f3 i el territori dels efectes nocius del tabac i de les deixalles dels cigarrets.<\/p>\n\n\n\n<p><strong>Servei de salvament i socorrisme<\/strong><\/p>\n\n\n\n<p>Cal assenyalar, a m\u00e9s, que l\u2019Ajuntament de Nules va posar en marxa el passat dissabte, 21 de juny, el servei de salvament i socorrisme de les seues platges que es prolongar\u00e0 fins al pr\u00f2xim 21 de setembre. En concret, l\u2019horari d\u2019aquest servei ser\u00e0 de 12 a 19 hores als mesos de juny i setembre, i d\u201911 a 20 hores als mesos de juliol i agost a les platges de l\u2019Alc\u00fadia, Bovalar i les Marines.<\/p>\n\n\n\n<p>Aix\u00ed mateix, la platja de Les Marines comptar\u00e0 tamb\u00e9 amb una posta sanit\u00e0ria&nbsp; amb un punt adaptat als mesos de juliol i agost, i la platja de l\u2019Alc\u00fadia tamb\u00e9 tindr\u00e0 una altra posta sanit\u00e0ria amb punt accessible.<\/p>\n","protected":false},"excerpt":{"rendered":"<p>Tamb\u00e9 est\u00e0 operatiu el servei de salvament i de socorrisme fins al pr\u00f2xim 21 de setembre \u201cSense bandera blava per\u00f2 amb molta dignitat. Nules m\u00e9s fort que un mur\u201d, \u00e9s el lema de la bandera que ja oneja a la platja de les Marines despr\u00e9s de la seua hissada que ha tingut lloc aquest dimecres &#8230; <a title=\"Nules hissa la seua bandera reivindicativa a la Platja de Les Marines\" class=\"read-more\" href=\"https:\/\/elcafedepipa.com\/index.php\/2025\/06\/25\/nules-hissa-la-seua-bandera-reivindicativa-a-la-platja-de-les-marines-2\/\" aria-label=\"M\u00e9s informaci\u00f3 sobre Nules hissa la seua bandera reivindicativa a la Platja de Les Marines\">Read more<\/a><\/p>\n","protected":false},"author":2,"featured_media":15138,"comment_status":"closed","ping_status":"closed","sticky":false,"template":"","format":"standard","meta":{"om_disable_all_campaigns":false,"_monsterinsights_skip_tracking":false,"_monsterinsights_sitenote_active":false,"_monsterinsights_sitenote_note":"","_monsterinsights_sitenote_category":0,"_uf_show_specific_survey":0,"_uf_disable_surveys":false,"footnotes":""},"categories":[3],"tags":[],"class_list":["post-15137","post","type-post","status-publish","format-standard","has-post-thumbnail","hentry","category-nules"],"_links":{"self":[{"href":"https:\/\/elcafedepipa.com\/index.php\/wp-json\/wp\/v2\/posts\/15137","targetHints":{"allow":["GET"]}}],"collection":[{"href":"https:\/\/elcafedepipa.com\/index.php\/wp-json\/wp\/v2\/posts"}],"about":[{"href":"https:\/\/elcafedepipa.com\/index.php\/wp-json\/wp\/v2\/types\/post"}],"author":[{"embeddable":true,"href":"https:\/\/elcafedepipa.com\/index.php\/wp-json\/wp\/v2\/users\/2"}],"replies":[{"embeddable":true,"href":"https:\/\/elcafedepipa.com\/index.php\/wp-json\/wp\/v2\/comments?post=15137"}],"version-history":[{"count":1,"href":"https:\/\/elcafedepipa.com\/index.php\/wp-json\/wp\/v2\/posts\/15137\/revisions"}],"predecessor-version":[{"id":15139,"href":"https:\/\/elcafedepipa.com\/index.php\/wp-json\/wp\/v2\/posts\/15137\/revisions\/15139"}],"wp:featuredmedia":[{"embeddable":true,"href":"https:\/\/elcafedepipa.com\/index.php\/wp-json\/wp\/v2\/media\/15138"}],"wp:attachment":[{"href":"https:\/\/elcafedepipa.com\/index.php\/wp-json\/wp\/v2\/media?parent=15137"}],"wp:term":[{"taxonomy":"category","embeddable":true,"href":"https:\/\/elcafedepipa.com\/index.php\/wp-json\/wp\/v2\/categories?post=15137"},{"taxonomy":"post_tag","embeddable":true,"href":"https:\/\/elcafedepipa.com\/index.php\/wp-json\/wp\/v2\/tags?post=15137"}],"curies":[{"name":"wp","href":"https:\/\/api.w.org\/{rel}","templated":true}]}}