{"id":15125,"date":"2025-06-25T13:17:59","date_gmt":"2025-06-25T11:17:59","guid":{"rendered":"https:\/\/elcafedepipa.com\/?p=15125"},"modified":"2025-06-25T13:18:00","modified_gmt":"2025-06-25T11:18:00","slug":"lajuntament-de-la-vall-duixo-intensifica-els-tractaments-contra-les-plagues-per-la-calor","status":"publish","type":"post","link":"https:\/\/elcafedepipa.com\/index.php\/2025\/06\/25\/lajuntament-de-la-vall-duixo-intensifica-els-tractaments-contra-les-plagues-per-la-calor\/","title":{"rendered":"L&#8217;Ajuntament de la Vall d&#8217;Uix\u00f3 intensifica els tractaments contra les plagues per la calor."},"content":{"rendered":"\n<h5 class=\"wp-block-heading\">Una empresa especialitzada realitza els treballs en el 100% de la xarxa de clavegueram per a evitar la proliferaci\u00f3 de paneroles, rosegadors i insectes.<br><\/h5>\n\n\n\n<p>L&#8217;Ajuntament de la Vall d\u2019Uix\u00f3 ha intensificat la campanya de tractament i control de plagues per les altes temperatures, amb l\u2019objectiu de reduir la proliferaci\u00f3 de rosegadors, paneroles i altres insectes durant l\u2019estiu. El regidor de Sanitat, Jorge Garc\u00eda, ha visitat aquest mat\u00ed els treballs que est\u00e0 realitzant una empresa especialitzada.<\/p>\n\n\n\n<p>En aquest sentit, ha explicat que des de l\u2019equip de govern \u201csom conscients que \u00e9s una q\u00fcesti\u00f3 que preocupa i molesta la ciutadania, i com a Ajuntament ens ocupa\u201d. Per aix\u00f2, abans de l\u2019estiu ja es van dur a terme treballs preventius per a reduir la reproducci\u00f3, tenint en compte que enguany \u201cha plogut molt a la primavera i la calor ha comen\u00e7at molt prompte\u201d.<\/p>\n\n\n\n<p>Ara s\u2019estan refor\u00e7ant els tractaments \u201cperqu\u00e8 hi haja el m\u00ednim possible\u201d, encara que cal tindre en compte que \u201cno es poden eliminar al 100%\u201d. Durant l\u2019any es realitza una tasca cont\u00ednua de prevenci\u00f3 de plagues que en aquesta \u00e8poca de l\u2019any s\u2019incrementa. Aix\u00ed, s\u2019est\u00e0 actuant en espais i edificis p\u00fablics i s\u2019arriba al 100% de la xarxa de clavegueram de la ciutat, que es divideix en huit zones d\u2019actuaci\u00f3 peri\u00f2dica.<\/p>\n\n\n\n<p>Per a Garc\u00eda, aquestes dades constaten que \u201cper a la Regidoria de Sanitat \u00e9s una prioritat actuar per a controlar i reduir les plagues\u201d. Tamb\u00e9 s\u2019han fet tractaments espec\u00edfics contra els mosquits al Paratge de Sant Josep, la Moleta i l\u2019avinguda Sud-Oest, on s\u2019ha detectat una pres\u00e8ncia major. Per a finalitzar, l\u2019edil ha assenyalat que aquest tipus de treballs \u201cmoltes vegades no s\u00f3n visibles per a la gent, per\u00f2 es fan peri\u00f2dicament i s\u00f3n fonamentals per a millorar la salubritat de la ciutat\u201d.<br><\/p>\n\n\n\n<figure class=\"wp-block-gallery has-nested-images columns-default is-cropped wp-block-gallery-1 is-layout-flex wp-block-gallery-is-layout-flex\">\n<figure class=\"wp-block-image size-large\"><img fetchpriority=\"high\" decoding=\"async\" width=\"1024\" height=\"768\" data-id=\"15127\" src=\"https:\/\/elcafedepipa.com\/wp-content\/uploads\/2025\/06\/Plagas-1-1024x768.jpeg\" alt=\"\" class=\"wp-image-15127\" srcset=\"https:\/\/elcafedepipa.com\/wp-content\/uploads\/2025\/06\/Plagas-1-1024x768.jpeg 1024w, https:\/\/elcafedepipa.com\/wp-content\/uploads\/2025\/06\/Plagas-1-300x225.jpeg 300w, https:\/\/elcafedepipa.com\/wp-content\/uploads\/2025\/06\/Plagas-1-768x576.jpeg 768w, https:\/\/elcafedepipa.com\/wp-content\/uploads\/2025\/06\/Plagas-1-1536x1152.jpeg 1536w, https:\/\/elcafedepipa.com\/wp-content\/uploads\/2025\/06\/Plagas-1.jpeg 1600w\" sizes=\"(max-width: 1024px) 100vw, 1024px\" \/><\/figure>\n\n\n\n<figure class=\"wp-block-image size-large\"><img decoding=\"async\" width=\"1024\" height=\"768\" data-id=\"15126\" src=\"https:\/\/elcafedepipa.com\/wp-content\/uploads\/2025\/06\/Plagas-2-1024x768.jpeg\" alt=\"\" class=\"wp-image-15126\" srcset=\"https:\/\/elcafedepipa.com\/wp-content\/uploads\/2025\/06\/Plagas-2-1024x768.jpeg 1024w, https:\/\/elcafedepipa.com\/wp-content\/uploads\/2025\/06\/Plagas-2-300x225.jpeg 300w, https:\/\/elcafedepipa.com\/wp-content\/uploads\/2025\/06\/Plagas-2-768x576.jpeg 768w, https:\/\/elcafedepipa.com\/wp-content\/uploads\/2025\/06\/Plagas-2-1536x1152.jpeg 1536w, https:\/\/elcafedepipa.com\/wp-content\/uploads\/2025\/06\/Plagas-2.jpeg 1600w\" sizes=\"(max-width: 1024px) 100vw, 1024px\" \/><\/figure>\n<\/figure>\n","protected":false},"excerpt":{"rendered":"<p>Una empresa especialitzada realitza els treballs en el 100% de la xarxa de clavegueram per a evitar la proliferaci\u00f3 de paneroles, rosegadors i insectes. L&#8217;Ajuntament de la Vall d\u2019Uix\u00f3 ha intensificat la campanya de tractament i control de plagues per les altes temperatures, amb l\u2019objectiu de reduir la proliferaci\u00f3 de rosegadors, paneroles i altres insectes &#8230; <a title=\"L&#8217;Ajuntament de la Vall d&#8217;Uix\u00f3 intensifica els tractaments contra les plagues per la calor.\" class=\"read-more\" href=\"https:\/\/elcafedepipa.com\/index.php\/2025\/06\/25\/lajuntament-de-la-vall-duixo-intensifica-els-tractaments-contra-les-plagues-per-la-calor\/\" aria-label=\"M\u00e9s informaci\u00f3 sobre L&#8217;Ajuntament de la Vall d&#8217;Uix\u00f3 intensifica els tractaments contra les plagues per la calor.\">Read more<\/a><\/p>\n","protected":false},"author":2,"featured_media":15126,"comment_status":"closed","ping_status":"closed","sticky":false,"template":"","format":"standard","meta":{"om_disable_all_campaigns":false,"_monsterinsights_skip_tracking":false,"_monsterinsights_sitenote_active":false,"_monsterinsights_sitenote_note":"","_monsterinsights_sitenote_category":0,"_uf_show_specific_survey":0,"_uf_disable_surveys":false,"footnotes":""},"categories":[2],"tags":[],"class_list":["post-15125","post","type-post","status-publish","format-standard","has-post-thumbnail","hentry","category-lavallduixo"],"_links":{"self":[{"href":"https:\/\/elcafedepipa.com\/index.php\/wp-json\/wp\/v2\/posts\/15125","targetHints":{"allow":["GET"]}}],"collection":[{"href":"https:\/\/elcafedepipa.com\/index.php\/wp-json\/wp\/v2\/posts"}],"about":[{"href":"https:\/\/elcafedepipa.com\/index.php\/wp-json\/wp\/v2\/types\/post"}],"author":[{"embeddable":true,"href":"https:\/\/elcafedepipa.com\/index.php\/wp-json\/wp\/v2\/users\/2"}],"replies":[{"embeddable":true,"href":"https:\/\/elcafedepipa.com\/index.php\/wp-json\/wp\/v2\/comments?post=15125"}],"version-history":[{"count":1,"href":"https:\/\/elcafedepipa.com\/index.php\/wp-json\/wp\/v2\/posts\/15125\/revisions"}],"predecessor-version":[{"id":15128,"href":"https:\/\/elcafedepipa.com\/index.php\/wp-json\/wp\/v2\/posts\/15125\/revisions\/15128"}],"wp:featuredmedia":[{"embeddable":true,"href":"https:\/\/elcafedepipa.com\/index.php\/wp-json\/wp\/v2\/media\/15126"}],"wp:attachment":[{"href":"https:\/\/elcafedepipa.com\/index.php\/wp-json\/wp\/v2\/media?parent=15125"}],"wp:term":[{"taxonomy":"category","embeddable":true,"href":"https:\/\/elcafedepipa.com\/index.php\/wp-json\/wp\/v2\/categories?post=15125"},{"taxonomy":"post_tag","embeddable":true,"href":"https:\/\/elcafedepipa.com\/index.php\/wp-json\/wp\/v2\/tags?post=15125"}],"curies":[{"name":"wp","href":"https:\/\/api.w.org\/{rel}","templated":true}]}}