{"id":15085,"date":"2025-06-23T13:58:50","date_gmt":"2025-06-23T11:58:50","guid":{"rendered":"https:\/\/elcafedepipa.com\/?p=15085"},"modified":"2025-06-23T13:58:51","modified_gmt":"2025-06-23T11:58:51","slug":"record-historic-al-c3v1-es-dispara-la-recollida-separada-de-residus-i-augmenten-un-1185-les-aportacions-als-ecoparcs","status":"publish","type":"post","link":"https:\/\/elcafedepipa.com\/index.php\/2025\/06\/23\/record-historic-al-c3v1-es-dispara-la-recollida-separada-de-residus-i-augmenten-un-1185-les-aportacions-als-ecoparcs\/","title":{"rendered":"R\u00e8cord hist\u00f2ric al C3V1: es dispara la recollida separada de residus i augmenten un 11,85% les aportacions als ecoparcs"},"content":{"rendered":"\n<p><strong>El consorci beneficia 22.773 fam\u00edlies i comer\u00e7os amb 388.619,86 euros en descomptes gr\u00e0cies a la Targeta Verda.<br><\/strong><br><br>El Consorci de Residus C3V1 (Consorci Pal\u00e0ncia Belcaire) ha batut el seu propi r\u00e8cord: en 2024 ha aconseguit augmentar un 11,85 % les tones de residus arreplegats i valoritzats als ecoparcs i ecom\u00f2bils de l\u2019\u00e0rea consorciada. Aquest \u00e8xit ha sigut possible gr\u00e0cies a iniciatives com la Targeta Verda, amb qu\u00e8 el consorci bonifica econ\u00f2micament les fam\u00edlies i comer\u00e7os que dipositen els seus residus a la xarxa d\u2019ecoparcs.<\/p>\n\n\n\n<p>Aquesta fita es tradueix en un increment significatiu en la recollida separada de residus en aquestes instal\u00b7lacions. En total, s\u2019han arreplegat 22.410,60 tones durant el 2024, un augment del 11,85 % respecte a l\u2019any anterior, quan se\u2019n van recollir 20.036,75 tones. S\u00f3n xifres de r\u00e8cord que no nom\u00e9s parlen de residus, sin\u00f3 de comprom\u00eds, consci\u00e8ncia col\u00b7lectiva i d\u2019una gesti\u00f3 que premia el bon comportament ambiental de la ciutadania.<\/p>\n\n\n\n<p>La responsabilitat ciutadana amb la separaci\u00f3 de residus ha assolit xifres hist\u00f2riques a l\u2019\u00e0rea del C3V1. En 2024, un total de 22.773 fam\u00edlies i comer\u00e7os han participat en el programa de bonificaci\u00f3 de la Targeta Verda, i s\u2019han beneficiat d\u2019un descompte global de 388.619,86 euros en la taxa de tractament de residus.<\/p>\n\n\n\n<p>Amb aquestes xifres damunt la taula, el C3V1 es consolida com referent en la gesti\u00f3 de residus a la Comunitat Valenciana, demostrant que \u00e9s possible combinar efici\u00e8ncia, sostenibilitat i comprom\u00eds amb el medi ambient.<\/p>\n\n\n\n<p>La presidenta del consorci i alcaldessa de Segorbe, M\u00aa Carmen Climent, ha destacat que aquestes dades \u201creflecteixen un treball rigor\u00f3s en la gesti\u00f3 dels residus i una ciutadania compromesa, responsable i activa en la millora del seu entorn\u201d. A m\u00e9s, ha reafirmat l\u2019aposta per un model d\u2019economia circular que recompensa directament qui m\u00e9s i millor separa els seus residus.<\/p>\n\n\n\n<p>L\u2019\u00fas de la Targeta Verda, segons Climent, \u201cno nom\u00e9s representa un benefici econ\u00f2mic per a les llars i els comer\u00e7os, sin\u00f3 que tamb\u00e9 enforteix el cam\u00ed cap a un futur m\u00e9s sostenible en les comarques que formen part del C3V1\u201d.<br><br><br><\/p>\n\n\n\n<figure class=\"wp-block-image size-large\"><img fetchpriority=\"high\" decoding=\"async\" width=\"1024\" height=\"457\" src=\"https:\/\/elcafedepipa.com\/wp-content\/uploads\/2025\/06\/Ecoparque-detalle-1024x457.jpg\" alt=\"\" class=\"wp-image-15086\" srcset=\"https:\/\/elcafedepipa.com\/wp-content\/uploads\/2025\/06\/Ecoparque-detalle-1024x457.jpg 1024w, https:\/\/elcafedepipa.com\/wp-content\/uploads\/2025\/06\/Ecoparque-detalle-300x134.jpg 300w, https:\/\/elcafedepipa.com\/wp-content\/uploads\/2025\/06\/Ecoparque-detalle-768x343.jpg 768w, https:\/\/elcafedepipa.com\/wp-content\/uploads\/2025\/06\/Ecoparque-detalle.jpg 1406w\" sizes=\"(max-width: 1024px) 100vw, 1024px\" \/><\/figure>\n","protected":false},"excerpt":{"rendered":"<p>El consorci beneficia 22.773 fam\u00edlies i comer\u00e7os amb 388.619,86 euros en descomptes gr\u00e0cies a la Targeta Verda. El Consorci de Residus C3V1 (Consorci Pal\u00e0ncia Belcaire) ha batut el seu propi r\u00e8cord: en 2024 ha aconseguit augmentar un 11,85 % les tones de residus arreplegats i valoritzats als ecoparcs i ecom\u00f2bils de l\u2019\u00e0rea consorciada. Aquest \u00e8xit &#8230; <a title=\"R\u00e8cord hist\u00f2ric al C3V1: es dispara la recollida separada de residus i augmenten un 11,85% les aportacions als ecoparcs\" class=\"read-more\" href=\"https:\/\/elcafedepipa.com\/index.php\/2025\/06\/23\/record-historic-al-c3v1-es-dispara-la-recollida-separada-de-residus-i-augmenten-un-1185-les-aportacions-als-ecoparcs\/\" aria-label=\"M\u00e9s informaci\u00f3 sobre R\u00e8cord hist\u00f2ric al C3V1: es dispara la recollida separada de residus i augmenten un 11,85% les aportacions als ecoparcs\">Read more<\/a><\/p>\n","protected":false},"author":2,"featured_media":15086,"comment_status":"closed","ping_status":"closed","sticky":false,"template":"","format":"standard","meta":{"om_disable_all_campaigns":false,"_monsterinsights_skip_tracking":false,"_monsterinsights_sitenote_active":false,"_monsterinsights_sitenote_note":"","_monsterinsights_sitenote_category":0,"_uf_show_specific_survey":0,"_uf_disable_surveys":false,"footnotes":""},"categories":[10],"tags":[],"class_list":["post-15085","post","type-post","status-publish","format-standard","has-post-thumbnail","hentry","category-provinciadecastello"],"_links":{"self":[{"href":"https:\/\/elcafedepipa.com\/index.php\/wp-json\/wp\/v2\/posts\/15085","targetHints":{"allow":["GET"]}}],"collection":[{"href":"https:\/\/elcafedepipa.com\/index.php\/wp-json\/wp\/v2\/posts"}],"about":[{"href":"https:\/\/elcafedepipa.com\/index.php\/wp-json\/wp\/v2\/types\/post"}],"author":[{"embeddable":true,"href":"https:\/\/elcafedepipa.com\/index.php\/wp-json\/wp\/v2\/users\/2"}],"replies":[{"embeddable":true,"href":"https:\/\/elcafedepipa.com\/index.php\/wp-json\/wp\/v2\/comments?post=15085"}],"version-history":[{"count":1,"href":"https:\/\/elcafedepipa.com\/index.php\/wp-json\/wp\/v2\/posts\/15085\/revisions"}],"predecessor-version":[{"id":15087,"href":"https:\/\/elcafedepipa.com\/index.php\/wp-json\/wp\/v2\/posts\/15085\/revisions\/15087"}],"wp:featuredmedia":[{"embeddable":true,"href":"https:\/\/elcafedepipa.com\/index.php\/wp-json\/wp\/v2\/media\/15086"}],"wp:attachment":[{"href":"https:\/\/elcafedepipa.com\/index.php\/wp-json\/wp\/v2\/media?parent=15085"}],"wp:term":[{"taxonomy":"category","embeddable":true,"href":"https:\/\/elcafedepipa.com\/index.php\/wp-json\/wp\/v2\/categories?post=15085"},{"taxonomy":"post_tag","embeddable":true,"href":"https:\/\/elcafedepipa.com\/index.php\/wp-json\/wp\/v2\/tags?post=15085"}],"curies":[{"name":"wp","href":"https:\/\/api.w.org\/{rel}","templated":true}]}}