{"id":15081,"date":"2025-06-23T13:48:05","date_gmt":"2025-06-23T11:48:05","guid":{"rendered":"https:\/\/elcafedepipa.com\/?p=15081"},"modified":"2025-06-23T13:48:06","modified_gmt":"2025-06-23T11:48:06","slug":"almenara-celebrara-el-dia-de-lorgull-lgtbi-amb-activitats-a-la-platja-casablanca","status":"publish","type":"post","link":"https:\/\/elcafedepipa.com\/index.php\/2025\/06\/23\/almenara-celebrara-el-dia-de-lorgull-lgtbi-amb-activitats-a-la-platja-casablanca\/","title":{"rendered":"Almenara celebrar\u00e0 el Dia de l&#8217;Orgull LGTBI+ amb activitats a la platja Casablanca."},"content":{"rendered":"\n<p><\/p>\n\n\n\n<p>El dissabte 28 de juny se celebrar\u00e0, amb el lema \u201cPasseig amb Orgull\u201d, el Dia de l\u2019Orgull LGTBI+ a la platja Casablanca d\u2019Almenara amb una s\u00e8rie d\u2019actes organitzats per l\u2019Ajuntament al llarg de la vesprada, dirigits a tots els p\u00fablics.<\/p>\n\n\n\n<p>Les propostes comen\u00e7aran a les 19.00 hores amb la Marxa \u201cPasseig amb Orgull\u201d, que eixir\u00e0 des de la Gola de la Llosa i recorrer\u00e0 la platja Casablanca fins arribar a l\u2019Oficina de Turisme, edifici on s\u2019hissar\u00e0 la bandera de l\u2019Orgull dissenyada per Daniel Quasar. Tot seguit es llegir\u00e0 el manifest del Dia Internacional de l\u2019Orgull LGTBI+. A continuaci\u00f3, comen\u00e7aran diverses activitats amenitzades amb m\u00fasica, que inclouran tallers, pintacares, jocs de fusta, photocall i tamb\u00e9 un refrigeri per a totes les persones assistents.<\/p>\n\n\n\n<p>Paral\u00b7lelament, al p\u00e0rquing del carrer Costa del Sol de la platja Casablanca tindr\u00e0 lloc una nova edici\u00f3 de la Pride Party de Vanity Fit, amb Desir\u00e9e Foncubierta i la col\u00b7laboraci\u00f3 especial de Laura Mabel. L\u2019activitat comen\u00e7ar\u00e0 a les 19.30 hores amb les acreditacions, continuar\u00e0 a les 20.00 hores amb una master class de freestyler i a les 20.30 hores amb la Pride Party Jumper.<\/p>\n\n\n\n<p>Les inscripcions per a participar en la Pride Party tindran un cost de 10 euros i es podran fer a trav\u00e9s del tel\u00e8fon 637 75 39 81 o b\u00e9 pel correu electr\u00f2nic <a>infovanityfit@gmail.com<\/a>. A trav\u00e9s d\u2019aquests canals, tamb\u00e9 es pot obtindre m\u00e9s informaci\u00f3 sobre l\u2019esdeveniment.<\/p>\n\n\n\n<p>Amb aquesta commemoraci\u00f3, l\u2019Ajuntament d\u2019Almenara vol fer una crida a la toler\u00e0ncia, la inclusi\u00f3 i el respecte a la diversitat, aix\u00ed com a la igualtat d\u2019oportunitats i drets per a totes les persones. Al mateix temps, es vol condemnar qualsevol comportament f\u00f2bic i sensibilitzar contra la discriminaci\u00f3 del col\u00b7lectiu LGTBI+, per avan\u00e7ar cap a una societat m\u00e9s lliure i diversa. Finalment, l\u2019acte tamb\u00e9 servir\u00e0 per commemorar el 20\u00e9 aniversari de la Llei del Matrimoni Igualitari a Espanya.<\/p>\n\n\n\n<figure class=\"wp-block-image size-large\"><img fetchpriority=\"high\" decoding=\"async\" width=\"819\" height=\"1024\" src=\"https:\/\/elcafedepipa.com\/wp-content\/uploads\/2025\/06\/CARTELL-DIA-ORGULL-1-819x1024.png\" alt=\"\" class=\"wp-image-15083\" srcset=\"https:\/\/elcafedepipa.com\/wp-content\/uploads\/2025\/06\/CARTELL-DIA-ORGULL-1-819x1024.png 819w, https:\/\/elcafedepipa.com\/wp-content\/uploads\/2025\/06\/CARTELL-DIA-ORGULL-1-240x300.png 240w, https:\/\/elcafedepipa.com\/wp-content\/uploads\/2025\/06\/CARTELL-DIA-ORGULL-1-768x960.png 768w, https:\/\/elcafedepipa.com\/wp-content\/uploads\/2025\/06\/CARTELL-DIA-ORGULL-1.png 1080w\" sizes=\"(max-width: 819px) 100vw, 819px\" \/><\/figure>\n\n\n\n<p><\/p>\n","protected":false},"excerpt":{"rendered":"<p>El dissabte 28 de juny se celebrar\u00e0, amb el lema \u201cPasseig amb Orgull\u201d, el Dia de l\u2019Orgull LGTBI+ a la platja Casablanca d\u2019Almenara amb una s\u00e8rie d\u2019actes organitzats per l\u2019Ajuntament al llarg de la vesprada, dirigits a tots els p\u00fablics. Les propostes comen\u00e7aran a les 19.00 hores amb la Marxa \u201cPasseig amb Orgull\u201d, que eixir\u00e0 &#8230; <a title=\"Almenara celebrar\u00e0 el Dia de l&#8217;Orgull LGTBI+ amb activitats a la platja Casablanca.\" class=\"read-more\" href=\"https:\/\/elcafedepipa.com\/index.php\/2025\/06\/23\/almenara-celebrara-el-dia-de-lorgull-lgtbi-amb-activitats-a-la-platja-casablanca\/\" aria-label=\"M\u00e9s informaci\u00f3 sobre Almenara celebrar\u00e0 el Dia de l&#8217;Orgull LGTBI+ amb activitats a la platja Casablanca.\">Read more<\/a><\/p>\n","protected":false},"author":2,"featured_media":15082,"comment_status":"closed","ping_status":"closed","sticky":false,"template":"","format":"standard","meta":{"om_disable_all_campaigns":false,"_monsterinsights_skip_tracking":false,"_monsterinsights_sitenote_active":false,"_monsterinsights_sitenote_note":"","_monsterinsights_sitenote_category":0,"_uf_show_specific_survey":0,"_uf_disable_surveys":false,"footnotes":""},"categories":[1],"tags":[],"class_list":["post-15081","post","type-post","status-publish","format-standard","has-post-thumbnail","hentry","category-non-classe"],"_links":{"self":[{"href":"https:\/\/elcafedepipa.com\/index.php\/wp-json\/wp\/v2\/posts\/15081","targetHints":{"allow":["GET"]}}],"collection":[{"href":"https:\/\/elcafedepipa.com\/index.php\/wp-json\/wp\/v2\/posts"}],"about":[{"href":"https:\/\/elcafedepipa.com\/index.php\/wp-json\/wp\/v2\/types\/post"}],"author":[{"embeddable":true,"href":"https:\/\/elcafedepipa.com\/index.php\/wp-json\/wp\/v2\/users\/2"}],"replies":[{"embeddable":true,"href":"https:\/\/elcafedepipa.com\/index.php\/wp-json\/wp\/v2\/comments?post=15081"}],"version-history":[{"count":1,"href":"https:\/\/elcafedepipa.com\/index.php\/wp-json\/wp\/v2\/posts\/15081\/revisions"}],"predecessor-version":[{"id":15084,"href":"https:\/\/elcafedepipa.com\/index.php\/wp-json\/wp\/v2\/posts\/15081\/revisions\/15084"}],"wp:featuredmedia":[{"embeddable":true,"href":"https:\/\/elcafedepipa.com\/index.php\/wp-json\/wp\/v2\/media\/15082"}],"wp:attachment":[{"href":"https:\/\/elcafedepipa.com\/index.php\/wp-json\/wp\/v2\/media?parent=15081"}],"wp:term":[{"taxonomy":"category","embeddable":true,"href":"https:\/\/elcafedepipa.com\/index.php\/wp-json\/wp\/v2\/categories?post=15081"},{"taxonomy":"post_tag","embeddable":true,"href":"https:\/\/elcafedepipa.com\/index.php\/wp-json\/wp\/v2\/tags?post=15081"}],"curies":[{"name":"wp","href":"https:\/\/api.w.org\/{rel}","templated":true}]}}