{"id":15075,"date":"2025-06-23T12:57:35","date_gmt":"2025-06-23T10:57:35","guid":{"rendered":"https:\/\/elcafedepipa.com\/?p=15075"},"modified":"2025-06-23T12:59:22","modified_gmt":"2025-06-23T10:59:22","slug":"lajuntament-de-la-vall-duixo-comenca-els-balls-socials-destiu-a-sant-josep-el-4-de-juliol","status":"publish","type":"post","link":"https:\/\/elcafedepipa.com\/index.php\/2025\/06\/23\/lajuntament-de-la-vall-duixo-comenca-els-balls-socials-destiu-a-sant-josep-el-4-de-juliol\/","title":{"rendered":"L&#8217;Ajuntament de la Vall d\u2019Uix\u00f3 comen\u00e7a els balls socials d&#8217;estiu a Sant Josep el 4 de juliol."},"content":{"rendered":"\n<p><strong>Els divendres i dissabtes de juliol i agost se celebraran sessions gratu\u00eftes, la majoria amb m\u00fasica en directe.<br><\/strong><br><br>Els balls socials d\u2019estiu al Paratge de Sant Josep tornen els divendres i dissabtes de juliol i agost. L\u2019Ajuntament de la Vall d\u2019Uix\u00f3 i l\u2019empresa p\u00fablica Emsevall col\u00b7laboren amb l\u2019associaci\u00f3 local Amics del Ball per programar 18 sessions gratu\u00eftes de ball aquest estiu, la majoria d\u2019elles amb m\u00fasica en directe.<\/p>\n\n\n\n<p>La programaci\u00f3 de balls d\u2019estiu comen\u00e7a el divendres 4 de juliol i tots els divendres a les 22.00 hores \u201cconvidem tots els ve\u00efns i ve\u00efnes de la Vall a apropar-se i gaudir del ball i la m\u00fasica en aquest entorn natural\u201d, tal com ha explicat el conseller delegat d\u2019Emsevall, Javier Ferreres. Les sessions comptaran amb m\u00fasica en directe de Roge i N\u00faria, Joaqu\u00edn Sales i Paco Pe\u00f1a.<\/p>\n\n\n\n<p>Ferreres ha assenyalat que abans de cada sessi\u00f3 de ball \u201chi haur\u00e0 taules i cadires disponibles i tamb\u00e9 estar\u00e0 obert el quiosc-cafeteria Ca Cova\u201d. En aquest sentit, ha destacat que la seua reobertura l\u2019estiu passat \u201cha aconseguit que el Paratge de Sant Josep torne a ser un punt de trobada per als ve\u00efns i ve\u00efnes de la Vall\u201d.<\/p>\n\n\n\n<p>A aix\u00f2 tamb\u00e9 contribueix l\u2019organitzaci\u00f3 durant tot l\u2019estiu d\u2019activitats per a tots els p\u00fablics, que s\u2019anunciaran pr\u00f2ximament. En concret, els balls socials \u201cs\u00f3n un espai d\u2019activitat f\u00edsica saludable i de socialitzaci\u00f3, especialment per a les persones majors\u201d. Algunes de les sessions seran tamb\u00e9 esdeveniments especials.<br><br><br><\/p>\n\n\n\n<figure class=\"wp-block-image size-large is-resized\"><img fetchpriority=\"high\" decoding=\"async\" width=\"1024\" height=\"1024\" src=\"https:\/\/elcafedepipa.com\/wp-content\/uploads\/2025\/06\/Javier_Balls-1024x1024.jpeg\" alt=\"\" class=\"wp-image-15076\" style=\"width:795px;height:auto\" srcset=\"https:\/\/elcafedepipa.com\/wp-content\/uploads\/2025\/06\/Javier_Balls-1024x1024.jpeg 1024w, https:\/\/elcafedepipa.com\/wp-content\/uploads\/2025\/06\/Javier_Balls-300x300.jpeg 300w, https:\/\/elcafedepipa.com\/wp-content\/uploads\/2025\/06\/Javier_Balls-150x150.jpeg 150w, https:\/\/elcafedepipa.com\/wp-content\/uploads\/2025\/06\/Javier_Balls-768x768.jpeg 768w, https:\/\/elcafedepipa.com\/wp-content\/uploads\/2025\/06\/Javier_Balls-1536x1536.jpeg 1536w, https:\/\/elcafedepipa.com\/wp-content\/uploads\/2025\/06\/Javier_Balls-700x700.jpeg 700w, https:\/\/elcafedepipa.com\/wp-content\/uploads\/2025\/06\/Javier_Balls-45x45.jpeg 45w, https:\/\/elcafedepipa.com\/wp-content\/uploads\/2025\/06\/Javier_Balls.jpeg 1800w\" sizes=\"(max-width: 1024px) 100vw, 1024px\" \/><\/figure>\n\n\n\n<figure class=\"wp-block-image size-full\"><img decoding=\"async\" width=\"974\" height=\"1007\" src=\"https:\/\/elcafedepipa.com\/wp-content\/uploads\/2025\/06\/Balls-Estiu-2025.jpeg\" alt=\"\" class=\"wp-image-15079\" srcset=\"https:\/\/elcafedepipa.com\/wp-content\/uploads\/2025\/06\/Balls-Estiu-2025.jpeg 974w, https:\/\/elcafedepipa.com\/wp-content\/uploads\/2025\/06\/Balls-Estiu-2025-290x300.jpeg 290w, https:\/\/elcafedepipa.com\/wp-content\/uploads\/2025\/06\/Balls-Estiu-2025-768x794.jpeg 768w\" sizes=\"(max-width: 974px) 100vw, 974px\" \/><\/figure>\n","protected":false},"excerpt":{"rendered":"<p>Els divendres i dissabtes de juliol i agost se celebraran sessions gratu\u00eftes, la majoria amb m\u00fasica en directe. Els balls socials d\u2019estiu al Paratge de Sant Josep tornen els divendres i dissabtes de juliol i agost. L\u2019Ajuntament de la Vall d\u2019Uix\u00f3 i l\u2019empresa p\u00fablica Emsevall col\u00b7laboren amb l\u2019associaci\u00f3 local Amics del Ball per programar 18 &#8230; <a title=\"L&#8217;Ajuntament de la Vall d\u2019Uix\u00f3 comen\u00e7a els balls socials d&#8217;estiu a Sant Josep el 4 de juliol.\" class=\"read-more\" href=\"https:\/\/elcafedepipa.com\/index.php\/2025\/06\/23\/lajuntament-de-la-vall-duixo-comenca-els-balls-socials-destiu-a-sant-josep-el-4-de-juliol\/\" aria-label=\"M\u00e9s informaci\u00f3 sobre L&#8217;Ajuntament de la Vall d\u2019Uix\u00f3 comen\u00e7a els balls socials d&#8217;estiu a Sant Josep el 4 de juliol.\">Read more<\/a><\/p>\n","protected":false},"author":2,"featured_media":15076,"comment_status":"closed","ping_status":"closed","sticky":false,"template":"","format":"standard","meta":{"om_disable_all_campaigns":false,"_monsterinsights_skip_tracking":false,"_monsterinsights_sitenote_active":false,"_monsterinsights_sitenote_note":"","_monsterinsights_sitenote_category":0,"_uf_show_specific_survey":0,"_uf_disable_surveys":false,"footnotes":""},"categories":[2],"tags":[],"class_list":["post-15075","post","type-post","status-publish","format-standard","has-post-thumbnail","hentry","category-lavallduixo"],"_links":{"self":[{"href":"https:\/\/elcafedepipa.com\/index.php\/wp-json\/wp\/v2\/posts\/15075","targetHints":{"allow":["GET"]}}],"collection":[{"href":"https:\/\/elcafedepipa.com\/index.php\/wp-json\/wp\/v2\/posts"}],"about":[{"href":"https:\/\/elcafedepipa.com\/index.php\/wp-json\/wp\/v2\/types\/post"}],"author":[{"embeddable":true,"href":"https:\/\/elcafedepipa.com\/index.php\/wp-json\/wp\/v2\/users\/2"}],"replies":[{"embeddable":true,"href":"https:\/\/elcafedepipa.com\/index.php\/wp-json\/wp\/v2\/comments?post=15075"}],"version-history":[{"count":2,"href":"https:\/\/elcafedepipa.com\/index.php\/wp-json\/wp\/v2\/posts\/15075\/revisions"}],"predecessor-version":[{"id":15080,"href":"https:\/\/elcafedepipa.com\/index.php\/wp-json\/wp\/v2\/posts\/15075\/revisions\/15080"}],"wp:featuredmedia":[{"embeddable":true,"href":"https:\/\/elcafedepipa.com\/index.php\/wp-json\/wp\/v2\/media\/15076"}],"wp:attachment":[{"href":"https:\/\/elcafedepipa.com\/index.php\/wp-json\/wp\/v2\/media?parent=15075"}],"wp:term":[{"taxonomy":"category","embeddable":true,"href":"https:\/\/elcafedepipa.com\/index.php\/wp-json\/wp\/v2\/categories?post=15075"},{"taxonomy":"post_tag","embeddable":true,"href":"https:\/\/elcafedepipa.com\/index.php\/wp-json\/wp\/v2\/tags?post=15075"}],"curies":[{"name":"wp","href":"https:\/\/api.w.org\/{rel}","templated":true}]}}