{"id":15069,"date":"2025-06-22T18:34:49","date_gmt":"2025-06-22T16:34:49","guid":{"rendered":"https:\/\/elcafedepipa.com\/?p=15069"},"modified":"2025-06-22T18:34:50","modified_gmt":"2025-06-22T16:34:50","slug":"el-pspv-acusa-mazon-dasfixiar-les-farmacies-valencianes-amb-impagaments-i-alerta-que-milers-de-persones-podrien-quedar-se-sense-medicaments","status":"publish","type":"post","link":"https:\/\/elcafedepipa.com\/index.php\/2025\/06\/22\/el-pspv-acusa-mazon-dasfixiar-les-farmacies-valencianes-amb-impagaments-i-alerta-que-milers-de-persones-podrien-quedar-se-sense-medicaments\/","title":{"rendered":"El PSPV acusa Maz\u00f3n d\u2019asfixiar les farm\u00e0cies valencianes amb impagaments i alerta que milers de persones podrien quedar-se sense medicaments"},"content":{"rendered":"\n<p>El PSPV-PSOE ha acusat a Carlos Maz\u00f3n d\u2019haver deixat \u201ccaure\u201d la Comunitat Valenciana \u201cal pou de la insolv\u00e8ncia\u201d fins al punt d\u2019estrangular sectors com el de les farm\u00e0cies, que han deixat de cobrar els pagaments mensuals que depenen directament de la Conselleria de Sanitat. El portaveu de Sanitat a les Corts, Rafa Sim\u00f3, ha explicat que \u201cde res ens sorpr\u00e9n aquesta situaci\u00f3 si tenim en compte la pol\u00edtica agressiva de regals fiscals del PP a les grans fortunes i a les empreses energ\u00e8tiques amb beneficis milionaris\u201d.<\/p>\n\n\n\n<p>El parlamentari castellonenc ha recordat que fa dotze anys, l\u2019any 2013, es va viure la mateixa situaci\u00f3. \u201cLa Generalitat va deixar de pagar a les farm\u00e0cies, abocant moltes d\u2019elles a abaixar les persianes fins que el Consell es posara al dia\u201d. \u201cS\u00f3n dos anys diferents, per\u00f2 amb un mateix denominador com\u00fa: el PP estava al capdavant de la Generalitat i ens porten a la mateixa ru\u00efna\u201d, ha remarcat.<\/p>\n\n\n\n<p>\u201cNi la salut, perqu\u00e8 estan posant en risc l\u2019acc\u00e9s als medicaments per part de milers de persones, ni les finances de la Comunitat Valenciana no poden seguir m\u00e9s temps en mans del president del Ventorro\u201d, ha advertit Sim\u00f3. \u201cL\u2019excusa \u00e9s el FLA, diu, per\u00f2 no explica que t\u00e9 m\u00e9s recursos que mai per part del Govern d\u2019Espanya, amb un total que al final del present exercici arribar\u00e0 als quasi 16.000 milions d\u2019euros amb c\u00e0rrec al model de finan\u00e7ament, un 50\u202f% m\u00e9s que amb els governs de Mariano Rajoy\u201d. \u201cSi despr\u00e9s redueixes els ingressos propis i els que tens els destines en coses sup\u00e8rflues, no pots esperar que ning\u00fa vinga a salvar-te per gr\u00e0cia o per pena\u201d.<\/p>\n\n\n\n<p>Per al portaveu de Sanitat, la situaci\u00f3 actual \u201ct\u00e9 el mateix origen que la gesti\u00f3 de la DANA: la incompet\u00e8ncia, la frivolitat i la mala gesti\u00f3 de Maz\u00f3n\u201d. En aquest sentit, ha demanat la convocat\u00f2ria d\u2019eleccions \u201cperqu\u00e8 altres gestors responsables puguen assumir les regnes de les finances valencianes\u201d.<\/p>\n","protected":false},"excerpt":{"rendered":"<p>El PSPV-PSOE ha acusat a Carlos Maz\u00f3n d\u2019haver deixat \u201ccaure\u201d la Comunitat Valenciana \u201cal pou de la insolv\u00e8ncia\u201d fins al punt d\u2019estrangular sectors com el de les farm\u00e0cies, que han deixat de cobrar els pagaments mensuals que depenen directament de la Conselleria de Sanitat. El portaveu de Sanitat a les Corts, Rafa Sim\u00f3, ha explicat &#8230; <a title=\"El PSPV acusa Maz\u00f3n d\u2019asfixiar les farm\u00e0cies valencianes amb impagaments i alerta que milers de persones podrien quedar-se sense medicaments\" class=\"read-more\" href=\"https:\/\/elcafedepipa.com\/index.php\/2025\/06\/22\/el-pspv-acusa-mazon-dasfixiar-les-farmacies-valencianes-amb-impagaments-i-alerta-que-milers-de-persones-podrien-quedar-se-sense-medicaments\/\" aria-label=\"M\u00e9s informaci\u00f3 sobre El PSPV acusa Maz\u00f3n d\u2019asfixiar les farm\u00e0cies valencianes amb impagaments i alerta que milers de persones podrien quedar-se sense medicaments\">Read more<\/a><\/p>\n","protected":false},"author":2,"featured_media":15070,"comment_status":"closed","ping_status":"closed","sticky":false,"template":"","format":"standard","meta":{"om_disable_all_campaigns":false,"_monsterinsights_skip_tracking":false,"_monsterinsights_sitenote_active":false,"_monsterinsights_sitenote_note":"","_monsterinsights_sitenote_category":0,"_uf_show_specific_survey":0,"_uf_disable_surveys":false,"footnotes":""},"categories":[1],"tags":[],"class_list":["post-15069","post","type-post","status-publish","format-standard","has-post-thumbnail","hentry","category-non-classe"],"_links":{"self":[{"href":"https:\/\/elcafedepipa.com\/index.php\/wp-json\/wp\/v2\/posts\/15069","targetHints":{"allow":["GET"]}}],"collection":[{"href":"https:\/\/elcafedepipa.com\/index.php\/wp-json\/wp\/v2\/posts"}],"about":[{"href":"https:\/\/elcafedepipa.com\/index.php\/wp-json\/wp\/v2\/types\/post"}],"author":[{"embeddable":true,"href":"https:\/\/elcafedepipa.com\/index.php\/wp-json\/wp\/v2\/users\/2"}],"replies":[{"embeddable":true,"href":"https:\/\/elcafedepipa.com\/index.php\/wp-json\/wp\/v2\/comments?post=15069"}],"version-history":[{"count":1,"href":"https:\/\/elcafedepipa.com\/index.php\/wp-json\/wp\/v2\/posts\/15069\/revisions"}],"predecessor-version":[{"id":15071,"href":"https:\/\/elcafedepipa.com\/index.php\/wp-json\/wp\/v2\/posts\/15069\/revisions\/15071"}],"wp:featuredmedia":[{"embeddable":true,"href":"https:\/\/elcafedepipa.com\/index.php\/wp-json\/wp\/v2\/media\/15070"}],"wp:attachment":[{"href":"https:\/\/elcafedepipa.com\/index.php\/wp-json\/wp\/v2\/media?parent=15069"}],"wp:term":[{"taxonomy":"category","embeddable":true,"href":"https:\/\/elcafedepipa.com\/index.php\/wp-json\/wp\/v2\/categories?post=15069"},{"taxonomy":"post_tag","embeddable":true,"href":"https:\/\/elcafedepipa.com\/index.php\/wp-json\/wp\/v2\/tags?post=15069"}],"curies":[{"name":"wp","href":"https:\/\/api.w.org\/{rel}","templated":true}]}}