{"id":15066,"date":"2025-06-22T18:31:16","date_gmt":"2025-06-22T16:31:16","guid":{"rendered":"https:\/\/elcafedepipa.com\/?p=15066"},"modified":"2025-06-22T18:31:18","modified_gmt":"2025-06-22T16:31:18","slug":"la-unio-presenta-allegacions-per-a-frenar-les-retallades-del-transvasament-tajo-segura-i-garantir-el-dret-a-laigua-del-regadiu-valencia","status":"publish","type":"post","link":"https:\/\/elcafedepipa.com\/index.php\/2025\/06\/22\/la-unio-presenta-allegacions-per-a-frenar-les-retallades-del-transvasament-tajo-segura-i-garantir-el-dret-a-laigua-del-regadiu-valencia\/","title":{"rendered":"LA UNI\u00d3 presenta al\u00b7legacions per a frenar les retallades del transvasament Tajo-Segura i garantir el dret a l&#8217;aigua del regadiu valenci\u00e0"},"content":{"rendered":"\n<p>La Uni\u00f3 Llauradora i Ramadera ha presentat al\u00b7legacions als documents inicials del proc\u00e9s de planificaci\u00f3 hidrol\u00f2gica 2028-2033 de les conques del Segura i del X\u00faquer, amb un objectiu clar de defensar el regadiu del sud d&#8217;Alacant i els drets hist\u00f2rics d&#8217;aigua dels regants valencians.<\/p>\n\n\n\n<p>Es tracta de l&#8217;Anunci de la Direcci\u00f3 General de l&#8217;Aigua del Ministeri per a la Transici\u00f3 Ecol\u00f2gica i el Repte Demogr\u00e0fic amb el qual s&#8217;inicia el per\u00edode de consulta i informaci\u00f3 p\u00fablica dels documents inicials del proc\u00e9s de planificaci\u00f3 hidrol\u00f2gica (revisi\u00f3 per al cicle 2028-2033) corresponents a les demarcacions hidrogr\u00e0fiques.<\/p>\n\n\n\n<p>L&#8217;organitzaci\u00f3 denuncia en les seues al\u00b7legacions que els plans proposats posen en greu risc el futur del regadiu valenci\u00e0 i suposen un nou pas cap al desmantellament del transvasament Tajo-Segura, una infraestructura essencial per a la superviv\u00e8ncia de milers de llauradors i del teixit socioecon\u00f2mic del sud de la Comunitat Valenciana. En aquest sentit reclama que els nous projectes s&#8217;enfoquen de manera priorit\u00e0ria en la provisi\u00f3 d&#8217;aigua de qualitat i suficient per al sector agr\u00edcola valenci\u00e0.<\/p>\n\n\n\n<p>\u201cNo podem permetre m\u00e9s atacs al transvasament Tajo-Segura ni que es q\u00fcestionen els drets d&#8217;aigua del camp valenci\u00e0. Exigim que es garantisca l&#8217;acc\u00e9s a l&#8217;aigua per a mantindre l&#8217;activitat agr\u00e0ria i l&#8217;economia que d&#8217;ella dep\u00e9n\u201d, declara Carles Peris, secretari general de LA UNI\u00d3.<\/p>\n\n\n\n<p>Els principals motius esgrimits en les 29 al\u00b7legacions presentades per LA UNI\u00d3, es resumeixen en la falta de rigor en la planificaci\u00f3, amb estimacions h\u00eddriques allunyades de la realitat agr\u00edcola del territori. Existeix una abs\u00e8ncia de mesures efectives de reutilitzaci\u00f3 d&#8217;aig\u00fces regenerades, incomplint el Reglament europeu 2020\/741 en la possible vulneraci\u00f3 de la normativa europea i estatal, aix\u00ed com les sent\u00e8ncies del Tribunal de Just\u00edcia de la UE i del Tribunal Suprem espanyol. \u201cNo s&#8217;han incorporat recursos autoritzats, per\u00f2 no utilitzats, com els 16 hm\u00b3 assignats a la Vega Baja i, finalment, en qu\u00e8 el projecte no prioritza l&#8217;\u00fas agr\u00edcola, malgrat ser un sector estrat\u00e8gic i afectat per l&#8217;escassetat h\u00eddrica\u201d, indica LA UNI\u00d3 en les seues al\u00b7legacions.<\/p>\n\n\n\n<p>Les al\u00b7legacions subratllen aix\u00ed mateix que el sector agrari no \u00e9s responsable de la sobreexplotaci\u00f3 estructural de l&#8217;aigua, sin\u00f3 la seua principal v\u00edctima. Aix\u00ed ho reconeix la Recomanaci\u00f3 de la Comissi\u00f3 Europea del 4 de juny de 2025 sobre efici\u00e8ncia h\u00eddrica, que adverteix del risc que suposa per a l&#8217;agricultura l&#8217;escassetat d&#8217;aigua provocada pel canvi clim\u00e0tic.<\/p>\n\n\n\n<p>En conseq\u00fc\u00e8ncia, des de LA UNI\u00d3 s&#8217;ha sol\u00b7licitat en primer lloc la retirada de l&#8217;actual expedient de planificaci\u00f3 per mancar de base legal i t\u00e8cnica suficient. En cas de no acceptar-se aquesta premissa, s&#8217;ha sol\u00b7licitat la incorporaci\u00f3 real i efectiva dels drets h\u00eddrics del regadiu valenci\u00e0 en la planificaci\u00f3 futura i la defensa ferma del transvasament Tajo-Segura com a infraestructura irrenunciable per al sud d&#8217;Alacant.<\/p>\n\n\n\n<p>\u201cEstem parlant del manteniment de milers de fam\u00edlies i de la sobirania aliment\u00e0ria del nostre territori. No permetrem que es deixe morir el camp del sud d&#8217;Alacant i la resta del regadiu valenci\u00e0 per decisions pol\u00edtiques allunyades de la realitat\u201d, conclou LA UNI\u00d3.<\/p>\n","protected":false},"excerpt":{"rendered":"<p>La Uni\u00f3 Llauradora i Ramadera ha presentat al\u00b7legacions als documents inicials del proc\u00e9s de planificaci\u00f3 hidrol\u00f2gica 2028-2033 de les conques del Segura i del X\u00faquer, amb un objectiu clar de defensar el regadiu del sud d&#8217;Alacant i els drets hist\u00f2rics d&#8217;aigua dels regants valencians. Es tracta de l&#8217;Anunci de la Direcci\u00f3 General de l&#8217;Aigua del &#8230; <a title=\"LA UNI\u00d3 presenta al\u00b7legacions per a frenar les retallades del transvasament Tajo-Segura i garantir el dret a l&#8217;aigua del regadiu valenci\u00e0\" class=\"read-more\" href=\"https:\/\/elcafedepipa.com\/index.php\/2025\/06\/22\/la-unio-presenta-allegacions-per-a-frenar-les-retallades-del-transvasament-tajo-segura-i-garantir-el-dret-a-laigua-del-regadiu-valencia\/\" aria-label=\"M\u00e9s informaci\u00f3 sobre LA UNI\u00d3 presenta al\u00b7legacions per a frenar les retallades del transvasament Tajo-Segura i garantir el dret a l&#8217;aigua del regadiu valenci\u00e0\">Read more<\/a><\/p>\n","protected":false},"author":2,"featured_media":15067,"comment_status":"closed","ping_status":"closed","sticky":false,"template":"","format":"standard","meta":{"om_disable_all_campaigns":false,"_monsterinsights_skip_tracking":false,"_monsterinsights_sitenote_active":false,"_monsterinsights_sitenote_note":"","_monsterinsights_sitenote_category":0,"_uf_show_specific_survey":0,"_uf_disable_surveys":false,"footnotes":""},"categories":[1],"tags":[],"class_list":["post-15066","post","type-post","status-publish","format-standard","has-post-thumbnail","hentry","category-non-classe"],"_links":{"self":[{"href":"https:\/\/elcafedepipa.com\/index.php\/wp-json\/wp\/v2\/posts\/15066","targetHints":{"allow":["GET"]}}],"collection":[{"href":"https:\/\/elcafedepipa.com\/index.php\/wp-json\/wp\/v2\/posts"}],"about":[{"href":"https:\/\/elcafedepipa.com\/index.php\/wp-json\/wp\/v2\/types\/post"}],"author":[{"embeddable":true,"href":"https:\/\/elcafedepipa.com\/index.php\/wp-json\/wp\/v2\/users\/2"}],"replies":[{"embeddable":true,"href":"https:\/\/elcafedepipa.com\/index.php\/wp-json\/wp\/v2\/comments?post=15066"}],"version-history":[{"count":1,"href":"https:\/\/elcafedepipa.com\/index.php\/wp-json\/wp\/v2\/posts\/15066\/revisions"}],"predecessor-version":[{"id":15068,"href":"https:\/\/elcafedepipa.com\/index.php\/wp-json\/wp\/v2\/posts\/15066\/revisions\/15068"}],"wp:featuredmedia":[{"embeddable":true,"href":"https:\/\/elcafedepipa.com\/index.php\/wp-json\/wp\/v2\/media\/15067"}],"wp:attachment":[{"href":"https:\/\/elcafedepipa.com\/index.php\/wp-json\/wp\/v2\/media?parent=15066"}],"wp:term":[{"taxonomy":"category","embeddable":true,"href":"https:\/\/elcafedepipa.com\/index.php\/wp-json\/wp\/v2\/categories?post=15066"},{"taxonomy":"post_tag","embeddable":true,"href":"https:\/\/elcafedepipa.com\/index.php\/wp-json\/wp\/v2\/tags?post=15066"}],"curies":[{"name":"wp","href":"https:\/\/api.w.org\/{rel}","templated":true}]}}