{"id":15061,"date":"2025-06-22T18:28:13","date_gmt":"2025-06-22T16:28:13","guid":{"rendered":"https:\/\/elcafedepipa.com\/?p=15061"},"modified":"2025-06-22T18:28:14","modified_gmt":"2025-06-22T16:28:14","slug":"almenara-augmenta-els-punts-de-vigilancia-a-la-platja-casablanca","status":"publish","type":"post","link":"https:\/\/elcafedepipa.com\/index.php\/2025\/06\/22\/almenara-augmenta-els-punts-de-vigilancia-a-la-platja-casablanca\/","title":{"rendered":"Almenara augmenta els punts de vigil\u00e0ncia a la platja Casablanca"},"content":{"rendered":"\n<p><strong>En els tres centres de control estaran disponibles unes polseres identificatives per a xiquets, xiquetes i gent major<\/strong><\/p>\n\n\n\n<p>Fins al 7 de setembre est\u00e0 en marxa a la Platja Casablanca d&#8217;Almenara tot l&#8217;operatiu de vigil\u00e0ncia, salvament i platja accessible del qual s&#8217;encarregar\u00e0 l&#8217;empresa Provita.<\/p>\n\n\n\n<p>La principal novetat d&#8217;enguany ser\u00e0 la instal\u00b7laci\u00f3 d&#8217;un punt de vigil\u00e0ncia nou en la zona de la Gola de la Llosa que anir\u00e0 acompanyat d&#8217;una passarel\u00b7la adaptada enrotllable, per a facilitar l&#8217;acc\u00e9s a les persones amb mobilitat redu\u00efda. Tamb\u00e9 se suma una nova cadira amf\u00edbia en el punt principal de coordinaci\u00f3. D&#8217;aquesta manera s&#8217;ofereixen dos nous espais, a m\u00e9s de la Platja Accessible situada en la Tourist Info, que a m\u00e9s de tots els recursos, compta amb personal especialitzat.<\/p>\n\n\n\n<p>En total estaran operatius 11 socorristes cada dia d&#8217;11 a 20 hores per a prestar vigil\u00e0ncia al llarg dels tres quil\u00f2metres de costa de la Platja Casablanca, fent-ho en 6 torres (cadires) i tres llocs operatius (zones nord, sud i centre en el que es troba el principal), als quals se sumen la Platja Accessible i la Piscina Municipal. A m\u00e9s, l&#8217;operatiu compta amb tots els mitjans necessaris per a les seues tasques (llanxes, motos, sanitaris\u2026)<\/p>\n\n\n\n<p><strong>POLSERES IDENTIFICATIVES<\/strong><\/p>\n\n\n\n<p>Una altra novetat s\u00f3n les polseres identificatives que es podran aconseguir en els tres punts de coordinaci\u00f3 de vigil\u00e0ncia&nbsp; i que estan destinades a xiquets, xiquetes i persones majors. En elles anir\u00e0 el nom i tel\u00e8fon de contacte per si de cas es perden o desorienten a la platja, per a poder localitzar als familiars. A m\u00e9s en cada punt de coordinaci\u00f3 les polseres s\u00f3n d&#8217;un color diferent, per la qual cosa la platja queda segmentada i a l&#8217;hora de localitzar als familiars, se sap en quina zona estaven.<\/p>\n\n\n\n<p>A m\u00e9s, per a la temporada estiuenca, l&#8217;Ajuntament d&#8217;Almenara ha preparat totes les dutxes, Llavapeus, passarel\u00b7les i anivellat les zones de platja perqu\u00e8 tot estiga llest a partir de hui, jornada en el qual comen\u00e7a la temporada d&#8217;estiu.<\/p>\n\n\n\n<p>La regidora de Platges, Alicia Paricio, ha destacat que \u201cun any m\u00e9s comptem amb un gran operatiu que ampliem amb m\u00e9s vigil\u00e0ncia i amb una nova passarel\u00b7la enrotllable i una segona cadira amf\u00edbia seguint amb la nostra intenci\u00f3 d&#8217;a poc a poc anar afegint m\u00e9s espais accessibles a la Platja Casablanca\u201d. A m\u00e9s ha valorat positivament la \u201cnovetat de les polseres identificatives, que ser\u00e0 de gran ajuda\u201d. Finalment ha volgut destacar la labor realitzada des de la Brigada Municipal en el manteniment i posada a punt de la platja.<\/p>\n","protected":false},"excerpt":{"rendered":"<p>En els tres centres de control estaran disponibles unes polseres identificatives per a xiquets, xiquetes i gent major Fins al 7 de setembre est\u00e0 en marxa a la Platja Casablanca d&#8217;Almenara tot l&#8217;operatiu de vigil\u00e0ncia, salvament i platja accessible del qual s&#8217;encarregar\u00e0 l&#8217;empresa Provita. La principal novetat d&#8217;enguany ser\u00e0 la instal\u00b7laci\u00f3 d&#8217;un punt de vigil\u00e0ncia &#8230; <a title=\"Almenara augmenta els punts de vigil\u00e0ncia a la platja Casablanca\" class=\"read-more\" href=\"https:\/\/elcafedepipa.com\/index.php\/2025\/06\/22\/almenara-augmenta-els-punts-de-vigilancia-a-la-platja-casablanca\/\" aria-label=\"M\u00e9s informaci\u00f3 sobre Almenara augmenta els punts de vigil\u00e0ncia a la platja Casablanca\">Read more<\/a><\/p>\n","protected":false},"author":2,"featured_media":15062,"comment_status":"closed","ping_status":"closed","sticky":false,"template":"","format":"standard","meta":{"om_disable_all_campaigns":false,"_monsterinsights_skip_tracking":false,"_monsterinsights_sitenote_active":false,"_monsterinsights_sitenote_note":"","_monsterinsights_sitenote_category":0,"_uf_show_specific_survey":0,"_uf_disable_surveys":false,"footnotes":""},"categories":[5],"tags":[],"class_list":["post-15061","post","type-post","status-publish","format-standard","has-post-thumbnail","hentry","category-almenara"],"_links":{"self":[{"href":"https:\/\/elcafedepipa.com\/index.php\/wp-json\/wp\/v2\/posts\/15061","targetHints":{"allow":["GET"]}}],"collection":[{"href":"https:\/\/elcafedepipa.com\/index.php\/wp-json\/wp\/v2\/posts"}],"about":[{"href":"https:\/\/elcafedepipa.com\/index.php\/wp-json\/wp\/v2\/types\/post"}],"author":[{"embeddable":true,"href":"https:\/\/elcafedepipa.com\/index.php\/wp-json\/wp\/v2\/users\/2"}],"replies":[{"embeddable":true,"href":"https:\/\/elcafedepipa.com\/index.php\/wp-json\/wp\/v2\/comments?post=15061"}],"version-history":[{"count":1,"href":"https:\/\/elcafedepipa.com\/index.php\/wp-json\/wp\/v2\/posts\/15061\/revisions"}],"predecessor-version":[{"id":15063,"href":"https:\/\/elcafedepipa.com\/index.php\/wp-json\/wp\/v2\/posts\/15061\/revisions\/15063"}],"wp:featuredmedia":[{"embeddable":true,"href":"https:\/\/elcafedepipa.com\/index.php\/wp-json\/wp\/v2\/media\/15062"}],"wp:attachment":[{"href":"https:\/\/elcafedepipa.com\/index.php\/wp-json\/wp\/v2\/media?parent=15061"}],"wp:term":[{"taxonomy":"category","embeddable":true,"href":"https:\/\/elcafedepipa.com\/index.php\/wp-json\/wp\/v2\/categories?post=15061"},{"taxonomy":"post_tag","embeddable":true,"href":"https:\/\/elcafedepipa.com\/index.php\/wp-json\/wp\/v2\/tags?post=15061"}],"curies":[{"name":"wp","href":"https:\/\/api.w.org\/{rel}","templated":true}]}}