{"id":15056,"date":"2025-06-22T18:24:18","date_gmt":"2025-06-22T16:24:18","guid":{"rendered":"https:\/\/elcafedepipa.com\/?p=15056"},"modified":"2025-06-22T18:24:19","modified_gmt":"2025-06-22T16:24:19","slug":"tania-banos-torna-a-omplir-la-placa-del-parc-amb-la-celebracio-dels-seus-10-anys-com-a-alcaldessa","status":"publish","type":"post","link":"https:\/\/elcafedepipa.com\/index.php\/2025\/06\/22\/tania-banos-torna-a-omplir-la-placa-del-parc-amb-la-celebracio-dels-seus-10-anys-com-a-alcaldessa\/","title":{"rendered":"Tania Ba\u00f1os torna a omplir la pla\u00e7a del Parc amb la celebraci\u00f3 dels seus 10 anys com a alcaldessa"},"content":{"rendered":"\n<p><strong>En la seua intervenci\u00f3 va anunciar que les obres d&#8217;ampliaci\u00f3 del pol\u00edgon industrial comen\u00e7aran el 2026 per continuar creant feina i transformant la ciutat<\/strong><\/p>\n\n\n\n<p>L&#8217;alcaldessa de la Vall d\u2019Uix\u00f3, Tania Ba\u00f1os, va celebrar en la vesprada de divendres els seus 10 anys com a alcaldessa. En un acte celebrat a la pla\u00e7a del Parc amb m\u00e9s de 400 assistents, va fer balan\u00e7 d&#8217;aquesta d\u00e8cada on ha posat de manifest que ha transformat la ciutat a trav\u00e9s de cinc eixos: ocupaci\u00f3, impuls industrial i econ\u00f2mic, sostenibilitat, urbanisme per a les persones i acci\u00f3 social.<\/p>\n\n\n\n<p>Aquests 10 anys de govern han redu\u00eft el 50% l&#8217;atur i un 60% l&#8217;atur juvenil. El n\u00famero de persones aut\u00f2nomes tamb\u00e9 ha crescut un 5%, fins a superar les 1.900. La reducci\u00f3 del deute municipal ha estat una altra de les claus, ja que s&#8217;han amortitzat m\u00e9s de 20 milions d&#8217;euros i el deute per habitant ha passat de 1.003\u20ac a 375\u20ac.<\/p>\n\n\n\n<p>De la m\u00e0 de la Uni\u00f3 Europea s&#8217;estan executant m\u00e9s de 16 milions d&#8217;euros de fons Next Generation EU, amb inversions \u201chist\u00f2riques\u201d i que \u201ceren un anhel col\u00b7lectiu de la Vall des de fa molts anys\u201d. \u00c9s el cas de l&#8217;ampliaci\u00f3 de l&#8217;edifici de l&#8217;ajuntament, la construcci\u00f3 d&#8217;un museu o l&#8217;excavaci\u00f3 completa del poblat de Sant Josep, entre d&#8217;altres projectes pensats no per a una legislatura, sin\u00f3 per a la propera generaci\u00f3.<\/p>\n\n\n\n<p>Ba\u00f1os ha destacat que  l&#8217;acci\u00f3 de govern aquesta d\u00e8cada s&#8217;ha caracteritzat per \u201ctindre una mirada llarga davant del curt termini en qu\u00e8 la Vall ha viscut durant molts anys\u201d. Aix\u00ed, Ba\u00f1os va reivindicar \u201cl&#8217;ambici\u00f3\u201d i \u201ctenir veu on es prenen les decisions\u201d per impulsar la Vall d\u2019Uix\u00f3 i \u201cque estigui en el seu millor moment\u201d.<\/p>\n\n\n\n<p>El gran anunci va ser el comen\u00e7ament de les obres d&#8217;ampliaci\u00f3 del pol\u00edgon industrial el 2026 \u201cper continuar creant llocs de treball\u201d i que la Vall \u201ccontinu\u00ef sent una ciutat on crear projectes de vida\u201d. En aquest sentit, l&#8217;alcaldessa va remarcar que \u201cde tot all\u00f2 que hem somiat junts com a ciutat encara ens queda el millor per arribar\u201d.<\/p>\n\n\n\n<p>Tamb\u00e9 va confirmar als all\u00ed presents que es presentar\u00e0 a la reelecci\u00f3 com a secret\u00e0ria general del PSPV-PSOE local.  Ba\u00f1os ha assegurat que &#8220;mentre tinga el vostre suport i la vostra for\u00e7a seguir\u00e9 partint-me la cara per transformar la Vall\u201d. A la ciutadania li va dedicar \u201cun immens gr\u00e0cies\u201d perqu\u00e8 sense \u201ctot aix\u00f2 no hauria estat possible\u201d.<\/p>\n\n\n\n<figure class=\"wp-block-image size-large\"><img fetchpriority=\"high\" decoding=\"async\" width=\"1024\" height=\"768\" src=\"https:\/\/elcafedepipa.com\/wp-content\/uploads\/2025\/06\/10_anys_2-1024x768.jpeg\" alt=\"\" class=\"wp-image-15058\" srcset=\"https:\/\/elcafedepipa.com\/wp-content\/uploads\/2025\/06\/10_anys_2-1024x768.jpeg 1024w, https:\/\/elcafedepipa.com\/wp-content\/uploads\/2025\/06\/10_anys_2-300x225.jpeg 300w, https:\/\/elcafedepipa.com\/wp-content\/uploads\/2025\/06\/10_anys_2-768x576.jpeg 768w, https:\/\/elcafedepipa.com\/wp-content\/uploads\/2025\/06\/10_anys_2-1536x1152.jpeg 1536w, https:\/\/elcafedepipa.com\/wp-content\/uploads\/2025\/06\/10_anys_2-2048x1536.jpeg 2048w\" sizes=\"(max-width: 1024px) 100vw, 1024px\" \/><\/figure>\n\n\n\n<figure class=\"wp-block-image size-large\"><img decoding=\"async\" width=\"1024\" height=\"768\" src=\"https:\/\/elcafedepipa.com\/wp-content\/uploads\/2025\/06\/10_anys_3-1024x768.jpeg\" alt=\"\" class=\"wp-image-15059\" srcset=\"https:\/\/elcafedepipa.com\/wp-content\/uploads\/2025\/06\/10_anys_3-1024x768.jpeg 1024w, https:\/\/elcafedepipa.com\/wp-content\/uploads\/2025\/06\/10_anys_3-300x225.jpeg 300w, https:\/\/elcafedepipa.com\/wp-content\/uploads\/2025\/06\/10_anys_3-768x576.jpeg 768w, https:\/\/elcafedepipa.com\/wp-content\/uploads\/2025\/06\/10_anys_3-1536x1152.jpeg 1536w, https:\/\/elcafedepipa.com\/wp-content\/uploads\/2025\/06\/10_anys_3-2048x1536.jpeg 2048w\" sizes=\"(max-width: 1024px) 100vw, 1024px\" \/><\/figure>\n","protected":false},"excerpt":{"rendered":"<p>En la seua intervenci\u00f3 va anunciar que les obres d&#8217;ampliaci\u00f3 del pol\u00edgon industrial comen\u00e7aran el 2026 per continuar creant feina i transformant la ciutat L&#8217;alcaldessa de la Vall d\u2019Uix\u00f3, Tania Ba\u00f1os, va celebrar en la vesprada de divendres els seus 10 anys com a alcaldessa. En un acte celebrat a la pla\u00e7a del Parc amb &#8230; <a title=\"Tania Ba\u00f1os torna a omplir la pla\u00e7a del Parc amb la celebraci\u00f3 dels seus 10 anys com a alcaldessa\" class=\"read-more\" href=\"https:\/\/elcafedepipa.com\/index.php\/2025\/06\/22\/tania-banos-torna-a-omplir-la-placa-del-parc-amb-la-celebracio-dels-seus-10-anys-com-a-alcaldessa\/\" aria-label=\"M\u00e9s informaci\u00f3 sobre Tania Ba\u00f1os torna a omplir la pla\u00e7a del Parc amb la celebraci\u00f3 dels seus 10 anys com a alcaldessa\">Read more<\/a><\/p>\n","protected":false},"author":2,"featured_media":15057,"comment_status":"closed","ping_status":"closed","sticky":false,"template":"","format":"standard","meta":{"om_disable_all_campaigns":false,"_monsterinsights_skip_tracking":false,"_monsterinsights_sitenote_active":false,"_monsterinsights_sitenote_note":"","_monsterinsights_sitenote_category":0,"_uf_show_specific_survey":0,"_uf_disable_surveys":false,"footnotes":""},"categories":[1],"tags":[],"class_list":["post-15056","post","type-post","status-publish","format-standard","has-post-thumbnail","hentry","category-non-classe"],"_links":{"self":[{"href":"https:\/\/elcafedepipa.com\/index.php\/wp-json\/wp\/v2\/posts\/15056","targetHints":{"allow":["GET"]}}],"collection":[{"href":"https:\/\/elcafedepipa.com\/index.php\/wp-json\/wp\/v2\/posts"}],"about":[{"href":"https:\/\/elcafedepipa.com\/index.php\/wp-json\/wp\/v2\/types\/post"}],"author":[{"embeddable":true,"href":"https:\/\/elcafedepipa.com\/index.php\/wp-json\/wp\/v2\/users\/2"}],"replies":[{"embeddable":true,"href":"https:\/\/elcafedepipa.com\/index.php\/wp-json\/wp\/v2\/comments?post=15056"}],"version-history":[{"count":1,"href":"https:\/\/elcafedepipa.com\/index.php\/wp-json\/wp\/v2\/posts\/15056\/revisions"}],"predecessor-version":[{"id":15060,"href":"https:\/\/elcafedepipa.com\/index.php\/wp-json\/wp\/v2\/posts\/15056\/revisions\/15060"}],"wp:featuredmedia":[{"embeddable":true,"href":"https:\/\/elcafedepipa.com\/index.php\/wp-json\/wp\/v2\/media\/15057"}],"wp:attachment":[{"href":"https:\/\/elcafedepipa.com\/index.php\/wp-json\/wp\/v2\/media?parent=15056"}],"wp:term":[{"taxonomy":"category","embeddable":true,"href":"https:\/\/elcafedepipa.com\/index.php\/wp-json\/wp\/v2\/categories?post=15056"},{"taxonomy":"post_tag","embeddable":true,"href":"https:\/\/elcafedepipa.com\/index.php\/wp-json\/wp\/v2\/tags?post=15056"}],"curies":[{"name":"wp","href":"https:\/\/api.w.org\/{rel}","templated":true}]}}