{"id":15038,"date":"2025-06-20T14:29:38","date_gmt":"2025-06-20T12:29:38","guid":{"rendered":"https:\/\/elcafedepipa.com\/?p=15038"},"modified":"2025-06-20T14:29:39","modified_gmt":"2025-06-20T12:29:39","slug":"comencen-les-obres-dampliacio-de-la-futura-graderia-marta-mateos-al-camp-de-futbol-de-la-corona-dalmenara","status":"publish","type":"post","link":"https:\/\/elcafedepipa.com\/index.php\/2025\/06\/20\/comencen-les-obres-dampliacio-de-la-futura-graderia-marta-mateos-al-camp-de-futbol-de-la-corona-dalmenara\/","title":{"rendered":"Comencen les obres d&#8217;ampliaci\u00f3 de la futura graderia Marta Mateos al Camp de Futbol de la Corona d&#8217;Almenara"},"content":{"rendered":"\n<h5 class=\"wp-block-heading\"><strong>L&#8217;actuaci\u00f3, promoguda des de l&#8217;ajuntament, forma part del Pla Impulsa de la Diputaci\u00f3 de Castell\u00f3<\/strong><\/h5>\n\n\n\n<p>L&#8217;Ajuntament d&#8217;Almenara ja ha comen\u00e7at les obres d&#8217;accessibilitat i ampliaci\u00f3 de la graderia del Camp de Futbol de la Corona que portar\u00e0 el nom de la futbolista Marta Mateos, una actuaci\u00f3 que es desenvolupar\u00e0 durant els pr\u00f2xims mesos aprofitant el par\u00e8ntesi estival.<\/p>\n\n\n\n<p>L&#8217;ampliaci\u00f3 de la graderia i la seua dedicat\u00f2ria a la futbolista va ser un comprom\u00eds de l&#8217;equip de govern local, ja que Marta Mateos ha sigut una gran referent del futbol femen\u00ed, amb una impressionant traject\u00f2ria, portant el nom d&#8217;Almenara per tots els llocs.<\/p>\n\n\n\n<p>L&#8217;obra consisteix a ampliar la graderia actual, que passar\u00e0 a disposar de 160 seients amb sostre, millorant tamb\u00e9 l&#8217;accessibilitat, amb una inversi\u00f3 de 40.000 euros. L&#8217;actuaci\u00f3 forma part de les obres sol\u00b7licitades per l&#8217;Ajuntament d&#8217;Almenara per al Pla Impulsa de la Diputaci\u00f3 de Castell\u00f3 2024-2025. L&#8217;obra est\u00e0 inclosa en els pressupostos municipals d&#8217;aquest any 2025.<\/p>\n\n\n\n<p>L&#8217;alcaldessa d&#8217;Almenara, Est\u00edbaliz P\u00e9rez, ha destacat que \u201camb aquesta actuaci\u00f3 continuem millorant les instal\u00b7lacions esportives, en aquest cas el Camp de la Corona, amb l&#8217;ampliaci\u00f3 de la graderia, que portar\u00e0 per nom Marta Mateos, com a reconeixement a la gran traject\u00f2ria de la nostra futbolista d&#8217;Almenara, tal com ens vam comprometre des de l&#8217;equip de govern local\u201d.<\/p>\n\n\n\n<p><\/p>\n\n\n\n<figure class=\"wp-block-gallery has-nested-images columns-default is-cropped wp-block-gallery-1 is-layout-flex wp-block-gallery-is-layout-flex\">\n<figure class=\"wp-block-image size-large\"><img fetchpriority=\"high\" decoding=\"async\" width=\"1024\" height=\"768\" data-id=\"15042\" src=\"https:\/\/elcafedepipa.com\/wp-content\/uploads\/2025\/06\/grada7-1-1024x768.jpg\" alt=\"\" class=\"wp-image-15042\" srcset=\"https:\/\/elcafedepipa.com\/wp-content\/uploads\/2025\/06\/grada7-1-1024x768.jpg 1024w, https:\/\/elcafedepipa.com\/wp-content\/uploads\/2025\/06\/grada7-1-300x225.jpg 300w, https:\/\/elcafedepipa.com\/wp-content\/uploads\/2025\/06\/grada7-1-768x576.jpg 768w, https:\/\/elcafedepipa.com\/wp-content\/uploads\/2025\/06\/grada7-1-1536x1152.jpg 1536w, https:\/\/elcafedepipa.com\/wp-content\/uploads\/2025\/06\/grada7-1.jpg 2048w\" sizes=\"(max-width: 1024px) 100vw, 1024px\" \/><\/figure>\n\n\n\n<figure class=\"wp-block-image size-large\"><img decoding=\"async\" width=\"1024\" height=\"768\" data-id=\"15043\" src=\"https:\/\/elcafedepipa.com\/wp-content\/uploads\/2025\/06\/grada12-1024x768.jpg\" alt=\"\" class=\"wp-image-15043\" srcset=\"https:\/\/elcafedepipa.com\/wp-content\/uploads\/2025\/06\/grada12-1024x768.jpg 1024w, https:\/\/elcafedepipa.com\/wp-content\/uploads\/2025\/06\/grada12-300x225.jpg 300w, https:\/\/elcafedepipa.com\/wp-content\/uploads\/2025\/06\/grada12-768x576.jpg 768w, https:\/\/elcafedepipa.com\/wp-content\/uploads\/2025\/06\/grada12-1536x1152.jpg 1536w, https:\/\/elcafedepipa.com\/wp-content\/uploads\/2025\/06\/grada12.jpg 2048w\" sizes=\"(max-width: 1024px) 100vw, 1024px\" \/><\/figure>\n\n\n\n<figure class=\"wp-block-image size-large\"><img decoding=\"async\" width=\"1024\" height=\"768\" data-id=\"15041\" src=\"https:\/\/elcafedepipa.com\/wp-content\/uploads\/2025\/06\/grada3-1-1024x768.jpg\" alt=\"\" class=\"wp-image-15041\" srcset=\"https:\/\/elcafedepipa.com\/wp-content\/uploads\/2025\/06\/grada3-1-1024x768.jpg 1024w, https:\/\/elcafedepipa.com\/wp-content\/uploads\/2025\/06\/grada3-1-300x225.jpg 300w, https:\/\/elcafedepipa.com\/wp-content\/uploads\/2025\/06\/grada3-1-768x576.jpg 768w, https:\/\/elcafedepipa.com\/wp-content\/uploads\/2025\/06\/grada3-1-1536x1152.jpg 1536w, https:\/\/elcafedepipa.com\/wp-content\/uploads\/2025\/06\/grada3-1.jpg 2048w\" sizes=\"(max-width: 1024px) 100vw, 1024px\" \/><\/figure>\n\n\n\n<figure class=\"wp-block-image size-large\"><img loading=\"lazy\" decoding=\"async\" width=\"1024\" height=\"768\" data-id=\"15044\" src=\"https:\/\/elcafedepipa.com\/wp-content\/uploads\/2025\/06\/grada13-1024x768.jpg\" alt=\"\" class=\"wp-image-15044\" srcset=\"https:\/\/elcafedepipa.com\/wp-content\/uploads\/2025\/06\/grada13-1024x768.jpg 1024w, https:\/\/elcafedepipa.com\/wp-content\/uploads\/2025\/06\/grada13-300x225.jpg 300w, https:\/\/elcafedepipa.com\/wp-content\/uploads\/2025\/06\/grada13-768x576.jpg 768w, https:\/\/elcafedepipa.com\/wp-content\/uploads\/2025\/06\/grada13-1536x1152.jpg 1536w, https:\/\/elcafedepipa.com\/wp-content\/uploads\/2025\/06\/grada13.jpg 2048w\" sizes=\"(max-width: 1024px) 100vw, 1024px\" \/><\/figure>\n<\/figure>\n\n\n\n<p><\/p>\n","protected":false},"excerpt":{"rendered":"<p>L&#8217;actuaci\u00f3, promoguda des de l&#8217;ajuntament, forma part del Pla Impulsa de la Diputaci\u00f3 de Castell\u00f3 L&#8217;Ajuntament d&#8217;Almenara ja ha comen\u00e7at les obres d&#8217;accessibilitat i ampliaci\u00f3 de la graderia del Camp de Futbol de la Corona que portar\u00e0 el nom de la futbolista Marta Mateos, una actuaci\u00f3 que es desenvolupar\u00e0 durant els pr\u00f2xims mesos aprofitant el &#8230; <a title=\"Comencen les obres d&#8217;ampliaci\u00f3 de la futura graderia Marta Mateos al Camp de Futbol de la Corona d&#8217;Almenara\" class=\"read-more\" href=\"https:\/\/elcafedepipa.com\/index.php\/2025\/06\/20\/comencen-les-obres-dampliacio-de-la-futura-graderia-marta-mateos-al-camp-de-futbol-de-la-corona-dalmenara\/\" aria-label=\"M\u00e9s informaci\u00f3 sobre Comencen les obres d&#8217;ampliaci\u00f3 de la futura graderia Marta Mateos al Camp de Futbol de la Corona d&#8217;Almenara\">Read more<\/a><\/p>\n","protected":false},"author":2,"featured_media":15039,"comment_status":"closed","ping_status":"closed","sticky":false,"template":"","format":"standard","meta":{"om_disable_all_campaigns":false,"_monsterinsights_skip_tracking":false,"_monsterinsights_sitenote_active":false,"_monsterinsights_sitenote_note":"","_monsterinsights_sitenote_category":0,"_uf_show_specific_survey":0,"_uf_disable_surveys":false,"footnotes":""},"categories":[1],"tags":[],"class_list":["post-15038","post","type-post","status-publish","format-standard","has-post-thumbnail","hentry","category-non-classe"],"_links":{"self":[{"href":"https:\/\/elcafedepipa.com\/index.php\/wp-json\/wp\/v2\/posts\/15038","targetHints":{"allow":["GET"]}}],"collection":[{"href":"https:\/\/elcafedepipa.com\/index.php\/wp-json\/wp\/v2\/posts"}],"about":[{"href":"https:\/\/elcafedepipa.com\/index.php\/wp-json\/wp\/v2\/types\/post"}],"author":[{"embeddable":true,"href":"https:\/\/elcafedepipa.com\/index.php\/wp-json\/wp\/v2\/users\/2"}],"replies":[{"embeddable":true,"href":"https:\/\/elcafedepipa.com\/index.php\/wp-json\/wp\/v2\/comments?post=15038"}],"version-history":[{"count":1,"href":"https:\/\/elcafedepipa.com\/index.php\/wp-json\/wp\/v2\/posts\/15038\/revisions"}],"predecessor-version":[{"id":15045,"href":"https:\/\/elcafedepipa.com\/index.php\/wp-json\/wp\/v2\/posts\/15038\/revisions\/15045"}],"wp:featuredmedia":[{"embeddable":true,"href":"https:\/\/elcafedepipa.com\/index.php\/wp-json\/wp\/v2\/media\/15039"}],"wp:attachment":[{"href":"https:\/\/elcafedepipa.com\/index.php\/wp-json\/wp\/v2\/media?parent=15038"}],"wp:term":[{"taxonomy":"category","embeddable":true,"href":"https:\/\/elcafedepipa.com\/index.php\/wp-json\/wp\/v2\/categories?post=15038"},{"taxonomy":"post_tag","embeddable":true,"href":"https:\/\/elcafedepipa.com\/index.php\/wp-json\/wp\/v2\/tags?post=15038"}],"curies":[{"name":"wp","href":"https:\/\/api.w.org\/{rel}","templated":true}]}}