{"id":15032,"date":"2025-06-20T14:20:27","date_gmt":"2025-06-20T12:20:27","guid":{"rendered":"https:\/\/elcafedepipa.com\/?p=15032"},"modified":"2025-06-20T14:20:28","modified_gmt":"2025-06-20T12:20:28","slug":"lajuntament-celebra-amb-el-veinat-del-roser-i-la-cova-santa-el-final-de-les-obres-del-cami-de-laigua","status":"publish","type":"post","link":"https:\/\/elcafedepipa.com\/index.php\/2025\/06\/20\/lajuntament-celebra-amb-el-veinat-del-roser-i-la-cova-santa-el-final-de-les-obres-del-cami-de-laigua\/","title":{"rendered":"L\u2019ajuntament celebra amb el ve\u00efnat del Roser i la Cova Santa el final de les obres del Cam\u00ed de l\u2019Aigua"},"content":{"rendered":"\n<p><\/p>\n\n\n\n<p>L\u2019Ajuntament de la Vall d\u2019Uix\u00f3 ha celebrat amb els ve\u00efns i ve\u00efnes del Roser i la Cova Santa el final de les obres del Cam\u00ed de l\u2019Aigua. Un taller de \u2018fanalets\u2019 al centre social i una cercavila pel recorregut rehabilitat han unit grans i menuts.<\/p>\n\n\n\n<p>Aquest projecte ha sigut finan\u00e7at per la Uni\u00f3 Europea a trav\u00e9s dels fons Next Generation EU, amb una inversi\u00f3 d\u20191,4 milions d\u2019euros en dues fases. L\u2019objectiu ha sigut la creaci\u00f3 d\u2019una zona de baixes emissions per a fomentar la mobilitat sostenible, reduir les emissions de CO\u2082, pacificar el tr\u00e0nsit i fer accessible aquest entorn.<\/p>\n\n\n\n<p>Amb aquesta activitat, l\u2019Ajuntament ha volgut agrair l\u2019esfor\u00e7 compartit i la paci\u00e8ncia ve\u00efnal durant la duraci\u00f3 de les obres, que han transformat aquest barri.<\/p>\n\n\n\n<p><\/p>\n\n\n\n<figure class=\"wp-block-image size-large is-resized\"><img fetchpriority=\"high\" decoding=\"async\" width=\"1024\" height=\"768\" src=\"https:\/\/elcafedepipa.com\/wp-content\/uploads\/2025\/06\/roser-2-1024x768.jpeg\" alt=\"\" class=\"wp-image-15034\" style=\"width:639px;height:auto\" srcset=\"https:\/\/elcafedepipa.com\/wp-content\/uploads\/2025\/06\/roser-2-1024x768.jpeg 1024w, https:\/\/elcafedepipa.com\/wp-content\/uploads\/2025\/06\/roser-2-300x225.jpeg 300w, https:\/\/elcafedepipa.com\/wp-content\/uploads\/2025\/06\/roser-2-768x576.jpeg 768w, https:\/\/elcafedepipa.com\/wp-content\/uploads\/2025\/06\/roser-2-1536x1152.jpeg 1536w, https:\/\/elcafedepipa.com\/wp-content\/uploads\/2025\/06\/roser-2.jpeg 1600w\" sizes=\"(max-width: 1024px) 100vw, 1024px\" \/><\/figure>\n\n\n\n<figure class=\"wp-block-image size-large is-resized\"><img decoding=\"async\" width=\"768\" height=\"1024\" src=\"https:\/\/elcafedepipa.com\/wp-content\/uploads\/2025\/06\/roser-1-768x1024.jpeg\" alt=\"\" class=\"wp-image-15035\" style=\"width:511px;height:auto\" srcset=\"https:\/\/elcafedepipa.com\/wp-content\/uploads\/2025\/06\/roser-1-768x1024.jpeg 768w, https:\/\/elcafedepipa.com\/wp-content\/uploads\/2025\/06\/roser-1-225x300.jpeg 225w, https:\/\/elcafedepipa.com\/wp-content\/uploads\/2025\/06\/roser-1-1152x1536.jpeg 1152w, https:\/\/elcafedepipa.com\/wp-content\/uploads\/2025\/06\/roser-1.jpeg 1536w\" sizes=\"(max-width: 768px) 100vw, 768px\" \/><\/figure>\n\n\n\n<figure class=\"wp-block-image size-large is-resized\"><img decoding=\"async\" width=\"1024\" height=\"768\" src=\"https:\/\/elcafedepipa.com\/wp-content\/uploads\/2025\/06\/roser-3-1-1024x768.jpeg\" alt=\"\" class=\"wp-image-15036\" style=\"width:687px;height:auto\" srcset=\"https:\/\/elcafedepipa.com\/wp-content\/uploads\/2025\/06\/roser-3-1-1024x768.jpeg 1024w, https:\/\/elcafedepipa.com\/wp-content\/uploads\/2025\/06\/roser-3-1-300x225.jpeg 300w, https:\/\/elcafedepipa.com\/wp-content\/uploads\/2025\/06\/roser-3-1-768x576.jpeg 768w, https:\/\/elcafedepipa.com\/wp-content\/uploads\/2025\/06\/roser-3-1-1536x1152.jpeg 1536w, https:\/\/elcafedepipa.com\/wp-content\/uploads\/2025\/06\/roser-3-1.jpeg 1600w\" sizes=\"(max-width: 1024px) 100vw, 1024px\" \/><\/figure>\n","protected":false},"excerpt":{"rendered":"<p>L\u2019Ajuntament de la Vall d\u2019Uix\u00f3 ha celebrat amb els ve\u00efns i ve\u00efnes del Roser i la Cova Santa el final de les obres del Cam\u00ed de l\u2019Aigua. Un taller de \u2018fanalets\u2019 al centre social i una cercavila pel recorregut rehabilitat han unit grans i menuts. Aquest projecte ha sigut finan\u00e7at per la Uni\u00f3 Europea a &#8230; <a title=\"L\u2019ajuntament celebra amb el ve\u00efnat del Roser i la Cova Santa el final de les obres del Cam\u00ed de l\u2019Aigua\" class=\"read-more\" href=\"https:\/\/elcafedepipa.com\/index.php\/2025\/06\/20\/lajuntament-celebra-amb-el-veinat-del-roser-i-la-cova-santa-el-final-de-les-obres-del-cami-de-laigua\/\" aria-label=\"M\u00e9s informaci\u00f3 sobre L\u2019ajuntament celebra amb el ve\u00efnat del Roser i la Cova Santa el final de les obres del Cam\u00ed de l\u2019Aigua\">Read more<\/a><\/p>\n","protected":false},"author":2,"featured_media":15033,"comment_status":"closed","ping_status":"closed","sticky":false,"template":"","format":"standard","meta":{"om_disable_all_campaigns":false,"_monsterinsights_skip_tracking":false,"_monsterinsights_sitenote_active":false,"_monsterinsights_sitenote_note":"","_monsterinsights_sitenote_category":0,"_uf_show_specific_survey":0,"_uf_disable_surveys":false,"footnotes":""},"categories":[1],"tags":[],"class_list":["post-15032","post","type-post","status-publish","format-standard","has-post-thumbnail","hentry","category-non-classe"],"_links":{"self":[{"href":"https:\/\/elcafedepipa.com\/index.php\/wp-json\/wp\/v2\/posts\/15032","targetHints":{"allow":["GET"]}}],"collection":[{"href":"https:\/\/elcafedepipa.com\/index.php\/wp-json\/wp\/v2\/posts"}],"about":[{"href":"https:\/\/elcafedepipa.com\/index.php\/wp-json\/wp\/v2\/types\/post"}],"author":[{"embeddable":true,"href":"https:\/\/elcafedepipa.com\/index.php\/wp-json\/wp\/v2\/users\/2"}],"replies":[{"embeddable":true,"href":"https:\/\/elcafedepipa.com\/index.php\/wp-json\/wp\/v2\/comments?post=15032"}],"version-history":[{"count":1,"href":"https:\/\/elcafedepipa.com\/index.php\/wp-json\/wp\/v2\/posts\/15032\/revisions"}],"predecessor-version":[{"id":15037,"href":"https:\/\/elcafedepipa.com\/index.php\/wp-json\/wp\/v2\/posts\/15032\/revisions\/15037"}],"wp:featuredmedia":[{"embeddable":true,"href":"https:\/\/elcafedepipa.com\/index.php\/wp-json\/wp\/v2\/media\/15033"}],"wp:attachment":[{"href":"https:\/\/elcafedepipa.com\/index.php\/wp-json\/wp\/v2\/media?parent=15032"}],"wp:term":[{"taxonomy":"category","embeddable":true,"href":"https:\/\/elcafedepipa.com\/index.php\/wp-json\/wp\/v2\/categories?post=15032"},{"taxonomy":"post_tag","embeddable":true,"href":"https:\/\/elcafedepipa.com\/index.php\/wp-json\/wp\/v2\/tags?post=15032"}],"curies":[{"name":"wp","href":"https:\/\/api.w.org\/{rel}","templated":true}]}}