{"id":15027,"date":"2025-06-20T14:11:06","date_gmt":"2025-06-20T12:11:06","guid":{"rendered":"https:\/\/elcafedepipa.com\/?p=15027"},"modified":"2025-06-20T14:12:30","modified_gmt":"2025-06-20T12:12:30","slug":"els-alcaldes-i-alcaldesses-del-pspv-donen-un-pas-endavant-per-a-liderar-les-agrupacions-locals-en-una-aposta-decidida-per-el-municipalisme-com-a-motor-del-canvi-en-2027","status":"publish","type":"post","link":"https:\/\/elcafedepipa.com\/index.php\/2025\/06\/20\/els-alcaldes-i-alcaldesses-del-pspv-donen-un-pas-endavant-per-a-liderar-les-agrupacions-locals-en-una-aposta-decidida-per-el-municipalisme-com-a-motor-del-canvi-en-2027\/","title":{"rendered":"Els alcaldes i alcaldesses del PSPV donen un pas endavant per a liderar les agrupacions locals en una aposta decidida per el municipalisme com a motor del canvi en 2027"},"content":{"rendered":"\n<h5 class=\"wp-block-heading\"><strong>Els socialistes de Castell\u00f3, encap\u00e7alats per Samuel Falomir, reivindiquen un partit municipalista i carreguen \u201ccontra aquells que s\u2019aprofiten de les nostres sigles en el seu benefici propi\u201d<\/strong><\/h5>\n\n\n\n<p>El PSPV-PSOE de la prov\u00edncia de Castell\u00f3 posa l\u2019accelerador per a acabar el dia 30 de juny la renovaci\u00f3 total de les seues estructures org\u00e0niques amb la proclamaci\u00f3 de les noves executives locals. Unes direccions que venen encap\u00e7alades per nombrosos alcaldes i alcaldesses que han decidit assumir tamb\u00e9 la responsabilitat de liderar les seues organitzacions municipals \u201cper a refor\u00e7ar el municipalisme i preparar des de la base el projecte amb qu\u00e8 el partit vol tornar a liderar les institucions el 2027\u201d.<\/p>\n\n\n\n<p>Aix\u00ed ho ha anunciat aquest mat\u00ed el secretari general provincial, Samuel Falomir, en una roda de premsa celebrada a la seu de Castell\u00f3 de la Plana, on ha reivindicat aquest gest com \u201cuna aposta clara per a capgirar el tauler, reconstruir la connexi\u00f3 amb la ciutadania i recuperar l\u2019orgull de partit\u201d. \u201cSom un moviment decidit per a renovar el partir des de la base per a tornar a guanyar el futur\u201d. Falomir ha posat com a exemple l\u2019alcalde de Vila-real, Jos\u00e9 Benlloch, que opta a la secretaria general local; de les alcaldesses Est\u00edbaliz P\u00e9rez, d\u2019Almenara, i Tania Ba\u00f1os, de la Vall d\u2019Uix\u00f3, que compten amb l\u2019aval un\u00e0nime per a l\u2019elecci\u00f3. \u201cJo tamb\u00e9 done el pas per a liderar de nou el PSPV de l\u2019Alcora despr\u00e9s de set anys\u201d.<\/p>\n\n\n\n<p>El l\u00edder provincial ha volgut deixar clar que aquest moviment no respon a una q\u00fcesti\u00f3 personalista ni t\u00e9 rea a vore amb situaci\u00f3 actual del partit a nivell estatal, sin\u00f3 \u201ca un comprom\u00eds col\u00b7lectiu amb el projecte socialista\u201d. \u201cAnem a defensar el nostre poble per damunt de tot, per\u00f2 tamb\u00e9 anem a defensar el Partit Socialista i els valors pels quals ens vam afiliar\u201d, ha afirmat. Samuel Falomir ha assenyalat que \u201cles executives locals que ara es trien seran claus per a comen\u00e7ar a treballar des de ja en les candidatures de 2027\u201d, amb la mirada posada a \u201cguanyar m\u00e9s alcaldies i recuperar les pol\u00edtiques que milloren la vida de les persones\u201d.<\/p>\n\n\n\n<p>Des de la Vall d\u2019Uix\u00f3, Tania Ba\u00f1os ha afirmat que vol \u201cseguir donant un nou impuls a la nostra ciutat, al projecte socialista i als valors que ens han fet avan\u00e7ar com a societat\u201d. \u201cEls socialistes estem transformant la Vall com mai abans i no anem a permetre que quatre o cinc pocavergonyes tapen l\u2019esfor\u00e7 col\u00b7lectiu de tant\u00edssimes persones\u201d.<\/p>\n\n\n\n<p>Per coher\u00e8ncia pol\u00edtica i de fidelitat als principis, ha subratllat que \u201cdonem la cara en els pitjors moments perqu\u00e8 defensem un partit que ha modernitzat la Vall, la Comunitat Valenciana i Espanya &nbsp;representa la igualtat, la diversitat i la just\u00edcia social\u201d. I ha afegit: \u201cSi alguna cosa hem apr\u00e9s del 2023 \u00e9s que quan ens ha pogut la por o la resignaci\u00f3, hem perdut governs amb alcaldes i alcaldesses que es deixaven la pell. Ara \u00e9s l\u2019hora de defensar, m\u00e9s que mai, els valors del socialisme\u201d.<\/p>\n\n\n\n<p>Per la seua banda, l\u2019alcalde de Vila-real, Jos\u00e9 Benlloch, ha anunciat que es presentar\u00e0 a liderar l\u2019agrupaci\u00f3 local socialista en un moment \u201chist\u00f2ric i decisiu per al partit i per a la societat\u201d. \u201cEstem davant un moment diferent a qualsevol altre que hagem viscut en la hist\u00f2ria del partit. Ja no parlem d\u2019una amena\u00e7a, parlem d\u2019una realitat perversa com que la ultradreta governa ja en alguns municipis i a la Diputaci\u00f3 de Castell\u00f3, i han comen\u00e7at a aplicar la seua agenda pol\u00edtica contra la llengua, la mem\u00f2ria, la diversitat i la democr\u00e0cia\u201d. Contra tot aix\u00f2 es presenta Benlloch, \u201camb la il\u00b7lusi\u00f3 de construir \u201cla nova Vila-real del segle XXI\u201d, conven\u00e7ut que \u201cla millor opci\u00f3 per als meus ve\u00efns i ve\u00efnes continua sent el Partit Socialista\u201d.<\/p>\n\n\n\n<p>Est\u00edbaliz P\u00e9rez, que ha sigut reelegida recentment per unanimitat com a secret\u00e0ria general d\u2019Almenara, ha reivindicat la milit\u00e0ncia i ha carregat contra \u201caquells que s\u2019aprofiten de les nostres sigles en el seu benefici propi\u201d. \u201c\u00c1balos i Cerd\u00e1n no ens representen. Ens representen els milers d\u2019alcaldes i alcaldesses que es deixen la pell cada dia amb l\u2019\u00fanic pagament i la satisfacci\u00f3 que estan fent el correcte, millorar la vida dels seus ve\u00efns i ve\u00efnes\u201d. \u201cEm dec a tota la milit\u00e0ncia que obri la seu, que la neteja, que fa actes i que dona la cara. A ells dec aquest pas i la meua lleialtat\u201d.<\/p>\n\n\n\n<p>\u201cAquesta moviment socialista ja est\u00e0 en marxa i ho donarem tot per a mobilitzar la milit\u00e0ncia i la societat per a fer front als que amenacen la democr\u00e0cia. Reivindiquem la pol\u00edtica pr\u00f2xima, l\u2019orgull de partit i la capacitat transformadora del socialisme des dels ajuntaments\u201d, ha incidit Falomir.<\/p>\n\n\n\n<p>\u201cAquest partit no l\u2019han fundat dictadors, sin\u00f3 treballadors. I ara ens toca a nosaltres continuar la lluita pel seu llegat i pels valors que ens fan ser socialistes\u201d, ha resumit Ba\u00f1os. \u201cObrim un nou temps per al PSPV, des de baix, des del carrer i des de cada agrupaci\u00f3 local per a fer un pa\u00eds millor\u201d.<\/p>\n\n\n\n<figure class=\"wp-block-image size-large\"><img fetchpriority=\"high\" decoding=\"async\" width=\"1024\" height=\"683\" src=\"https:\/\/elcafedepipa.com\/wp-content\/uploads\/2025\/06\/Roda-de-premsa-1-1024x683.jpeg\" alt=\"\" class=\"wp-image-15030\" srcset=\"https:\/\/elcafedepipa.com\/wp-content\/uploads\/2025\/06\/Roda-de-premsa-1-1024x683.jpeg 1024w, https:\/\/elcafedepipa.com\/wp-content\/uploads\/2025\/06\/Roda-de-premsa-1-300x200.jpeg 300w, https:\/\/elcafedepipa.com\/wp-content\/uploads\/2025\/06\/Roda-de-premsa-1-768x512.jpeg 768w, https:\/\/elcafedepipa.com\/wp-content\/uploads\/2025\/06\/Roda-de-premsa-1-1536x1024.jpeg 1536w, https:\/\/elcafedepipa.com\/wp-content\/uploads\/2025\/06\/Roda-de-premsa-1-2048x1366.jpeg 2048w\" sizes=\"(max-width: 1024px) 100vw, 1024px\" \/><\/figure>\n","protected":false},"excerpt":{"rendered":"<p>Els socialistes de Castell\u00f3, encap\u00e7alats per Samuel Falomir, reivindiquen un partit municipalista i carreguen \u201ccontra aquells que s\u2019aprofiten de les nostres sigles en el seu benefici propi\u201d El PSPV-PSOE de la prov\u00edncia de Castell\u00f3 posa l\u2019accelerador per a acabar el dia 30 de juny la renovaci\u00f3 total de les seues estructures org\u00e0niques amb la proclamaci\u00f3 &#8230; <a title=\"Els alcaldes i alcaldesses del PSPV donen un pas endavant per a liderar les agrupacions locals en una aposta decidida per el municipalisme com a motor del canvi en 2027\" class=\"read-more\" href=\"https:\/\/elcafedepipa.com\/index.php\/2025\/06\/20\/els-alcaldes-i-alcaldesses-del-pspv-donen-un-pas-endavant-per-a-liderar-les-agrupacions-locals-en-una-aposta-decidida-per-el-municipalisme-com-a-motor-del-canvi-en-2027\/\" aria-label=\"M\u00e9s informaci\u00f3 sobre Els alcaldes i alcaldesses del PSPV donen un pas endavant per a liderar les agrupacions locals en una aposta decidida per el municipalisme com a motor del canvi en 2027\">Read more<\/a><\/p>\n","protected":false},"author":2,"featured_media":15028,"comment_status":"closed","ping_status":"closed","sticky":false,"template":"","format":"standard","meta":{"om_disable_all_campaigns":false,"_monsterinsights_skip_tracking":false,"_monsterinsights_sitenote_active":false,"_monsterinsights_sitenote_note":"","_monsterinsights_sitenote_category":0,"_uf_show_specific_survey":0,"_uf_disable_surveys":false,"footnotes":""},"categories":[1],"tags":[],"class_list":["post-15027","post","type-post","status-publish","format-standard","has-post-thumbnail","hentry","category-non-classe"],"_links":{"self":[{"href":"https:\/\/elcafedepipa.com\/index.php\/wp-json\/wp\/v2\/posts\/15027","targetHints":{"allow":["GET"]}}],"collection":[{"href":"https:\/\/elcafedepipa.com\/index.php\/wp-json\/wp\/v2\/posts"}],"about":[{"href":"https:\/\/elcafedepipa.com\/index.php\/wp-json\/wp\/v2\/types\/post"}],"author":[{"embeddable":true,"href":"https:\/\/elcafedepipa.com\/index.php\/wp-json\/wp\/v2\/users\/2"}],"replies":[{"embeddable":true,"href":"https:\/\/elcafedepipa.com\/index.php\/wp-json\/wp\/v2\/comments?post=15027"}],"version-history":[{"count":2,"href":"https:\/\/elcafedepipa.com\/index.php\/wp-json\/wp\/v2\/posts\/15027\/revisions"}],"predecessor-version":[{"id":15031,"href":"https:\/\/elcafedepipa.com\/index.php\/wp-json\/wp\/v2\/posts\/15027\/revisions\/15031"}],"wp:featuredmedia":[{"embeddable":true,"href":"https:\/\/elcafedepipa.com\/index.php\/wp-json\/wp\/v2\/media\/15028"}],"wp:attachment":[{"href":"https:\/\/elcafedepipa.com\/index.php\/wp-json\/wp\/v2\/media?parent=15027"}],"wp:term":[{"taxonomy":"category","embeddable":true,"href":"https:\/\/elcafedepipa.com\/index.php\/wp-json\/wp\/v2\/categories?post=15027"},{"taxonomy":"post_tag","embeddable":true,"href":"https:\/\/elcafedepipa.com\/index.php\/wp-json\/wp\/v2\/tags?post=15027"}],"curies":[{"name":"wp","href":"https:\/\/api.w.org\/{rel}","templated":true}]}}