{"id":15023,"date":"2025-06-20T13:37:20","date_gmt":"2025-06-20T11:37:20","guid":{"rendered":"https:\/\/elcafedepipa.com\/?p=15023"},"modified":"2025-06-20T13:37:21","modified_gmt":"2025-06-20T11:37:21","slug":"herminio-serra-denuncia-el-lamentable-estat-en-que-es-troba-la-primera-fase-del-cami-de-laigua-un-any-despres-de-la-seua-finalitzacio","status":"publish","type":"post","link":"https:\/\/elcafedepipa.com\/index.php\/2025\/06\/20\/herminio-serra-denuncia-el-lamentable-estat-en-que-es-troba-la-primera-fase-del-cami-de-laigua-un-any-despres-de-la-seua-finalitzacio\/","title":{"rendered":"Herminio Serra denuncia el lamentable estat en qu\u00e8 es troba la primera fase del Cam\u00ed de l\u2019Aigua un any despr\u00e9s de la seua finalitzaci\u00f3."},"content":{"rendered":"\n<h4 class=\"wp-block-heading\">Serra explica que \u201cel carrer es troba en un estat deplorable, amb una gran quantitat de rajoles trencades, altres mig soltes i altres que han desaparegut\u201d, amb el perill que aix\u00f2 suposa per als ve\u00efns, especialment per a la gent major de la zona.<\/h4>\n\n\n\n<p>El portaveu del Partit Popular a la Vall d\u2019Uix\u00f3, Herminio Serra, ha denunciat el lamentable estat en qu\u00e8 es troba la primera fase del Cam\u00ed de l\u2019Aigua un any despr\u00e9s de la seua remodelaci\u00f3. Serra, alerta sobre els \u201cdesperfectes\u201d i el \u201cmal estat\u201d en qu\u00e8 es troba aquest carrer tan sols un any despr\u00e9s que finalitzaren les obres de remodelaci\u00f3, cosa que considera una \u201caut\u00e8ntica nyapada\u201d. <\/p>\n\n\n\n<p>\u201cAl Partit Popular ens preocupa que una inversi\u00f3 tan important no es conserve com cal. \u00c9s igual d\u2019important executar els projectes per millorar la vida dels ve\u00efns i ve\u00efnes de la Vall, com supervisar-los, perqu\u00e8 no t\u00e9 cap sentit invertir diners en arreglar els carrers si despr\u00e9s no es fa un control de les obres\u201d.<\/p>\n\n\n\n<p>Aix\u00ed de contundent s\u2019ha mostrat Herminio Serra, qui ha alertat sobre els \u201cdesperfectes\u201d i el \u201cmal estat\u201d en qu\u00e8 es troba aquest carrer tan sols un any despr\u00e9s que finalitzaren les obres de remodelaci\u00f3, cosa que ha qualificat com una \u201caut\u00e8ntica nyapada\u201d. \u201c\u00c9s indignant que es gaste una quantitat de diners per arreglar un carrer i que al cap d\u2019un any estiga en unes condicions penoses\u201d.<\/p>\n\n\n\n<p>El portaveu del Grup Municipal del PP ha explicat que \u201cel carrer es troba en un estat deplorable, amb una gran quantitat de rajoles trencades, altres mig soltes i altres que han desaparegut\u201d, amb el perill que aix\u00f2 suposa per als ve\u00efns, especialment per a la gent major de la zona.<\/p>\n\n\n\n<p>Igualment, Herminio Serra ha incidit en la manca de seguretat a la zona, ja que, tal com ha assenyalat el portaveu, \u201chi ha ve\u00efns que, en eixir de casa, poden ser atropellats\u201d. \u201cDes del primer dia hi ha hagut una mala planificaci\u00f3 del tr\u00e0nsit. Demanem a l\u2019alcaldessa que done una soluci\u00f3 definitiva per garantir la seguretat dels ve\u00efns i ve\u00efnes de la Vall\u201d. \u201cVolem solucions reals\u201d, ha afegit Serra.<\/p>\n\n\n\n<p>\u201c\u00c9s important que no s\u2019improvise en mat\u00e8ria de seguretat, tal com hem vist les \u00faltimes setmanes amb l\u2019aparici\u00f3 de blocs de formig\u00f3 que han provocat accidents, i que dies despr\u00e9s han sigut retirats. La seguretat no pot ser un instrument de laboratori\u201d, ha indicat Serra.<\/p>\n\n\n\n<p>Finalment, el portaveu del Grup Municipal del PP a la Vall ha destacat que la falta de cura d\u2019aquest carrer no nom\u00e9s afecta els ve\u00efns i ve\u00efnes, sin\u00f3 que \u201ctransmet un missatge clar sobre la gesti\u00f3 dels nostres recursos p\u00fablics\u201d, ha assenyalat Serra, qui ha insistit dient que \u201c\u00e9s tan important fer les obres com que les obres estiguen ben fetes\u201d.<\/p>\n\n\n\n<p><\/p>\n\n\n\n<figure class=\"wp-block-image size-large is-resized\"><img fetchpriority=\"high\" decoding=\"async\" width=\"1024\" height=\"768\" src=\"https:\/\/elcafedepipa.com\/wp-content\/uploads\/2025\/06\/Baldosas-sueltas-y-rotas-1024x768.jpg\" alt=\"\" class=\"wp-image-15025\" style=\"width:1222px;height:auto\" srcset=\"https:\/\/elcafedepipa.com\/wp-content\/uploads\/2025\/06\/Baldosas-sueltas-y-rotas-1024x768.jpg 1024w, https:\/\/elcafedepipa.com\/wp-content\/uploads\/2025\/06\/Baldosas-sueltas-y-rotas-300x225.jpg 300w, https:\/\/elcafedepipa.com\/wp-content\/uploads\/2025\/06\/Baldosas-sueltas-y-rotas-768x576.jpg 768w, https:\/\/elcafedepipa.com\/wp-content\/uploads\/2025\/06\/Baldosas-sueltas-y-rotas-1536x1152.jpg 1536w, https:\/\/elcafedepipa.com\/wp-content\/uploads\/2025\/06\/Baldosas-sueltas-y-rotas-2048x1536.jpg 2048w\" sizes=\"(max-width: 1024px) 100vw, 1024px\" \/><\/figure>\n\n\n\n<p><\/p>\n","protected":false},"excerpt":{"rendered":"<p>Serra explica que \u201cel carrer es troba en un estat deplorable, amb una gran quantitat de rajoles trencades, altres mig soltes i altres que han desaparegut\u201d, amb el perill que aix\u00f2 suposa per als ve\u00efns, especialment per a la gent major de la zona. El portaveu del Partit Popular a la Vall d\u2019Uix\u00f3, Herminio Serra, &#8230; <a title=\"Herminio Serra denuncia el lamentable estat en qu\u00e8 es troba la primera fase del Cam\u00ed de l\u2019Aigua un any despr\u00e9s de la seua finalitzaci\u00f3.\" class=\"read-more\" href=\"https:\/\/elcafedepipa.com\/index.php\/2025\/06\/20\/herminio-serra-denuncia-el-lamentable-estat-en-que-es-troba-la-primera-fase-del-cami-de-laigua-un-any-despres-de-la-seua-finalitzacio\/\" aria-label=\"M\u00e9s informaci\u00f3 sobre Herminio Serra denuncia el lamentable estat en qu\u00e8 es troba la primera fase del Cam\u00ed de l\u2019Aigua un any despr\u00e9s de la seua finalitzaci\u00f3.\">Read more<\/a><\/p>\n","protected":false},"author":2,"featured_media":15024,"comment_status":"closed","ping_status":"closed","sticky":false,"template":"","format":"standard","meta":{"om_disable_all_campaigns":false,"_monsterinsights_skip_tracking":false,"_monsterinsights_sitenote_active":false,"_monsterinsights_sitenote_note":"","_monsterinsights_sitenote_category":0,"_uf_show_specific_survey":0,"_uf_disable_surveys":false,"footnotes":""},"categories":[1],"tags":[],"class_list":["post-15023","post","type-post","status-publish","format-standard","has-post-thumbnail","hentry","category-non-classe"],"_links":{"self":[{"href":"https:\/\/elcafedepipa.com\/index.php\/wp-json\/wp\/v2\/posts\/15023","targetHints":{"allow":["GET"]}}],"collection":[{"href":"https:\/\/elcafedepipa.com\/index.php\/wp-json\/wp\/v2\/posts"}],"about":[{"href":"https:\/\/elcafedepipa.com\/index.php\/wp-json\/wp\/v2\/types\/post"}],"author":[{"embeddable":true,"href":"https:\/\/elcafedepipa.com\/index.php\/wp-json\/wp\/v2\/users\/2"}],"replies":[{"embeddable":true,"href":"https:\/\/elcafedepipa.com\/index.php\/wp-json\/wp\/v2\/comments?post=15023"}],"version-history":[{"count":1,"href":"https:\/\/elcafedepipa.com\/index.php\/wp-json\/wp\/v2\/posts\/15023\/revisions"}],"predecessor-version":[{"id":15026,"href":"https:\/\/elcafedepipa.com\/index.php\/wp-json\/wp\/v2\/posts\/15023\/revisions\/15026"}],"wp:featuredmedia":[{"embeddable":true,"href":"https:\/\/elcafedepipa.com\/index.php\/wp-json\/wp\/v2\/media\/15024"}],"wp:attachment":[{"href":"https:\/\/elcafedepipa.com\/index.php\/wp-json\/wp\/v2\/media?parent=15023"}],"wp:term":[{"taxonomy":"category","embeddable":true,"href":"https:\/\/elcafedepipa.com\/index.php\/wp-json\/wp\/v2\/categories?post=15023"},{"taxonomy":"post_tag","embeddable":true,"href":"https:\/\/elcafedepipa.com\/index.php\/wp-json\/wp\/v2\/tags?post=15023"}],"curies":[{"name":"wp","href":"https:\/\/api.w.org\/{rel}","templated":true}]}}