{"id":15005,"date":"2025-06-20T11:51:59","date_gmt":"2025-06-20T09:51:59","guid":{"rendered":"https:\/\/elcafedepipa.com\/?p=15005"},"modified":"2025-06-20T11:52:00","modified_gmt":"2025-06-20T09:52:00","slug":"compromis-per-la-vall-denuncia-el-partidisme-dels-comptes-de-carlosmazon-rebrem-079-e-per-habitant","status":"publish","type":"post","link":"https:\/\/elcafedepipa.com\/index.php\/2025\/06\/20\/compromis-per-la-vall-denuncia-el-partidisme-dels-comptes-de-carlosmazon-rebrem-079-e-per-habitant\/","title":{"rendered":"Comprom\u00eds per la Vall denuncia el partidisme dels comptes de CarlosMaz\u00f3n: \u201crebrem 0,79 \u20ac per habitant\u201d"},"content":{"rendered":"\n<h4 class=\"wp-block-heading\">Municipis com Pen\u00edscola, Moncofa, Xilxes o Vall d\u2019Alba, amb ajuntaments del Partit Popular, rebran m\u00e9s de 100 \u20ac per habitant<\/h4>\n\n\n\n<div style=\"height:22px\" aria-hidden=\"true\" class=\"wp-block-spacer\"><\/div>\n\n\n\n<p>\u2018La Vall de l\u2019euro\u2019, aix\u00ed ha titulat Comprom\u00eds per la Vall la seua campanya, que ha presentat este mat\u00ed amb una moneda d\u2019un euro de dos metres. La formaci\u00f3 denuncia aix\u00ed els comptes de la Generalitat Valenciana per al 2025 que \u201cens deixen una inversi\u00f3 per habitant a la Vall de 0,79 \u20ac per persona, una xifra lamentable\u201d. Aix\u00ed ho ha expressat Jorge Marqu\u00e9s, regidor de l\u2019Ajuntament i membre del partit qui tamb\u00e9 ha assenyalat \u201cCarlos Maz\u00f3n, perqu\u00e8 castiga a la gent de la Vall pel simple fet de no governar, com si estigu\u00e9rem en \u00e8poques obscures\u201d.<\/p>\n\n\n\n<div style=\"height:14px\" aria-hidden=\"true\" class=\"wp-block-spacer\"><\/div>\n\n\n\n<p>La coalici\u00f3 ha presentat 5 esmenes als pressupostos d\u2019enguany on es demanen fins a huit inversions \u201cque s\u00f3n completament necess\u00e0ries, perqu\u00e8 la Vall tamb\u00e9 es mereix que l\u2019administraci\u00f3 de la Generalitat responga\u201d. \u201cEntre d\u2019altres, la reforma del CEIP Lleonard Mingarro o l\u2019Assumpci\u00f3, la continuaci\u00f3 dels treballs a la Torre de Benissahat, inversions a la biblioteca municipal, la nova resid\u00e8ncia o que es desenvolupa el Pla Viu d\u2019habitatge p\u00fablic o el Museu de la Pau\u201d, ha explicat l\u2019edil.<\/p>\n\n\n\n<div style=\"height:14px\" aria-hidden=\"true\" class=\"wp-block-spacer\"><\/div>\n\n\n\n<p>Per la seua banda, Fernando Dar\u00f2s, tinent d\u2019alcalde, ha retret a Maz\u00f3n i al Partit Popular el \u201cpartidisme descarat i sense trellat que fan quan governen, castigant a la gent que pensa i vota diferent d&#8217;ells\u201d. El regidor de Serveis Urbans ha volgut llan\u00e7ar tamb\u00e9 dos preguntes: \u201cPer qu\u00e8 els municipis on mana el PP estan dopats d\u2019inversions; i quin \u00e9s el paper d\u2019Herminio Serra dins del seu partit, que \u00e9s incapa\u00e7 de reclamar fons per al seu propi poble\u201d.<\/p>\n\n\n\n<div style=\"height:14px\" aria-hidden=\"true\" class=\"wp-block-spacer\"><\/div>\n\n\n\n<p>La formaci\u00f3 enceta aix\u00ed esta particular campanya on repartiran monedes amb la cara del president de la Generalitat, Carlos Maz\u00f3n i tamb\u00e9 una gr\u00e0fica comparativa de les inversions a diferents pobles de les comarques del nord. Tot, per denunciar els que consideren \u201cels comptes valencians m\u00e9s perjudicials de la hist\u00f2ria per a la Vall\u201d, com ho ha descrit Marques, que ha finalitzat la intervenci\u00f3 reclamant que el Consell deixe de menysprear el nostre poble.<\/p>\n\n\n\n<p><\/p>\n\n\n\n<figure class=\"wp-block-gallery has-nested-images columns-default is-cropped wp-block-gallery-1 is-layout-flex wp-block-gallery-is-layout-flex\">\n<figure class=\"wp-block-image size-large\"><img fetchpriority=\"high\" decoding=\"async\" width=\"1024\" height=\"683\" data-id=\"15020\" src=\"https:\/\/elcafedepipa.com\/wp-content\/uploads\/2025\/06\/IMG_9897-1-1024x683.jpg\" alt=\"\" class=\"wp-image-15020\" srcset=\"https:\/\/elcafedepipa.com\/wp-content\/uploads\/2025\/06\/IMG_9897-1-1024x683.jpg 1024w, https:\/\/elcafedepipa.com\/wp-content\/uploads\/2025\/06\/IMG_9897-1-300x200.jpg 300w, https:\/\/elcafedepipa.com\/wp-content\/uploads\/2025\/06\/IMG_9897-1-768x512.jpg 768w, https:\/\/elcafedepipa.com\/wp-content\/uploads\/2025\/06\/IMG_9897-1-1536x1024.jpg 1536w, https:\/\/elcafedepipa.com\/wp-content\/uploads\/2025\/06\/IMG_9897-1-2048x1365.jpg 2048w\" sizes=\"(max-width: 1024px) 100vw, 1024px\" \/><\/figure>\n<\/figure>\n\n\n\n<figure class=\"wp-block-image size-large\"><img decoding=\"async\" width=\"683\" height=\"1024\" src=\"https:\/\/elcafedepipa.com\/wp-content\/uploads\/2025\/06\/IMG_9940-1-683x1024.jpg\" alt=\"\" class=\"wp-image-15021\" srcset=\"https:\/\/elcafedepipa.com\/wp-content\/uploads\/2025\/06\/IMG_9940-1-683x1024.jpg 683w, https:\/\/elcafedepipa.com\/wp-content\/uploads\/2025\/06\/IMG_9940-1-200x300.jpg 200w, https:\/\/elcafedepipa.com\/wp-content\/uploads\/2025\/06\/IMG_9940-1-768x1152.jpg 768w, https:\/\/elcafedepipa.com\/wp-content\/uploads\/2025\/06\/IMG_9940-1-1024x1536.jpg 1024w, https:\/\/elcafedepipa.com\/wp-content\/uploads\/2025\/06\/IMG_9940-1-1365x2048.jpg 1365w, https:\/\/elcafedepipa.com\/wp-content\/uploads\/2025\/06\/IMG_9940-1-scaled.jpg 1707w\" sizes=\"(max-width: 683px) 100vw, 683px\" \/><\/figure>\n\n\n\n<p><\/p>\n","protected":false},"excerpt":{"rendered":"<p>Municipis com Pen\u00edscola, Moncofa, Xilxes o Vall d\u2019Alba, amb ajuntaments del Partit Popular, rebran m\u00e9s de 100 \u20ac per habitant \u2018La Vall de l\u2019euro\u2019, aix\u00ed ha titulat Comprom\u00eds per la Vall la seua campanya, que ha presentat este mat\u00ed amb una moneda d\u2019un euro de dos metres. La formaci\u00f3 denuncia aix\u00ed els comptes de la &#8230; <a title=\"Comprom\u00eds per la Vall denuncia el partidisme dels comptes de CarlosMaz\u00f3n: \u201crebrem 0,79 \u20ac per habitant\u201d\" class=\"read-more\" href=\"https:\/\/elcafedepipa.com\/index.php\/2025\/06\/20\/compromis-per-la-vall-denuncia-el-partidisme-dels-comptes-de-carlosmazon-rebrem-079-e-per-habitant\/\" aria-label=\"M\u00e9s informaci\u00f3 sobre Comprom\u00eds per la Vall denuncia el partidisme dels comptes de CarlosMaz\u00f3n: \u201crebrem 0,79 \u20ac per habitant\u201d\">Read more<\/a><\/p>\n","protected":false},"author":2,"featured_media":15006,"comment_status":"closed","ping_status":"closed","sticky":false,"template":"","format":"standard","meta":{"om_disable_all_campaigns":false,"_monsterinsights_skip_tracking":false,"_monsterinsights_sitenote_active":false,"_monsterinsights_sitenote_note":"","_monsterinsights_sitenote_category":0,"_uf_show_specific_survey":0,"_uf_disable_surveys":false,"footnotes":""},"categories":[1],"tags":[],"class_list":["post-15005","post","type-post","status-publish","format-standard","has-post-thumbnail","hentry","category-non-classe"],"_links":{"self":[{"href":"https:\/\/elcafedepipa.com\/index.php\/wp-json\/wp\/v2\/posts\/15005","targetHints":{"allow":["GET"]}}],"collection":[{"href":"https:\/\/elcafedepipa.com\/index.php\/wp-json\/wp\/v2\/posts"}],"about":[{"href":"https:\/\/elcafedepipa.com\/index.php\/wp-json\/wp\/v2\/types\/post"}],"author":[{"embeddable":true,"href":"https:\/\/elcafedepipa.com\/index.php\/wp-json\/wp\/v2\/users\/2"}],"replies":[{"embeddable":true,"href":"https:\/\/elcafedepipa.com\/index.php\/wp-json\/wp\/v2\/comments?post=15005"}],"version-history":[{"count":1,"href":"https:\/\/elcafedepipa.com\/index.php\/wp-json\/wp\/v2\/posts\/15005\/revisions"}],"predecessor-version":[{"id":15022,"href":"https:\/\/elcafedepipa.com\/index.php\/wp-json\/wp\/v2\/posts\/15005\/revisions\/15022"}],"wp:featuredmedia":[{"embeddable":true,"href":"https:\/\/elcafedepipa.com\/index.php\/wp-json\/wp\/v2\/media\/15006"}],"wp:attachment":[{"href":"https:\/\/elcafedepipa.com\/index.php\/wp-json\/wp\/v2\/media?parent=15005"}],"wp:term":[{"taxonomy":"category","embeddable":true,"href":"https:\/\/elcafedepipa.com\/index.php\/wp-json\/wp\/v2\/categories?post=15005"},{"taxonomy":"post_tag","embeddable":true,"href":"https:\/\/elcafedepipa.com\/index.php\/wp-json\/wp\/v2\/tags?post=15005"}],"curies":[{"name":"wp","href":"https:\/\/api.w.org\/{rel}","templated":true}]}}