{"id":14981,"date":"2025-06-19T17:09:57","date_gmt":"2025-06-19T15:09:57","guid":{"rendered":"https:\/\/elcafedepipa.com\/?p=14981"},"modified":"2025-06-19T17:09:58","modified_gmt":"2025-06-19T15:09:58","slug":"lajuntament-de-la-vall-duixo-installa-38-panells-solars-per-autoabastir-el-cementiri-municipal","status":"publish","type":"post","link":"https:\/\/elcafedepipa.com\/index.php\/2025\/06\/19\/lajuntament-de-la-vall-duixo-installa-38-panells-solars-per-autoabastir-el-cementiri-municipal\/","title":{"rendered":"L&#8217;Ajuntament de la Vall d&#8217;Uix\u00f3 instal\u00b7la 38 panells solars per autoabastir el Cementiri Municipal"},"content":{"rendered":"\n<p><strong>L&#8217;objectiu \u00e9s tenir m\u00e9s autonomia energ\u00e8tica i mitigar els efectes del canvi clim\u00e0tic<\/strong><\/p>\n\n\n\n<p>L&#8217;Ajuntament de la Vall d&#8217;Uix\u00f3 est\u00e0 fent una aposta decidida per prendre acci\u00f3 contra el canvi clim\u00e0tic des del local. Aix\u00ed, ja estan en funcionament els 38 panells fotovoltaics que s&#8217;han instal\u00b7lat al Cementiri Municipal per al seu autoabastament. A m\u00e9s, els excedents les properes setmanes tamb\u00e9 s&#8217;utilitzaran en altres edificis municipals propers.<\/p>\n\n\n\n<p>El regidor de Transici\u00f3 Ecol\u00f2gica i Medi Ambient, Marc Seguer, i el regidor de Sanitat, Jorge Garc\u00eda, han visitat aquesta instal\u00b7laci\u00f3 que ha suposat una inversi\u00f3 de 15.000 euros per \u201cmitigar els efectes del canvi clim\u00e0tic amb la reducci\u00f3 de les emissions de CO2 a l&#8217;atmosfera\u201d, tal com han explicat.<\/p>\n\n\n\n<p>Els 38 panells fotovoltaics del Cementiri Municipal se sumen a les plaques solars ja instal\u00b7lades per abastir el Mercat Municipal i les Coves de Sant Josep. Amb aquest tipus d&#8217;accions \u201cavancem en la descarbonitzaci\u00f3 i el comprom\u00eds municipal de lluitar contra el canvi clim\u00e0tic a trav\u00e9s de sistemes energ\u00e8tics eficients i sostenibles que a m\u00e9s de cuidar el medi ambient tamb\u00e9 suposen un estalvi\u201d, han destacat.<\/p>\n\n\n\n<p>En aquest sentit, aquest no \u00e9s un projecte a\u00efllat sin\u00f3 que respon al Pla d\u201fAcci\u00f3 pel Clima i les Energies Sostenibles (PACES) que t\u00e9 aprovat l\u201fAjuntament. S&#8217;hi emmarquen tamb\u00e9 accions com els beneficis fiscals per a empreses i vivendes que instal\u00b7lin panells fotovoltaics, amb una reducci\u00f3 del 30% i del 50% de l&#8217;IBI, respectivament.<\/p>\n\n\n\n<p>L&#8217;aposta de l&#8217;Ajuntament per les renovables \u00e9s \u201ctransversal\u201d i respon a l&#8217;objectiu de transformar la Vall d&#8217;Uix\u00f3 en una ciutat m\u00e9s verda, m\u00e9s sostenible i amb m\u00e9s autonomia energ\u00e8tica. Per contra, els regidors han criticat que la Generalitat Valenciana \u201credueixi i elimini l\u00ednies de subvencions per a la instal\u00b7laci\u00f3 de panells solars\u201d i \u201ccree lleis negacionistes del canvi clim\u00e0tic\u201d.<\/p>\n\n\n\n<figure class=\"wp-block-image size-large\"><img fetchpriority=\"high\" decoding=\"async\" width=\"1024\" height=\"768\" src=\"https:\/\/elcafedepipa.com\/wp-content\/uploads\/2025\/06\/paneles-solares-cementerio-2-1024x768.jpeg\" alt=\"\" class=\"wp-image-14983\" srcset=\"https:\/\/elcafedepipa.com\/wp-content\/uploads\/2025\/06\/paneles-solares-cementerio-2-1024x768.jpeg 1024w, https:\/\/elcafedepipa.com\/wp-content\/uploads\/2025\/06\/paneles-solares-cementerio-2-300x225.jpeg 300w, https:\/\/elcafedepipa.com\/wp-content\/uploads\/2025\/06\/paneles-solares-cementerio-2-768x576.jpeg 768w, https:\/\/elcafedepipa.com\/wp-content\/uploads\/2025\/06\/paneles-solares-cementerio-2-1536x1152.jpeg 1536w, https:\/\/elcafedepipa.com\/wp-content\/uploads\/2025\/06\/paneles-solares-cementerio-2.jpeg 2048w\" sizes=\"(max-width: 1024px) 100vw, 1024px\" \/><\/figure>\n","protected":false},"excerpt":{"rendered":"<p>L&#8217;objectiu \u00e9s tenir m\u00e9s autonomia energ\u00e8tica i mitigar els efectes del canvi clim\u00e0tic L&#8217;Ajuntament de la Vall d&#8217;Uix\u00f3 est\u00e0 fent una aposta decidida per prendre acci\u00f3 contra el canvi clim\u00e0tic des del local. Aix\u00ed, ja estan en funcionament els 38 panells fotovoltaics que s&#8217;han instal\u00b7lat al Cementiri Municipal per al seu autoabastament. A m\u00e9s, els &#8230; <a title=\"L&#8217;Ajuntament de la Vall d&#8217;Uix\u00f3 instal\u00b7la 38 panells solars per autoabastir el Cementiri Municipal\" class=\"read-more\" href=\"https:\/\/elcafedepipa.com\/index.php\/2025\/06\/19\/lajuntament-de-la-vall-duixo-installa-38-panells-solars-per-autoabastir-el-cementiri-municipal\/\" aria-label=\"M\u00e9s informaci\u00f3 sobre L&#8217;Ajuntament de la Vall d&#8217;Uix\u00f3 instal\u00b7la 38 panells solars per autoabastir el Cementiri Municipal\">Read more<\/a><\/p>\n","protected":false},"author":2,"featured_media":14982,"comment_status":"closed","ping_status":"closed","sticky":false,"template":"","format":"standard","meta":{"om_disable_all_campaigns":false,"_monsterinsights_skip_tracking":false,"_monsterinsights_sitenote_active":false,"_monsterinsights_sitenote_note":"","_monsterinsights_sitenote_category":0,"_uf_show_specific_survey":0,"_uf_disable_surveys":false,"footnotes":""},"categories":[1],"tags":[],"class_list":["post-14981","post","type-post","status-publish","format-standard","has-post-thumbnail","hentry","category-non-classe"],"_links":{"self":[{"href":"https:\/\/elcafedepipa.com\/index.php\/wp-json\/wp\/v2\/posts\/14981","targetHints":{"allow":["GET"]}}],"collection":[{"href":"https:\/\/elcafedepipa.com\/index.php\/wp-json\/wp\/v2\/posts"}],"about":[{"href":"https:\/\/elcafedepipa.com\/index.php\/wp-json\/wp\/v2\/types\/post"}],"author":[{"embeddable":true,"href":"https:\/\/elcafedepipa.com\/index.php\/wp-json\/wp\/v2\/users\/2"}],"replies":[{"embeddable":true,"href":"https:\/\/elcafedepipa.com\/index.php\/wp-json\/wp\/v2\/comments?post=14981"}],"version-history":[{"count":1,"href":"https:\/\/elcafedepipa.com\/index.php\/wp-json\/wp\/v2\/posts\/14981\/revisions"}],"predecessor-version":[{"id":14984,"href":"https:\/\/elcafedepipa.com\/index.php\/wp-json\/wp\/v2\/posts\/14981\/revisions\/14984"}],"wp:featuredmedia":[{"embeddable":true,"href":"https:\/\/elcafedepipa.com\/index.php\/wp-json\/wp\/v2\/media\/14982"}],"wp:attachment":[{"href":"https:\/\/elcafedepipa.com\/index.php\/wp-json\/wp\/v2\/media?parent=14981"}],"wp:term":[{"taxonomy":"category","embeddable":true,"href":"https:\/\/elcafedepipa.com\/index.php\/wp-json\/wp\/v2\/categories?post=14981"},{"taxonomy":"post_tag","embeddable":true,"href":"https:\/\/elcafedepipa.com\/index.php\/wp-json\/wp\/v2\/tags?post=14981"}],"curies":[{"name":"wp","href":"https:\/\/api.w.org\/{rel}","templated":true}]}}