{"id":14931,"date":"2025-06-17T14:48:39","date_gmt":"2025-06-17T12:48:39","guid":{"rendered":"https:\/\/elcafedepipa.com\/?p=14931"},"modified":"2025-06-17T14:48:41","modified_gmt":"2025-06-17T12:48:41","slug":"el-pspv-acusa-barrachina-de-convertir-el-ple-de-la-diputacio-en-una-trinxera-sense-debats-ni-consensos-amb-el-veto-total-a-les-mocions-de-loposicio","status":"publish","type":"post","link":"https:\/\/elcafedepipa.com\/index.php\/2025\/06\/17\/el-pspv-acusa-barrachina-de-convertir-el-ple-de-la-diputacio-en-una-trinxera-sense-debats-ni-consensos-amb-el-veto-total-a-les-mocions-de-loposicio\/","title":{"rendered":"El PSPV acusa Barrachina de convertir el ple de la Diputaci\u00f3 en una trinxera sense debats ni consensos amb el veto total a les mocions de l\u2019oposici\u00f3"},"content":{"rendered":"\n<p><strong>Falomir acusa la presidenta del PP de convertir el plenari provincial en un escenari de burles i vetos i lamenta que \u201cla veu de milers de castellonencs siga acallada perqu\u00e8 no volen escoltar ni cr\u00edtiques ni propostes\u201d<\/strong><br><br>El grup socialista a la Diputaci\u00f3 de Castell\u00f3 ha alertat aquest dimarts que la \u201cderiva autorit\u00e0ria\u201d del Partit Popular de Marta Barrachina mant\u00e9 \u201csegrestat el debat p\u00fablic\u201d al ple. \u201cLa Presid\u00e8ncia ha instaurat la pr\u00e0ctica de presentar esmenes a la totalitat de forma sistem\u00e0tica contra les iniciatives de l\u2019oposici\u00f3 amb l\u2019\u00fanic objectiu de descafe\u00efnar-les i buidar-les de contingut, per a aix\u00ed deixar-les irreconeixibles o directament fer-les caure per a evitar enfrontar-se a la realitat\u201d, ha afirmat el portaveu socialista, Samuel Falomir. \u201cHa emmordassat i convertit el ple en una trinxera contra l\u2019oposici\u00f3\u201d.<br><br>El diputat socialista ha assenyalat que \u201caquest ab\u00fas autoritari suposa un atropellament al funcionament democr\u00e0tic de les institucions que ens impedeix exercir les funcions que tenim atribu\u00efdes com a grup pol\u00edtic\u201d i ha denunciat que, \u201camb cada moci\u00f3 que se\u2019ns tomba, tamb\u00e9 s\u2019est\u00e0 emmordassant la veu de milers de castellonencs que representem\u201d.<br><br>El cap del grup socialista ha recordat que \u201caquesta situaci\u00f3 ens retrotreu dues d\u00e8cades enrere, quan la poltrona l\u2019ocupava el pare pol\u00edtica de la corrent que va fer Marta Barrachina presidenta, el condemnat Carlos Fabra. I \u00e9s aix\u00ed \u00e9s com hem passat del di\u00e0leg i els consensos de Jos\u00e9 Mart\u00ed a les mofes, a les burles i a la garruleria de Marta Barrachina mentre parla l\u2019oposici\u00f3\u201d, ha lamentat Falomir.<br><br><strong>Veto a la declaraci\u00f3 institucional de Cevisama<br><\/strong>L\u2019\u00faltim exemple d\u2019aquesta actitud censura s\u2019ha vist hui de nou amb el veto de Barrachina a la proposta de declaraci\u00f3 institucional del PSPV en defensa de la continu\u00eftat de la fira Cevisama amb identitat pr\u00f2pia, sense que quede diluida en altres mostres. \u201cMarta Barrachina ha decidit no afrontar el debat i defensar la perman\u00e8ncia de la mostra, com s\u00ed han fet companyes seues. Raons per a no afrontar el debat en t\u00e9, perqu\u00e8 encara no ha complit cap promesa d\u2019ajuda al sector, com la famosa rebaixa de l\u2019IAE\u201d.<br><br>Les altres dues mocions registrades pel grup socialista tampoc han prosperat, tot i n\u00e0ixer del contacte directe amb la ciutadania, com ara el paquet de mesures per a refor\u00e7ar el sector de l\u2019artesania o les demandes d\u2019inversions en infraestructures clau per al desenvolupament futur de la prov\u00edncia.<br><br>\u201cNosaltres no ens resignem i continuarem defensant que es regenere el funcionament del ple perqu\u00e8 la Diputaci\u00f3 no \u00e9s, per molt que vulguen, una sucursal de la seu del PP\u201d, ha advertit Falomir. \u201cVolem una instituci\u00f3 oberta al debat, amb intercanvi d\u2019idees, menys crispaci\u00f3 i m\u00e9s consensos per a millorar la vida de la gent de Castell\u00f3\u201d.<\/p>\n\n\n\n<p><\/p>\n","protected":false},"excerpt":{"rendered":"<p>Falomir acusa la presidenta del PP de convertir el plenari provincial en un escenari de burles i vetos i lamenta que \u201cla veu de milers de castellonencs siga acallada perqu\u00e8 no volen escoltar ni cr\u00edtiques ni propostes\u201d El grup socialista a la Diputaci\u00f3 de Castell\u00f3 ha alertat aquest dimarts que la \u201cderiva autorit\u00e0ria\u201d del Partit &#8230; <a title=\"El PSPV acusa Barrachina de convertir el ple de la Diputaci\u00f3 en una trinxera sense debats ni consensos amb el veto total a les mocions de l\u2019oposici\u00f3\" class=\"read-more\" href=\"https:\/\/elcafedepipa.com\/index.php\/2025\/06\/17\/el-pspv-acusa-barrachina-de-convertir-el-ple-de-la-diputacio-en-una-trinxera-sense-debats-ni-consensos-amb-el-veto-total-a-les-mocions-de-loposicio\/\" aria-label=\"M\u00e9s informaci\u00f3 sobre El PSPV acusa Barrachina de convertir el ple de la Diputaci\u00f3 en una trinxera sense debats ni consensos amb el veto total a les mocions de l\u2019oposici\u00f3\">Read more<\/a><\/p>\n","protected":false},"author":2,"featured_media":14932,"comment_status":"closed","ping_status":"closed","sticky":false,"template":"","format":"standard","meta":{"om_disable_all_campaigns":false,"_monsterinsights_skip_tracking":false,"_monsterinsights_sitenote_active":false,"_monsterinsights_sitenote_note":"","_monsterinsights_sitenote_category":0,"_uf_show_specific_survey":0,"_uf_disable_surveys":false,"footnotes":""},"categories":[10],"tags":[],"class_list":["post-14931","post","type-post","status-publish","format-standard","has-post-thumbnail","hentry","category-provinciadecastello"],"_links":{"self":[{"href":"https:\/\/elcafedepipa.com\/index.php\/wp-json\/wp\/v2\/posts\/14931","targetHints":{"allow":["GET"]}}],"collection":[{"href":"https:\/\/elcafedepipa.com\/index.php\/wp-json\/wp\/v2\/posts"}],"about":[{"href":"https:\/\/elcafedepipa.com\/index.php\/wp-json\/wp\/v2\/types\/post"}],"author":[{"embeddable":true,"href":"https:\/\/elcafedepipa.com\/index.php\/wp-json\/wp\/v2\/users\/2"}],"replies":[{"embeddable":true,"href":"https:\/\/elcafedepipa.com\/index.php\/wp-json\/wp\/v2\/comments?post=14931"}],"version-history":[{"count":1,"href":"https:\/\/elcafedepipa.com\/index.php\/wp-json\/wp\/v2\/posts\/14931\/revisions"}],"predecessor-version":[{"id":14933,"href":"https:\/\/elcafedepipa.com\/index.php\/wp-json\/wp\/v2\/posts\/14931\/revisions\/14933"}],"wp:featuredmedia":[{"embeddable":true,"href":"https:\/\/elcafedepipa.com\/index.php\/wp-json\/wp\/v2\/media\/14932"}],"wp:attachment":[{"href":"https:\/\/elcafedepipa.com\/index.php\/wp-json\/wp\/v2\/media?parent=14931"}],"wp:term":[{"taxonomy":"category","embeddable":true,"href":"https:\/\/elcafedepipa.com\/index.php\/wp-json\/wp\/v2\/categories?post=14931"},{"taxonomy":"post_tag","embeddable":true,"href":"https:\/\/elcafedepipa.com\/index.php\/wp-json\/wp\/v2\/tags?post=14931"}],"curies":[{"name":"wp","href":"https:\/\/api.w.org\/{rel}","templated":true}]}}