{"id":14928,"date":"2025-06-17T14:42:38","date_gmt":"2025-06-17T12:42:38","guid":{"rendered":"https:\/\/elcafedepipa.com\/?p=14928"},"modified":"2025-06-17T14:42:39","modified_gmt":"2025-06-17T12:42:39","slug":"la-diputacio-de-castello-injecta-24-milions-deuros-mes-al-manteniment-i-millora-de-les-carreteres-de-la-provincia","status":"publish","type":"post","link":"https:\/\/elcafedepipa.com\/index.php\/2025\/06\/17\/la-diputacio-de-castello-injecta-24-milions-deuros-mes-al-manteniment-i-millora-de-les-carreteres-de-la-provincia\/","title":{"rendered":"La Diputaci\u00f3 de Castell\u00f3 injecta 2,4 milions d&#8217;euros m\u00e9s al manteniment i millora de les carreteres de la prov\u00edncia"},"content":{"rendered":"\n<p>El ple ordinari corresponent al mes de juny i celebrat este dimarts, ha aprovat per unanimitat la modificaci\u00f3 del contracte destinat al manteniment i conservaci\u00f3 de la xarxa vi\u00e0ria provincial amb la finalitat de continuar vertebrant la prov\u00edncia, acurtar dist\u00e0ncies i contribuir a fixar la poblaci\u00f3 en el territori. Com ha explicat el vicepresident i responsable de l&#8217;\u00e0rea de Cooperaci\u00f3, H\u00e9ctor Folgado, \u201cfem un pas important en un dels pilars fonamentals per a este equip de govern amb el qual treballem en la vertebraci\u00f3 i a donar soluci\u00f3 als problemes estructurals dels nostres municipis\u201d. El vicepresident provincial ha indicat que durant la present legislatura s&#8217;ha aconseguit \u201cm\u00e0xim hist\u00f2ric\u201d en la inversi\u00f3 destinada al Pla Impulsa, aix\u00ed com en el Fons de Cooperaci\u00f3 o la inversi\u00f3 en mat\u00e8ria h\u00eddrica, \u201ci ara elevem la inversi\u00f3 en carreteres amb la finalitat de consolidar la poblaci\u00f3 en el conjunt del territori\u201d, ha expressat.<\/p>\n\n\n\n<p>En eixe sentit, la sessi\u00f3 plen\u00e0ria ha donat llum verda a sumar 800.000 euros en el contracte de manteniment, conservaci\u00f3 i modernitzaci\u00f3 de la xarxa de carreteres, la qual cosa representa un increment del 10% de l&#8217;import previst per a cada anualitat. Aix\u00ed, el contracte passa a 8.800.000 de manera anual fins al 2027, per la qual cosa la inversi\u00f3 prevista en estos tres anys aconseguix els 26,4 milions. Una xifra que permetr\u00e0 superar els 35 milions en la present legislatura.<\/p>\n\n\n\n<p>En l&#8217;aprovaci\u00f3 del pressupost 2025 ja es va incloure l&#8217;increment de 800.000 euros respecte a l&#8217;any anterior. Tamb\u00e9 s&#8217;ha vist incrementat en 400.000 euros la millora de camins rurals i pistes de la m\u00e0 de la creaci\u00f3 d&#8217;una nova l\u00ednia per a vials que no s\u00f3n carreteres i l&#8217;ampliaci\u00f3 del contracte de camins. La partida total per a camins rurals i pistes suma 1.545.000 euros amb el que es milloren les connexions i es continua vertebrant la prov\u00edncia.<\/p>\n\n\n\n<p><strong>Debat de l&#8217;estat de la prov\u00edncia<\/strong><\/p>\n\n\n\n<p>A l&#8217;inici de la sessi\u00f3 plen\u00e0ria, la presidenta de la instituci\u00f3 provincial, Marta Barrachina, ha anunciat la convocat\u00f2ria del Debat de l&#8217;Estat de la Prov\u00edncia amb motiu del segon any de la present legislatura. La dirigent provincial ha informat que la convocat\u00f2ria s&#8217;ha fixat per al dijous 3 de juliol la convocat\u00f2ria en la qual s&#8217;analitzar\u00e0 el segon any de la present legislatura a trav\u00e9s de la participaci\u00f3 i el debat de tots els grups pol\u00edtics que conformen la corporaci\u00f3 provincial.<\/p>\n\n\n\n<p>En un altre orde de coses, el ple ha aprovat la iniciaci\u00f3 de l&#8217;expedient per a la concessi\u00f3 de les distincions en el Dia de la Prov\u00edncia. Unes distincions que s&#8217;entregaran el pr\u00f2xim 26 de setembre en el municipi d&#8217;A\u00edn.<\/p>\n","protected":false},"excerpt":{"rendered":"<p>El ple ordinari corresponent al mes de juny i celebrat este dimarts, ha aprovat per unanimitat la modificaci\u00f3 del contracte destinat al manteniment i conservaci\u00f3 de la xarxa vi\u00e0ria provincial amb la finalitat de continuar vertebrant la prov\u00edncia, acurtar dist\u00e0ncies i contribuir a fixar la poblaci\u00f3 en el territori. Com ha explicat el vicepresident i &#8230; <a title=\"La Diputaci\u00f3 de Castell\u00f3 injecta 2,4 milions d&#8217;euros m\u00e9s al manteniment i millora de les carreteres de la prov\u00edncia\" class=\"read-more\" href=\"https:\/\/elcafedepipa.com\/index.php\/2025\/06\/17\/la-diputacio-de-castello-injecta-24-milions-deuros-mes-al-manteniment-i-millora-de-les-carreteres-de-la-provincia\/\" aria-label=\"M\u00e9s informaci\u00f3 sobre La Diputaci\u00f3 de Castell\u00f3 injecta 2,4 milions d&#8217;euros m\u00e9s al manteniment i millora de les carreteres de la prov\u00edncia\">Read more<\/a><\/p>\n","protected":false},"author":2,"featured_media":14929,"comment_status":"closed","ping_status":"closed","sticky":false,"template":"","format":"standard","meta":{"om_disable_all_campaigns":false,"_monsterinsights_skip_tracking":false,"_monsterinsights_sitenote_active":false,"_monsterinsights_sitenote_note":"","_monsterinsights_sitenote_category":0,"_uf_show_specific_survey":0,"_uf_disable_surveys":false,"footnotes":""},"categories":[10],"tags":[],"class_list":["post-14928","post","type-post","status-publish","format-standard","has-post-thumbnail","hentry","category-provinciadecastello"],"_links":{"self":[{"href":"https:\/\/elcafedepipa.com\/index.php\/wp-json\/wp\/v2\/posts\/14928","targetHints":{"allow":["GET"]}}],"collection":[{"href":"https:\/\/elcafedepipa.com\/index.php\/wp-json\/wp\/v2\/posts"}],"about":[{"href":"https:\/\/elcafedepipa.com\/index.php\/wp-json\/wp\/v2\/types\/post"}],"author":[{"embeddable":true,"href":"https:\/\/elcafedepipa.com\/index.php\/wp-json\/wp\/v2\/users\/2"}],"replies":[{"embeddable":true,"href":"https:\/\/elcafedepipa.com\/index.php\/wp-json\/wp\/v2\/comments?post=14928"}],"version-history":[{"count":1,"href":"https:\/\/elcafedepipa.com\/index.php\/wp-json\/wp\/v2\/posts\/14928\/revisions"}],"predecessor-version":[{"id":14930,"href":"https:\/\/elcafedepipa.com\/index.php\/wp-json\/wp\/v2\/posts\/14928\/revisions\/14930"}],"wp:featuredmedia":[{"embeddable":true,"href":"https:\/\/elcafedepipa.com\/index.php\/wp-json\/wp\/v2\/media\/14929"}],"wp:attachment":[{"href":"https:\/\/elcafedepipa.com\/index.php\/wp-json\/wp\/v2\/media?parent=14928"}],"wp:term":[{"taxonomy":"category","embeddable":true,"href":"https:\/\/elcafedepipa.com\/index.php\/wp-json\/wp\/v2\/categories?post=14928"},{"taxonomy":"post_tag","embeddable":true,"href":"https:\/\/elcafedepipa.com\/index.php\/wp-json\/wp\/v2\/tags?post=14928"}],"curies":[{"name":"wp","href":"https:\/\/api.w.org\/{rel}","templated":true}]}}